{"id":2845,"date":"2020-05-04T12:03:16","date_gmt":"2020-05-04T10:03:16","guid":{"rendered":"https:\/\/blancfestival.com\/?p=2845"},"modified":"2020-05-05T11:47:33","modified_gmt":"2020-05-05T09:47:33","slug":"josep-maria-mir-el-designador-grafico","status":"publish","type":"post","link":"https:\/\/blancfestival.com\/en\/josep-maria-mir-el-designador-grafico\/","title":{"rendered":"Josep Maria Mir, el &#8220;Designador Gr\u00e1fico&#8221;"},"content":{"rendered":"<p>Josep Maria Mir es una figura muy importante del imaginario colectivo del sector del dise\u00f1o. Ha vivido la transici\u00f3n desde los comienzos de la profesi\u00f3n hasta el dise\u00f1o gr\u00e1fico m\u00e1s actual. Ha sido alumno de maestros, como <a href=\"https:\/\/blancfestival.com\/videos\/enric-huguet\/\">Enric Huguet<\/a> y profesor de grandes dise\u00f1adores de la actualidad.<\/p>\n<p>Figura privilegiada que ha vivido la \u00e9poca dorada del dise\u00f1o gr\u00e1fico.<\/p>\n<p>Ra\u00fal Ramos lo entrevista en un &#8220;vermut virtual&#8221; en nuestra cuenta de instagram. Puedes ver la entrevista o leerte el resumen en este art\u00edculo.<\/p>\n<p>&nbsp;<\/p>\n<blockquote class=\"instagram-media\" style=\"background: #FFF; border: 0; border-radius: 3px; box-shadow: 0 0 1px 0 rgba(0,0,0,0.5),0 1px 10px 0 rgba(0,0,0,0.15); margin: 1px; max-width: 600px; min-width: 326px; padding: 0; width: calc(100% - 2px);\" data-instgrm-captioned=\"\" data-instgrm-permalink=\"https:\/\/www.instagram.com\/tv\/B_vOUP-Doh6\/?utm_source=ig_embed&amp;utm_campaign=loading\" data-instgrm-version=\"12\">\n<div style=\"padding: 16px;\">\n<p>&nbsp;<\/p>\n<div style=\"display: flex; flex-direction: row; align-items: center;\">\n<div style=\"background-color: #f4f4f4; border-radius: 50%; flex-grow: 0; height: 40px; margin-right: 14px; width: 40px;\"><\/div>\n<div style=\"display: flex; flex-direction: column; flex-grow: 1; justify-content: center;\">\n<div style=\"background-color: #f4f4f4; border-radius: 4px; flex-grow: 0; height: 14px; margin-bottom: 6px; width: 100px;\"><\/div>\n<div style=\"background-color: #f4f4f4; border-radius: 4px; flex-grow: 0; height: 14px; width: 60px;\"><\/div>\n<\/div>\n<\/div>\n<div style=\"padding: 19% 0;\"><\/div>\n<div style=\"display: block; height: 50px; margin: 0 auto 12px; width: 50px;\"><\/div>\n<div style=\"padding-top: 8px;\">\n<div style=\"color: #3897f0; font-family: Arial,sans-serif; font-size: 14px; font-style: normal; font-weight: 550; line-height: 18px;\">Ver esta publicaci\u00f3n en Instagram<\/div>\n<\/div>\n<div style=\"padding: 12.5% 0;\"><\/div>\n<div style=\"display: flex; flex-direction: row; margin-bottom: 14px; align-items: center;\">\n<div>\n<div style=\"background-color: #f4f4f4; border-radius: 50%; height: 12.5px; width: 12.5px; transform: translateX(0px) translateY(7px);\"><\/div>\n<div style=\"background-color: #f4f4f4; height: 12.5px; transform: rotate(-45deg) translateX(3px) translateY(1px); width: 12.5px; flex-grow: 0; margin-right: 14px; margin-left: 2px;\"><\/div>\n<div style=\"background-color: #f4f4f4; border-radius: 50%; height: 12.5px; width: 12.5px; transform: translateX(9px) translateY(-18px);\"><\/div>\n<\/div>\n<div style=\"margin-left: 8px;\">\n<div style=\"background-color: #f4f4f4; border-radius: 50%; flex-grow: 0; height: 20px; width: 20px;\"><\/div>\n<div style=\"width: 0; height: 0; border-top: 2px solid transparent; border-left: 6px solid #f4f4f4; border-bottom: 2px solid transparent; transform: translateX(16px) translateY(-4px) rotate(30deg);\"><\/div>\n<\/div>\n<div style=\"margin-left: auto;\">\n<div style=\"width: 0px; border-top: 8px solid #F4F4F4; border-right: 8px solid transparent; transform: translateY(16px);\"><\/div>\n<div style=\"background-color: #f4f4f4; flex-grow: 0; height: 12px; width: 16px; transform: translateY(-4px);\"><\/div>\n<div style=\"width: 0; height: 0; border-top: 8px solid #F4F4F4; border-left: 8px solid transparent; transform: translateY(-4px) translateX(8px);\"><\/div>\n<\/div>\n<\/div>\n<p>&nbsp;<\/p>\n<p style=\"margin: 8px 0 0 0; padding: 0 4px;\"><a style=\"color: #000; font-family: Arial,sans-serif; font-size: 14px; font-style: normal; font-weight: normal; line-height: 17px; text-decoration: none; word-wrap: break-word;\" href=\"https:\/\/www.instagram.com\/tv\/B_vOUP-Doh6\/?utm_source=ig_embed&amp;utm_campaign=loading\" target=\"_blank\" rel=\"noopener noreferrer\">Hablamos de dise\u00f1o y de la vida con Josep Maria Mir de Summa Branding. Estrenamos una nueva secci\u00f3n, a medio camino entre conversaci\u00f3n y entrevista.<\/a><\/p>\n<p style=\"color: #c9c8cd; font-family: Arial,sans-serif; font-size: 14px; line-height: 17px; margin-bottom: 0; margin-top: 8px; overflow: hidden; padding: 8px 0 7px; text-align: center; text-overflow: ellipsis; white-space: nowrap;\">Una publicaci\u00f3n compartida de <a style=\"color: #c9c8cd; font-family: Arial,sans-serif; font-size: 14px; font-style: normal; font-weight: normal; line-height: 17px;\" href=\"https:\/\/www.instagram.com\/blancfest\/?utm_source=ig_embed&amp;utm_campaign=loading\" target=\"_blank\" rel=\"noopener noreferrer\"> Blanc!<\/a> (@blancfest) el <time style=\"font-family: Arial,sans-serif; font-size: 14px; line-height: 17px;\" datetime=\"2020-05-03T19:47:22+00:00\">3 May, 2020 a las 12:47 PDT<\/time><\/p>\n<\/div>\n<\/blockquote>\n<p><script async src=\"\/\/www.instagram.com\/embed.js\"><\/script><\/p>\n<h2>\u00bfEran tiempos mejores los 70\u2019s para el dise\u00f1o gr\u00e1fico?<\/h2>\n<p>No lo creo, era tan duro y dif\u00edcil como lo es ahora. Quiz\u00e1s es que hoy en d\u00eda, cuando miramos hacia atr\u00e1s, lo vemos m\u00e1s rom\u00e1ntico, pero al final era una lucha por ganarse la vida, como ahora.<br \/>\nEra un trabajo que estaba comenzando a ser algo. Y una prueba de ello es algo que me pas\u00f3 en una ocasi\u00f3n en que ten\u00eda que renovar el pasaporte. Despu\u00e9s de rellenar y entregar la solicitud, al cabo de un tiempo volv\u00ed a recogerlo y me notificaron que mi pasaporte hab\u00eda sido intervenido por petici\u00f3n del juez por \u201cprofesi\u00f3n sospechosa\u201d. En el campo \u201cProfesi\u00f3n\u201d hab\u00eda puesto \u201cDise\u00f1ador Gr\u00e1fico\u201d<\/p>\n<p>En aqu\u00e9l entonces las cosas estaban empezando, y era mucho m\u00e1s duro de lo que es ahora. Se podr\u00eda hablar de una \u00e9poca dorada, que era m\u00e1s aut\u00e9ntico y bonito, pero no era m\u00e1s que un trabajo, una profesi\u00f3n m\u00e1s. Era toda una aventura\u2026 todo tiene su momento.<\/p>\n<p>&nbsp;<\/p>\n<h2>En el a\u00f1o 1979 visitas el estudio de Milton Glaser en NY, junto a un grupo de dise\u00f1adores, \u00bfc\u00f3mo fue ese encuentro?<\/h2>\n<p>En aquel entonces, formaba parte de la junta del ADG-FAD y nos dio por organizar un viaje a NY. Se hizo una convocatoria y se apuntaron m\u00e1s de 500 personas. En aquel entonces muy pocos hab\u00edan viajado a NY, y el d\u00f3lar nos era favorable, as\u00ed que era un buen momento para hacer el viaje. Tuvimos que fletar varios aviones.<br \/>\nEra la \u00e9poca del I Love NY, y con Milton Glaser tuvimos una buena relaci\u00f3n, que se perpetu\u00f3 con algunas visitas m\u00e1s a Barcelona.<\/p>\n<p>&nbsp;<\/p>\n<h2>\u00bfCu\u00e1l es el color favorito de Josep Maria Mir?<\/h2>\n<p>Muchos hubieran presagiado que la respuesta a esta pregunta ser\u00eda el negro, pero no, es el azul. Aunque en dise\u00f1o gr\u00e1fico, si algo funciona en negro, tambi\u00e9n funciona color.<\/p>\n<p>&nbsp;<\/p>\n<h2>En Blanc! 2019 se encontraron Josep Maria Mir y Oscar Marin\u00e9. Tu con una exposici\u00f3n sobre tu trabajo a lo largo de m\u00e1s de tres d\u00e9cadas, y Oscar con una conferencia en Blanc! \u00bfc\u00f3mo fue ese encuentro?<\/h2>\n<p>Coincidimos en el festival despu\u00e9s de varias d\u00e9cadas intentando quedar. Si no era uno era el otro que al final no pod\u00eda. Incluso conoc\u00ed personalmente antes a su hijo, Pablo Marin\u00e9, que a Marin\u00e9 padre. Fue un buen momento.<\/p>\n<p>&nbsp;<\/p>\n<p><img loading=\"lazy\" decoding=\"async\" width=\"600\" height=\"628\" class=\"alignnone size-full wp-image-2846\" src=\"https:\/\/blancfestival.com\/wp-content\/uploads\/2020\/05\/mi-compi.jpg\" alt=\"Josep Maria Mir con Oscar Marin\u00e9\" srcset=\"https:\/\/blancfestival.com\/wp-content\/uploads\/2020\/05\/mi-compi.jpg 600w, https:\/\/blancfestival.com\/wp-content\/uploads\/2020\/05\/mi-compi-250x262.jpg 250w, https:\/\/blancfestival.com\/wp-content\/uploads\/2020\/05\/mi-compi-120x126.jpg 120w\" sizes=\"auto, (max-width: 600px) 100vw, 600px\" \/><\/p>\n<p>&nbsp;<\/p>\n<h2>El dise\u00f1ador suele ser una persona bastante social \u00bfc\u00f3mo ves el futuro despu\u00e9s de esta \u201cnueva normalidad\u201d?<\/h2>\n<p>Se hace dif\u00edcil imaginar una situaci\u00f3n as\u00ed. Solo el hecho de ir con mascarilla te hace recordar en todo momento que no estamos bien. En Blanc! por ejemplo, cuesta imaginarlo sin personas. Blanc! es ante todo las personas\u2026 y luego est\u00e1 esto de la \u201cnueva normalidad\u201d, que para mi es un disparate. Es m\u00e1s bien una \u201cSub-normalidad\u201d que est\u00e1 por debajo de la \u201cnormalidad\u201d.<\/p>\n<p>El dise\u00f1ador es muy social, se ve en las asociaciones, en las escuelas, son profesionales muy sociales. Siempre he ido a comer o a tomar algo con la competencia\u2026 somos una competencia de amigos, y que elijan ellos, los clientes, con qui\u00e9n se quieren quedar.<\/p>\n<p>&nbsp;<\/p>\n<h2>Hablemos de la Barcelona que dise\u00f1a \u00bfBarcelona vive de la Barcelona del Dise\u00f1o del pasado?<\/h2>\n<p>Antes el foco estaba en Barcelona, pero ahora se est\u00e1n viendo grandes estudios en Madrid, Valencia y sobre todo en Murcia, donde lo tienen mucho m\u00e1s dif\u00edcil al no haber tanta industria como en las grandes ciudades. Aunque es verdad que hoy en d\u00eda se puede trabajar para todo el pa\u00eds y todo el mundo. Pero si es verdad que con un tejido empresarial m\u00e1s cercano es un poco m\u00e1s f\u00e1cil.<\/p>\n<p>&nbsp;<\/p>\n<h2>\u00bfTienes un dise\u00f1ador o una dise\u00f1adora de cabecera?<\/h2>\n<p>Profesionalmente hablando no he crecido admirando a otros dise\u00f1adores, porque en aquella \u00e9poca no ten\u00edamos un acceso f\u00e1cil a esta informaci\u00f3n. Hab\u00eda proyectos que nos gustaban, pero no sab\u00edamos qui\u00e9n los hab\u00eda hecho. Mis referentes quiz\u00e1s devengan de mi entorno, y es por eso que no distingo entre referentes a nivel personal o profesional. Mario Eskenazi, por ejemplo, adem\u00e1s de ser un gran amigo, es un gran profesional cuyo trabajo admiro mucho.<\/p>\n<p>&nbsp;<\/p>\n<h2>\u00bfDe qu\u00e9 proyecto est\u00e1s m\u00e1s orgulloso?<\/h2>\n<p>Siempre me he sentido contento con los proyectos que he realizado, pero la verdad es que no tengo un cari\u00f1o especial por todo lo que he hecho. Disfruto del proceso, el durante, pero una vez acabado ya espero el siguiente encargo.<br \/>\nNo miro los proyectos que he hecho, por lo que no tengo una nostalgia especial por ello. Sin embargo, s\u00ed que recuerdo buenos momentos mientras trabaja en ellos.<br \/>\nY por lo general, los proyectos m\u00e1s bonitos eran aquellos en los que hab\u00eda una cierta complicidad con el cliente, m\u00e1s afinidad, donde todo fluye de una manera m\u00e1s natural y cercana.<br \/>\nPor eso tambi\u00e9n a veces se disfruta m\u00e1s con los proyectos peque\u00f1os que con los grandes. Con los peque\u00f1os no tendr\u00e1s tantas cr\u00edticas u opiniones encontradas, y son proyectos mas directos dise\u00f1ador-cliente.<\/p>\n<p>&nbsp;<\/p>\n<h2>Si los dise\u00f1adores gr\u00e1ficos fu\u00e9ramos una tribu, Josep Maria Mir ser\u00eda un cham\u00e1n, o un t\u00e9cnico si fu\u00e9ramos un equipo de f\u00fatbol \u00bfC\u00f3mo ves el futuro de la profesi\u00f3n?<\/h2>\n<p>El inmediato est\u00e1 claro que si la econom\u00eda no anda, tampoco andaremos nosotros. Si no hay encargo no hay proyecto, y por ende no hay trabajo. No depende de nosotros, es un problema global que poco podemos hacer para solucionarlo.<\/p>\n<p>En cuanto a conceptos m\u00e1s filos\u00f3ficos que econ\u00f3micos, dise\u00f1ar siempre se ha dise\u00f1ado igual, no veo diferencias estructurales o de pensamiento entre lo que hac\u00edamos antes y lo que hacemos ahora. S\u00ed que han cambiado las herramientas, eso es obvio, pero el pensamiento es el mismo.<\/p>\n<p>La palabra \u201cdise\u00f1ador gr\u00e1fico\u201d, y sobre todo \u201cdise\u00f1ador\u201d, se ha quedado peque\u00f1a. Caben demasiadas profesiones en ese nombre. Hace mucho firmaba como \u201cdesignador\u201d gr\u00e1fico, jugando con el anglicismo \u201cDesign\u201d. Muchos dise\u00f1adores gr\u00e1ficos hacen diferente cosas, y muchas cosas diferentes a las que yo hago.<\/p>\n<p>En cuanto a los cambios que vienen, y vista la experiencia anterior en otras crisis, lo normal y lo inteligente es comportarse de otra manera, si algo no funciona hay que cambiarlo. La situaci\u00f3n de las marcas es diferente. Ya no tienen consumidores, tienen audiencia, tienen que estar m\u00e1s cerca, con m\u00e1s canales, las maneras tradicionales han cambiado, y la situaci\u00f3n actual no ha hecho m\u00e1s que precipitar y forzar este cambio.<\/p>\n<p>&nbsp;<\/p>\n<h2>Hablemos de formaci\u00f3n en dise\u00f1o. De tus clases en la \u00e9poca como docente han salido reconocidos dise\u00f1adores como \u00d3scar Germade del estudio <a href=\"http:\/\/www.solofficial.com\/\" target=\"_blank\" rel=\"noopener noreferrer\">Solo<\/a>, Tilman Sol\u00e9, Pablo Juncadella o Marc Catal\u00e0 de <a href=\"http:\/\/wearemucho.com\" target=\"_blank\" rel=\"noopener noreferrer\">Mucho<\/a>.<\/h2>\n<p>En eso s\u00ed que en tiempos pasados no tiene nada que ver con la situaci\u00f3n actual, tengo cierta nostalgia de lo que era antes la formaci\u00f3n a lo que es ahora. Hace a\u00f1os que estoy lejos de la pr\u00e1ctica pedag\u00f3gica y quiz\u00e1s me equivoque. Pero tengo un gran recuerdo en mi etapa de formador, y quiz\u00e1s eso me poluciona la perspectiva que tengo ahora.<\/p>\n<p>&nbsp;<\/p>\n<h2>\u00bfCu\u00e1l crees que ser\u00e1 la influencia del Covid-19 en el dise\u00f1o?<\/h2>\n<p>Se notar\u00e1 sobre todo en c\u00f3mo trabajan los equipos. No facilita nada la fluidez y la calidad en la comunicaci\u00f3n entre el equipo de dise\u00f1o, pero creo que no deber\u00eda influir en nada m\u00e1s.<\/p>\n<p>&nbsp;<\/p>\n<h2>\u00bfQue es para Josep Maria Mir un buen dise\u00f1o?<\/h2>\n<p>No hay una verdad universal sobre el buen dise\u00f1o y el mal dise\u00f1o. Una de las virtudes de dar clases es que se plantea un problema y tienes 30 soluciones. As\u00ed te das cuenta que no hay una \u00fanica soluci\u00f3n, sino muchas. Luego dependiendo de cada uno, de sus experiencia, de la cultura visual, de su educaci\u00f3n, te puedes inclinar por una u otra, pero no hay una verdad absoluta. \u00bfCuando es lo bastante bueno? cuando uno esta dise\u00f1ando tiene que ser un cr\u00edtico despiadado hacia uno mismo. Si est\u00e1 o no est\u00e1 es una decisi\u00f3n del propio dise\u00f1ador.<\/p>\n<p>Por eso es bueno dejar dejar reposar un proyecto y retomarlo m\u00e1s tarde para verlo con otros ojos.<\/p>\n<p>&nbsp;<\/p>\n<h2>\u00bfCual es tu m\u00e9todo de trabajo?<\/h2>\n<p>No tengo m\u00e9todo\u2026 ni tengo m\u00e9todo ni soy metodista. El dise\u00f1o se produce en la cabeza, mi m\u00e9todo es pensar, da igual la herramienta, porque antes de llegar a la herramienta tienes que pensar. Cuando tienes el problema en la cabeza, sin darte cuenta la cabeza sigue trabajando, y la respuesta llega cuando llega, en la ducha, en el taxi o en la mesa de trabajo.<\/p>\n<p>&nbsp;<\/p>\n<h2>\u00bfTe gu\u00edas mucho por la intuici\u00f3n?<\/h2>\n<p>La intuici\u00f3n es lo que ta va guiando por el camino a seguir. Las desiciones, por m\u00e1s racionales que parezcan, al final las acabas tomando por por pura intuici\u00f3n.<\/p>\n<p>&nbsp;<\/p>\n<h2>Tres fuentes favoritas<\/h2>\n<p>Me quedo con los cl\u00e1sicos, la Franklin, la Bodoni y la Venus, esta \u00faltima cuesta un poco m\u00e1s de ver por ah\u00ed que las otras dos. Sobre todo la extended, antes se llamada \u201cla ancha\u201d, pero ahora mola m\u00e1s llamarlas \u201cextended\u201d<br \/>\nNo me podr\u00eda quedar solo con una. Siempre te conviene tener una serifa entre medias. S\u00f3lo con un palo seco me resulta poco\u2026 seco<\/p>\n<p>&nbsp;<\/p>\n<h2>\u00bfTe atrever\u00edas a dise\u00f1ar algo en cer\u00e1mica?<\/h2>\n<p>\u00a1Lo hice! Hace mucho tiempo, con Albert Isern, entramos en contacto con Camilo Jose Cela, a trav\u00e9s del ADG-FAD, y nos dijo que ten\u00eda una idea para una vajilla, pero que ten\u00edamos que hacerla con Sargadelos. Y para m\u00e1s ponerlo m\u00e1s dif\u00edcil, Isaac D\u00edaz Pardo nos dijo que tenia que ser con gres, un material mucho m\u00e1s brusco, m\u00e1s \u00e1spero, y mucho m\u00e1s complicado que la porcelana. Se hicieron prototipos, se dise\u00f1aron m\u00e1quinas para moldearla, pero all\u00ed quedo. De aquella \u00e9poca me quedo sobre todo de una frase de Cela, donde dice que \u201cen dise\u00f1o importa m\u00e1s lo que se borra que lo que se deja\u201d<\/p>\n<p>&nbsp;<\/p>\n<h2>\u00bfExiste un v\u00ednculo entre arquitectura y dise\u00f1o gr\u00e1fico?<\/h2>\n<p>M\u00e1s que entre arquitectura y dise\u00f1o, lo hay entre arquitectura y dise\u00f1o editorial. En maquetaci\u00f3n editorial juegas mucho con los blancos, que son lo que dan sentido a los llenos. En arquitectura pasa lo mismo, es el vac\u00edo espacial lo que da sentido a los espacios.<\/p>\n<p>&nbsp;<\/p>\n<h2>\u00bfUna an\u00e9cdota?<\/h2>\n<p>La del pasaporte ya es una an\u00e9cdota en toda la regla, pero tengo una que me pas\u00f3 en una visita al dise\u00f1ador y artista <a href=\"https:\/\/en.wikipedia.org\/wiki\/Tadanori_Yokoo\" target=\"_blank\" rel=\"noopener noreferrer\">Tadanori Yokoo<\/a>, un referente a nivel mundial que trabajaba a medio camino entre Tokio y NY. Fuimos a verlo un d\u00eda a su casa, hablamos y tomamos t\u00e9, y en cierto momento nos saca un libro enorme que ten\u00eda dentro de un cesto de colores, y nos pidi\u00f3 que le hagamos un \u201cdibujito\u201d a modo de firma. Por lo que cogimos el libro y miramos la p\u00e1gina anterior, para tener una idea de qu\u00e9 tipo de dibujo o firma ten\u00edamos que hacerle, y si hasta ese momento ya ten\u00edamos cierta presi\u00f3n por el hecho de estar a la altura, lo fue mucho m\u00e1s todav\u00eda al ver que hab\u00edan sido John Lennon y Yoko Ono los firmantes de la p\u00e1gina anterior. Hice un garabato con ganas de que se pareciese a algo\u2026 el apuro que pasamos en ese momento fue tremendo! Pero ah\u00ed est\u00e1, despu\u00e9s de la p\u00e1gina de Lennon y Yoko Ono viene la de Josep Maria Mir.<\/p>\n<p>&nbsp;<\/p>\n<h2>\u00bfA qu\u00e9 te hubieras dedicado si no hubieses sido dise\u00f1ador gr\u00e1fico?<\/h2>\n<p>Seguramente alguna cosa que tenga que ver con animales o la arqueolog\u00eda. Quiz\u00e1s porque desde peque\u00f1o el comportamiento de los animales me ha llamado mucho la atenci\u00f3n. Las actitudes, el por qu\u00e9 se comportan de una manera u otra. La arqueolog\u00eda por eso de las huellas de la humanidad, cosas y seres que llevan millones de a\u00f1os muertas, tocar lo mismo que ha tocado alguien hace millones de a\u00f1os. Me parece una experiencia tremenda.<\/p>\n<p>&nbsp;<\/p>\n<h2>\u00bfTu pel\u00edcula favorita?<\/h2>\n<p>En una ocasi\u00f3n cuando estuve en California visitando los estudios de Warner Bros. en Burbank, por el 82\u2019 me llevaron por todos los decorados de pel\u00edculas que se estaban rodando, y me mostraron uno de una peli que, seg\u00fan dijeron, ser\u00eda muy importante, Blade Runner. Y ah\u00ed quedo el tema cuando a posteriori, una vez estrenada la peli, me enter\u00e9 a de que hab\u00eda estado en el decorado de una de mis pel\u00edculas favoritas. Una peli que todos los dise\u00f1adores deber\u00edan ver.<\/p>\n<p>&nbsp;<\/p>\n<h2>Y para acabar, un consejo de Josep Maria Mir para los dise\u00f1adores<\/h2>\n<p>El mejor consejo es que te guste mucho lo que haces. Es lo \u00fanico que te salvar\u00e1 de bloqueos, dificultades, encontronazos que tengas, mucho inter\u00e9s en ello, sino te pegar\u00e1s muchas bofetadas. Aunque te las vas a pegar igual, pero disfrutando de tu trabajo.<\/p>\n","protected":false},"excerpt":{"rendered":"Josep Maria Mir es una figura muy importante del imaginario colectivo del sector del dise\u00f1o. Ha vivido la transici\u00f3n desde los comienzos de la profesi\u00f3n hasta el dise\u00f1o gr\u00e1fico m\u00e1s actual. Ha sido alumno de maestros, como Enric Huguet y profesor de grandes dise\u00f1adores de la actualidad. Figura privilegiada que ha vivido la \u00e9poca dorada&hellip;","protected":false},"author":3,"featured_media":2849,"comment_status":"open","ping_status":"open","sticky":false,"template":"","format":"standard","meta":{"_acf_changed":false,"footnotes":""},"categories":[2,4],"tags":[],"evento":[],"class_list":["post-2845","post","type-post","status-publish","format-standard","has-post-thumbnail","hentry","category-diseno","category-entrevistas"],"acf":[],"yoast_head":"<!-- This site is optimized with the Yoast SEO plugin v23.7 - https:\/\/yoast.com\/wordpress\/plugins\/seo\/ -->\n<title>Josep Maria Mir, el &quot;Designador Gr\u00e1fico&quot;<\/title>\n<meta name=\"description\" content=\"Entrevista a un maestro del dise\u00f1o gr\u00e1fico, Director Creativo y Socio-fundador de Summa. Josep Maria Mir es un referente en branding y dise\u00f1o de marcas.\" \/>\n<meta name=\"robots\" content=\"index, follow, max-snippet:-1, max-image-preview:large, max-video-preview:-1\" \/>\n<link rel=\"canonical\" href=\"https:\/\/blancfestival.com\/josep-maria-mir-el-designador-grafico\/\" \/>\n<meta property=\"og:locale\" content=\"en_US\" \/>\n<meta property=\"og:type\" content=\"article\" \/>\n<meta property=\"og:title\" content=\"Josep Maria Mir, el &quot;Designador Gr\u00e1fico&quot;\" \/>\n<meta property=\"og:description\" content=\"Entrevista a un maestro del dise\u00f1o gr\u00e1fico, Director Creativo y Socio-fundador de Summa. Josep Maria Mir es un referente en branding y dise\u00f1o de marcas.\" \/>\n<meta property=\"og:url\" content=\"https:\/\/blancfestival.com\/josep-maria-mir-el-designador-grafico\/\" \/>\n<meta property=\"og:site_name\" content=\"Blanc!\" \/>\n<meta property=\"article:publisher\" content=\"https:\/\/www.facebook.com\/blanc.festivaldissenygrafic\/\" \/>\n<meta property=\"article:published_time\" content=\"2020-05-04T10:03:16+00:00\" \/>\n<meta property=\"article:modified_time\" content=\"2020-05-05T09:47:33+00:00\" \/>\n<meta property=\"og:image\" content=\"https:\/\/blancfestival.com\/wp-content\/uploads\/2020\/05\/josep-maria-mir-blanc.jpg\" \/>\n\t<meta property=\"og:image:width\" content=\"1920\" \/>\n\t<meta property=\"og:image:height\" content=\"1074\" \/>\n\t<meta property=\"og:image:type\" content=\"image\/jpeg\" \/>\n<meta name=\"author\" content=\"Redacci\u00f3n Blanc!\" \/>\n<meta name=\"twitter:card\" content=\"summary_large_image\" \/>\n<meta name=\"twitter:creator\" content=\"@blancfest\" \/>\n<meta name=\"twitter:site\" content=\"@blancfest\" \/>\n<meta name=\"twitter:label1\" content=\"Written by\" \/>\n\t<meta name=\"twitter:data1\" content=\"Redacci\u00f3n Blanc!\" \/>\n\t<meta name=\"twitter:label2\" content=\"Est. reading time\" \/>\n\t<meta name=\"twitter:data2\" content=\"12 minutes\" \/>\n<script type=\"application\/ld+json\" class=\"yoast-schema-graph\">{\"@context\":\"https:\/\/schema.org\",\"@graph\":[{\"@type\":\"Article\",\"@id\":\"https:\/\/blancfestival.com\/josep-maria-mir-el-designador-grafico\/#article\",\"isPartOf\":{\"@id\":\"https:\/\/blancfestival.com\/josep-maria-mir-el-designador-grafico\/\"},\"author\":{\"name\":\"Redacci\u00f3n Blanc!\",\"@id\":\"https:\/\/blancfestival.com\/#\/schema\/person\/1c1365d1e51e5730cf3f5fadb8670c06\"},\"headline\":\"Josep Maria Mir, el &#8220;Designador Gr\u00e1fico&#8221;\",\"datePublished\":\"2020-05-04T10:03:16+00:00\",\"dateModified\":\"2020-05-05T09:47:33+00:00\",\"mainEntityOfPage\":{\"@id\":\"https:\/\/blancfestival.com\/josep-maria-mir-el-designador-grafico\/\"},\"wordCount\":2451,\"commentCount\":0,\"publisher\":{\"@id\":\"https:\/\/blancfestival.com\/#organization\"},\"image\":{\"@id\":\"https:\/\/blancfestival.com\/josep-maria-mir-el-designador-grafico\/#primaryimage\"},\"thumbnailUrl\":\"https:\/\/blancfestival.com\/wp-content\/uploads\/2020\/05\/josep-maria-mir-blanc.jpg\",\"articleSection\":[\"Dise\u00f1o\",\"Entrevistas\"],\"inLanguage\":\"en-US\",\"potentialAction\":[{\"@type\":\"CommentAction\",\"name\":\"Comment\",\"target\":[\"https:\/\/blancfestival.com\/josep-maria-mir-el-designador-grafico\/#respond\"]}]},{\"@type\":\"WebPage\",\"@id\":\"https:\/\/blancfestival.com\/josep-maria-mir-el-designador-grafico\/\",\"url\":\"https:\/\/blancfestival.com\/josep-maria-mir-el-designador-grafico\/\",\"name\":\"Josep Maria Mir, el \\\"Designador Gr\u00e1fico\\\"\",\"isPartOf\":{\"@id\":\"https:\/\/blancfestival.com\/#website\"},\"primaryImageOfPage\":{\"@id\":\"https:\/\/blancfestival.com\/josep-maria-mir-el-designador-grafico\/#primaryimage\"},\"image\":{\"@id\":\"https:\/\/blancfestival.com\/josep-maria-mir-el-designador-grafico\/#primaryimage\"},\"thumbnailUrl\":\"https:\/\/blancfestival.com\/wp-content\/uploads\/2020\/05\/josep-maria-mir-blanc.jpg\",\"datePublished\":\"2020-05-04T10:03:16+00:00\",\"dateModified\":\"2020-05-05T09:47:33+00:00\",\"description\":\"Entrevista a un maestro del dise\u00f1o gr\u00e1fico, Director Creativo y Socio-fundador de Summa. Josep Maria Mir es un referente en branding y dise\u00f1o de marcas.\",\"breadcrumb\":{\"@id\":\"https:\/\/blancfestival.com\/josep-maria-mir-el-designador-grafico\/#breadcrumb\"},\"inLanguage\":\"en-US\",\"potentialAction\":[{\"@type\":\"ReadAction\",\"target\":[\"https:\/\/blancfestival.com\/josep-maria-mir-el-designador-grafico\/\"]}]},{\"@type\":\"ImageObject\",\"inLanguage\":\"en-US\",\"@id\":\"https:\/\/blancfestival.com\/josep-maria-mir-el-designador-grafico\/#primaryimage\",\"url\":\"https:\/\/blancfestival.com\/wp-content\/uploads\/2020\/05\/josep-maria-mir-blanc.jpg\",\"contentUrl\":\"https:\/\/blancfestival.com\/wp-content\/uploads\/2020\/05\/josep-maria-mir-blanc.jpg\",\"width\":1920,\"height\":1074,\"caption\":\"Josep Maria Mir - Exposici\u00f3n en Blanc!\"},{\"@type\":\"BreadcrumbList\",\"@id\":\"https:\/\/blancfestival.com\/josep-maria-mir-el-designador-grafico\/#breadcrumb\",\"itemListElement\":[{\"@type\":\"ListItem\",\"position\":1,\"name\":\"Portada\",\"item\":\"https:\/\/blancfestival.com\/en\/\"},{\"@type\":\"ListItem\",\"position\":2,\"name\":\"Josep Maria Mir, el \u00abDesignador Gr\u00e1fico\u00bb\"}]},{\"@type\":\"WebSite\",\"@id\":\"https:\/\/blancfestival.com\/#website\",\"url\":\"https:\/\/blancfestival.com\/\",\"name\":\"Blanc! Festival\",\"description\":\"Dise\u00f1o, Creatividad e Innovaci\u00f3n\",\"publisher\":{\"@id\":\"https:\/\/blancfestival.com\/#organization\"},\"potentialAction\":[{\"@type\":\"SearchAction\",\"target\":{\"@type\":\"EntryPoint\",\"urlTemplate\":\"https:\/\/blancfestival.com\/?s={search_term_string}\"},\"query-input\":{\"@type\":\"PropertyValueSpecification\",\"valueRequired\":true,\"valueName\":\"search_term_string\"}}],\"inLanguage\":\"en-US\"},{\"@type\":\"Organization\",\"@id\":\"https:\/\/blancfestival.com\/#organization\",\"name\":\"Blanc! Festival de Dise\u00f1o, Creatividad e Innovaci\u00f3n\",\"url\":\"https:\/\/blancfestival.com\/\",\"logo\":{\"@type\":\"ImageObject\",\"inLanguage\":\"en-US\",\"@id\":\"https:\/\/blancfestival.com\/#\/schema\/logo\/image\/\",\"url\":\"https:\/\/blancfestival.com\/wp-content\/uploads\/2025\/01\/logo_icono_blanc.jpg\",\"contentUrl\":\"https:\/\/blancfestival.com\/wp-content\/uploads\/2025\/01\/logo_icono_blanc.jpg\",\"width\":2000,\"height\":2000,\"caption\":\"Blanc! Festival de Dise\u00f1o, Creatividad e Innovaci\u00f3n\"},\"image\":{\"@id\":\"https:\/\/blancfestival.com\/#\/schema\/logo\/image\/\"},\"sameAs\":[\"https:\/\/www.facebook.com\/blanc.festivaldissenygrafic\/\",\"https:\/\/x.com\/blancfest\",\"https:\/\/www.instagram.com\/blancfest\/\",\"https:\/\/www.linkedin.com\/company\/blanc-festival\",\"https:\/\/www.pinterest.com\/blancfest\/\",\"https:\/\/www.youtube.com\/channel\/UCM-IjxOFb5gQg4yPgmze3Gg\"]},{\"@type\":\"Person\",\"@id\":\"https:\/\/blancfestival.com\/#\/schema\/person\/1c1365d1e51e5730cf3f5fadb8670c06\",\"name\":\"Redacci\u00f3n Blanc!\",\"image\":{\"@type\":\"ImageObject\",\"inLanguage\":\"en-US\",\"@id\":\"https:\/\/blancfestival.com\/#\/schema\/person\/image\/\",\"url\":\"https:\/\/blancfestival.com\/wp-content\/uploads\/2020\/02\/ico-120x120.png\",\"contentUrl\":\"https:\/\/blancfestival.com\/wp-content\/uploads\/2020\/02\/ico-120x120.png\",\"caption\":\"Redacci\u00f3n Blanc!\"},\"description\":\"\u201cNo trates de doblar la cuchara. Es imposible. En lugar de hacerlo, solo intenta darte cuenta de la verdad\u2026 No hay cuchara. Entonces, ver\u00e1s que no es la cuchara lo que se dobla, te doblas t\u00fa\u201d\"}]}<\/script>\n<!-- \/ Yoast SEO plugin. -->","yoast_head_json":{"title":"Josep Maria Mir, el \"Designador Gr\u00e1fico\"","description":"Entrevista a un maestro del dise\u00f1o gr\u00e1fico, Director Creativo y Socio-fundador de Summa. Josep Maria Mir es un referente en branding y dise\u00f1o de marcas.","robots":{"index":"index","follow":"follow","max-snippet":"max-snippet:-1","max-image-preview":"max-image-preview:large","max-video-preview":"max-video-preview:-1"},"canonical":"https:\/\/blancfestival.com\/josep-maria-mir-el-designador-grafico\/","og_locale":"en_US","og_type":"article","og_title":"Josep Maria Mir, el \"Designador Gr\u00e1fico\"","og_description":"Entrevista a un maestro del dise\u00f1o gr\u00e1fico, Director Creativo y Socio-fundador de Summa. Josep Maria Mir es un referente en branding y dise\u00f1o de marcas.","og_url":"https:\/\/blancfestival.com\/josep-maria-mir-el-designador-grafico\/","og_site_name":"Blanc!","article_publisher":"https:\/\/www.facebook.com\/blanc.festivaldissenygrafic\/","article_published_time":"2020-05-04T10:03:16+00:00","article_modified_time":"2020-05-05T09:47:33+00:00","og_image":[{"width":1920,"height":1074,"url":"https:\/\/blancfestival.com\/wp-content\/uploads\/2020\/05\/josep-maria-mir-blanc.jpg","type":"image\/jpeg"}],"author":"Redacci\u00f3n Blanc!","twitter_card":"summary_large_image","twitter_creator":"@blancfest","twitter_site":"@blancfest","twitter_misc":{"Written by":"Redacci\u00f3n Blanc!","Est. reading time":"12 minutes"},"schema":{"@context":"https:\/\/schema.org","@graph":[{"@type":"Article","@id":"https:\/\/blancfestival.com\/josep-maria-mir-el-designador-grafico\/#article","isPartOf":{"@id":"https:\/\/blancfestival.com\/josep-maria-mir-el-designador-grafico\/"},"author":{"name":"Redacci\u00f3n Blanc!","@id":"https:\/\/blancfestival.com\/#\/schema\/person\/1c1365d1e51e5730cf3f5fadb8670c06"},"headline":"Josep Maria Mir, el &#8220;Designador Gr\u00e1fico&#8221;","datePublished":"2020-05-04T10:03:16+00:00","dateModified":"2020-05-05T09:47:33+00:00","mainEntityOfPage":{"@id":"https:\/\/blancfestival.com\/josep-maria-mir-el-designador-grafico\/"},"wordCount":2451,"commentCount":0,"publisher":{"@id":"https:\/\/blancfestival.com\/#organization"},"image":{"@id":"https:\/\/blancfestival.com\/josep-maria-mir-el-designador-grafico\/#primaryimage"},"thumbnailUrl":"https:\/\/blancfestival.com\/wp-content\/uploads\/2020\/05\/josep-maria-mir-blanc.jpg","articleSection":["Dise\u00f1o","Entrevistas"],"inLanguage":"en-US","potentialAction":[{"@type":"CommentAction","name":"Comment","target":["https:\/\/blancfestival.com\/josep-maria-mir-el-designador-grafico\/#respond"]}]},{"@type":"WebPage","@id":"https:\/\/blancfestival.com\/josep-maria-mir-el-designador-grafico\/","url":"https:\/\/blancfestival.com\/josep-maria-mir-el-designador-grafico\/","name":"Josep Maria Mir, el \"Designador Gr\u00e1fico\"","isPartOf":{"@id":"https:\/\/blancfestival.com\/#website"},"primaryImageOfPage":{"@id":"https:\/\/blancfestival.com\/josep-maria-mir-el-designador-grafico\/#primaryimage"},"image":{"@id":"https:\/\/blancfestival.com\/josep-maria-mir-el-designador-grafico\/#primaryimage"},"thumbnailUrl":"https:\/\/blancfestival.com\/wp-content\/uploads\/2020\/05\/josep-maria-mir-blanc.jpg","datePublished":"2020-05-04T10:03:16+00:00","dateModified":"2020-05-05T09:47:33+00:00","description":"Entrevista a un maestro del dise\u00f1o gr\u00e1fico, Director Creativo y Socio-fundador de Summa. Josep Maria Mir es un referente en branding y dise\u00f1o de marcas.","breadcrumb":{"@id":"https:\/\/blancfestival.com\/josep-maria-mir-el-designador-grafico\/#breadcrumb"},"inLanguage":"en-US","potentialAction":[{"@type":"ReadAction","target":["https:\/\/blancfestival.com\/josep-maria-mir-el-designador-grafico\/"]}]},{"@type":"ImageObject","inLanguage":"en-US","@id":"https:\/\/blancfestival.com\/josep-maria-mir-el-designador-grafico\/#primaryimage","url":"https:\/\/blancfestival.com\/wp-content\/uploads\/2020\/05\/josep-maria-mir-blanc.jpg","contentUrl":"https:\/\/blancfestival.com\/wp-content\/uploads\/2020\/05\/josep-maria-mir-blanc.jpg","width":1920,"height":1074,"caption":"Josep Maria Mir - Exposici\u00f3n en Blanc!"},{"@type":"BreadcrumbList","@id":"https:\/\/blancfestival.com\/josep-maria-mir-el-designador-grafico\/#breadcrumb","itemListElement":[{"@type":"ListItem","position":1,"name":"Portada","item":"https:\/\/blancfestival.com\/en\/"},{"@type":"ListItem","position":2,"name":"Josep Maria Mir, el \u00abDesignador Gr\u00e1fico\u00bb"}]},{"@type":"WebSite","@id":"https:\/\/blancfestival.com\/#website","url":"https:\/\/blancfestival.com\/","name":"Blanc! Festival","description":"Dise\u00f1o, Creatividad e Innovaci\u00f3n","publisher":{"@id":"https:\/\/blancfestival.com\/#organization"},"potentialAction":[{"@type":"SearchAction","target":{"@type":"EntryPoint","urlTemplate":"https:\/\/blancfestival.com\/?s={search_term_string}"},"query-input":{"@type":"PropertyValueSpecification","valueRequired":true,"valueName":"search_term_string"}}],"inLanguage":"en-US"},{"@type":"Organization","@id":"https:\/\/blancfestival.com\/#organization","name":"Blanc! Festival de Dise\u00f1o, Creatividad e Innovaci\u00f3n","url":"https:\/\/blancfestival.com\/","logo":{"@type":"ImageObject","inLanguage":"en-US","@id":"https:\/\/blancfestival.com\/#\/schema\/logo\/image\/","url":"https:\/\/blancfestival.com\/wp-content\/uploads\/2025\/01\/logo_icono_blanc.jpg","contentUrl":"https:\/\/blancfestival.com\/wp-content\/uploads\/2025\/01\/logo_icono_blanc.jpg","width":2000,"height":2000,"caption":"Blanc! Festival de Dise\u00f1o, Creatividad e Innovaci\u00f3n"},"image":{"@id":"https:\/\/blancfestival.com\/#\/schema\/logo\/image\/"},"sameAs":["https:\/\/www.facebook.com\/blanc.festivaldissenygrafic\/","https:\/\/x.com\/blancfest","https:\/\/www.instagram.com\/blancfest\/","https:\/\/www.linkedin.com\/company\/blanc-festival","https:\/\/www.pinterest.com\/blancfest\/","https:\/\/www.youtube.com\/channel\/UCM-IjxOFb5gQg4yPgmze3Gg"]},{"@type":"Person","@id":"https:\/\/blancfestival.com\/#\/schema\/person\/1c1365d1e51e5730cf3f5fadb8670c06","name":"Redacci\u00f3n Blanc!","image":{"@type":"ImageObject","inLanguage":"en-US","@id":"https:\/\/blancfestival.com\/#\/schema\/person\/image\/","url":"https:\/\/blancfestival.com\/wp-content\/uploads\/2020\/02\/ico-120x120.png","contentUrl":"https:\/\/blancfestival.com\/wp-content\/uploads\/2020\/02\/ico-120x120.png","caption":"Redacci\u00f3n Blanc!"},"description":"\u201cNo trates de doblar la cuchara. Es imposible. En lugar de hacerlo, solo intenta darte cuenta de la verdad\u2026 No hay cuchara. Entonces, ver\u00e1s que no es la cuchara lo que se dobla, te doblas t\u00fa\u201d"}]}},"_links":{"self":[{"href":"https:\/\/blancfestival.com\/en\/wp-json\/wp\/v2\/posts\/2845","targetHints":{"allow":["GET"]}}],"collection":[{"href":"https:\/\/blancfestival.com\/en\/wp-json\/wp\/v2\/posts"}],"about":[{"href":"https:\/\/blancfestival.com\/en\/wp-json\/wp\/v2\/types\/post"}],"author":[{"embeddable":true,"href":"https:\/\/blancfestival.com\/en\/wp-json\/wp\/v2\/users\/3"}],"replies":[{"embeddable":true,"href":"https:\/\/blancfestival.com\/en\/wp-json\/wp\/v2\/comments?post=2845"}],"version-history":[{"count":6,"href":"https:\/\/blancfestival.com\/en\/wp-json\/wp\/v2\/posts\/2845\/revisions"}],"predecessor-version":[{"id":2860,"href":"https:\/\/blancfestival.com\/en\/wp-json\/wp\/v2\/posts\/2845\/revisions\/2860"}],"wp:featuredmedia":[{"embeddable":true,"href":"https:\/\/blancfestival.com\/en\/wp-json\/wp\/v2\/media\/2849"}],"wp:attachment":[{"href":"https:\/\/blancfestival.com\/en\/wp-json\/wp\/v2\/media?parent=2845"}],"wp:term":[{"taxonomy":"category","embeddable":true,"href":"https:\/\/blancfestival.com\/en\/wp-json\/wp\/v2\/categories?post=2845"},{"taxonomy":"post_tag","embeddable":true,"href":"https:\/\/blancfestival.com\/en\/wp-json\/wp\/v2\/tags?post=2845"},{"taxonomy":"evento","embeddable":true,"href":"https:\/\/blancfestival.com\/en\/wp-json\/wp\/v2\/evento?post=2845"}],"curies":[{"name":"wp","href":"https:\/\/api.w.org\/{rel}","templated":true}]}}