{"id":2869,"date":"2020-05-11T12:36:12","date_gmt":"2020-05-11T10:36:12","guid":{"rendered":"https:\/\/blancfestival.com\/?p=2869"},"modified":"2020-06-04T16:20:00","modified_gmt":"2020-06-04T14:20:00","slug":"maestro-mario-eskenazi","status":"publish","type":"post","link":"https:\/\/blancfestival.com\/en\/maestro-mario-eskenazi\/","title":{"rendered":"Mario Eskenazi, &#8220;la idea rectora&#8221;"},"content":{"rendered":"<p>Mario Eskenazi es uno de los dise\u00f1adores de referencia no solo a nivel nacional sino tambi\u00e9n a nivel internacional, sobre todo entre los dise\u00f1adores y dise\u00f1adoras hispanoparlantes. Oriundo de Rio Cuarto, una ciudad de la provincia de C\u00f3rdoba en Argentina, llega a Espa\u00f1a en el a\u00f1o 1971, donde se codea con grandes dise\u00f1adores argentinos de la \u00e9poca como America Sanchez o Carlos Rolando.<\/p>\n<p>La historia de Mario Eskenazi va ligada a la historia del dise\u00f1o barcelon\u00e9s. Su pasi\u00f3n, constancia y vocaci\u00f3n por el dise\u00f1o gr\u00e1fico, le han llevado a ser uno de los dise\u00f1adores de m\u00e1s prestigio en Espa\u00f1a y latinoam\u00e9rica, Premio Nacional de Dise\u00f1o y miembro del AGI.<\/p>\n<p>El 9 de Mayo de 2020, en pleno confinamiento todav\u00eda, tuvimos el placer de hacerle una entrevista en directo, realizada por David D&#8217;Eboli, y cuyo resumen puedes encontrar en este art\u00edculo.<\/p>\n<p>&nbsp;<\/p>\n<blockquote class=\"instagram-media\" style=\"background: #FFF; border: 0; border-radius: 3px; box-shadow: 0 0 1px 0 rgba(0,0,0,0.5),0 1px 10px 0 rgba(0,0,0,0.15); margin: 1px; max-width: 540px; min-width: 326px; padding: 0; width: calc(100% - 2px);\" data-instgrm-captioned=\"\" data-instgrm-permalink=\"https:\/\/www.instagram.com\/tv\/CAAbejEjAp1\/?utm_source=ig_embed&amp;utm_campaign=loading\" data-instgrm-version=\"12\">\n<div style=\"padding: 16px;\">\n<p>&nbsp;<\/p>\n<div style=\"display: flex; flex-direction: row; align-items: center;\">\n<div style=\"background-color: #f4f4f4; border-radius: 50%; flex-grow: 0; height: 40px; margin-right: 14px; width: 40px;\"><\/div>\n<div style=\"display: flex; flex-direction: column; flex-grow: 1; justify-content: center;\">\n<div style=\"background-color: #f4f4f4; border-radius: 4px; flex-grow: 0; height: 14px; margin-bottom: 6px; width: 100px;\"><\/div>\n<div style=\"background-color: #f4f4f4; border-radius: 4px; flex-grow: 0; height: 14px; width: 60px;\"><\/div>\n<\/div>\n<\/div>\n<div style=\"padding: 19% 0;\"><\/div>\n<div style=\"display: block; height: 50px; margin: 0 auto 12px; width: 50px;\"><\/div>\n<div style=\"padding-top: 8px;\">\n<div style=\"color: #3897f0; font-family: Arial,sans-serif; font-size: 14px; font-style: normal; font-weight: 550; line-height: 18px;\">Ver esta publicaci\u00f3n en Instagram<\/div>\n<\/div>\n<div style=\"padding: 12.5% 0;\"><\/div>\n<div style=\"display: flex; flex-direction: row; margin-bottom: 14px; align-items: center;\">\n<div>\n<div style=\"background-color: #f4f4f4; border-radius: 50%; height: 12.5px; width: 12.5px; transform: translateX(0px) translateY(7px);\"><\/div>\n<div style=\"background-color: #f4f4f4; height: 12.5px; transform: rotate(-45deg) translateX(3px) translateY(1px); width: 12.5px; flex-grow: 0; margin-right: 14px; margin-left: 2px;\"><\/div>\n<div style=\"background-color: #f4f4f4; border-radius: 50%; height: 12.5px; width: 12.5px; transform: translateX(9px) translateY(-18px);\"><\/div>\n<\/div>\n<div style=\"margin-left: 8px;\">\n<div style=\"background-color: #f4f4f4; border-radius: 50%; flex-grow: 0; height: 20px; width: 20px;\"><\/div>\n<div style=\"width: 0; height: 0; border-top: 2px solid transparent; border-left: 6px solid #f4f4f4; border-bottom: 2px solid transparent; transform: translateX(16px) translateY(-4px) rotate(30deg);\"><\/div>\n<\/div>\n<div style=\"margin-left: auto;\">\n<div style=\"width: 0px; border-top: 8px solid #F4F4F4; border-right: 8px solid transparent; transform: translateY(16px);\"><\/div>\n<div style=\"background-color: #f4f4f4; flex-grow: 0; height: 12px; width: 16px; transform: translateY(-4px);\"><\/div>\n<div style=\"width: 0; height: 0; border-top: 8px solid #F4F4F4; border-left: 8px solid transparent; transform: translateY(-4px) translateX(8px);\"><\/div>\n<\/div>\n<\/div>\n<p>&nbsp;<\/p>\n<p style=\"margin: 8px 0 0 0; padding: 0 4px;\"><a style=\"color: #000; font-family: Arial,sans-serif; font-size: 14px; font-style: normal; font-weight: normal; line-height: 17px; text-decoration: none; word-wrap: break-word;\" href=\"https:\/\/www.instagram.com\/tv\/CAAbejEjAp1\/?utm_source=ig_embed&amp;utm_campaign=loading\" target=\"_blank\" rel=\"noopener noreferrer\">En esta segunda entrevista hablamos con el gran Mario Eskenazi. Llegado en 1971 desde su pai\u0301s natal, Argentina, Mario es uno de los disen\u0303adores con ma\u0301s trayectoria en Espan\u0303a. Ha pasado por grandes estudios hasta formar su propia familia, el Estudio @marioeskenazi y recibir el Premio Nacional de Disen\u0303o en el an\u0303o 2000.\u2800<\/a><\/p>\n<p style=\"color: #c9c8cd; font-family: Arial,sans-serif; font-size: 14px; line-height: 17px; margin-bottom: 0; margin-top: 8px; overflow: hidden; padding: 8px 0 7px; text-align: center; text-overflow: ellipsis; white-space: nowrap;\">Una publicaci\u00f3n compartida de <a style=\"color: #c9c8cd; font-family: Arial,sans-serif; font-size: 14px; font-style: normal; font-weight: normal; line-height: 17px;\" href=\"https:\/\/www.instagram.com\/blancfest\/?utm_source=ig_embed&amp;utm_campaign=loading\" target=\"_blank\" rel=\"noopener noreferrer\"> Blanc!<\/a> (@blancfest) el <time style=\"font-family: Arial,sans-serif; font-size: 14px; line-height: 17px;\" datetime=\"2020-05-10T12:10:28+00:00\">10 May, 2020 a las 5:10 PDT<\/time><\/p>\n<\/div>\n<\/blockquote>\n<p><script async src=\"\/\/www.instagram.com\/embed.js\"><\/script><\/p>\n<p>&nbsp;<\/p>\n<h2>\u00bfDe donde viene esa pasi\u00f3n de Mario Eskenazi por el dise\u00f1o gr\u00e1fico?<\/h2>\n<p>Mi padre era arquitecto y ten\u00eda el estudio en la parte de abajo de nuestra casa. Bajaba todos los d\u00edas al estudio a dibujar, y me gustaban mucho los c\u00f3mics y copiar los dibujos de las revistas de arquitectura de mi padre. Pero eran los anuncios de coches lo que m\u00e1s me llamaba la atenci\u00f3n.<\/p>\n<p>Con el tiempo me fui aficionando m\u00e1s a los c\u00f3mics y en la adolescencia le dije a mi padre que quer\u00eda dedicarme a ello. Aunque \u00e9l fomentaba en m\u00ed el dibujo, me dijo que deb\u00eda estudiar una carrera. Fue as\u00ed como entr\u00e9 a la universidad a los 16 a\u00f1os (era un estudiante prematuro) siguiendo los pasos de mi padre en la carrera de arquitectura.<\/p>\n<p>Fue justamente en la universidad donde descubr\u00ed a lo que realmente quer\u00eda dedicarme, a trav\u00e9s de las revistas de dise\u00f1o de la \u00e9poca que encontraba en la biblioteca de la facultad. Pero en aquella \u00e9poca la profesi\u00f3n del dise\u00f1ador gr\u00e1fico no exist\u00eda, al menos como tal, y por ende tampoco exist\u00eda la carrera.<\/p>\n<p>Tuve la suerte de que uno de los dos \u00fanicos dise\u00f1adores gr\u00e1ficos que hab\u00eda por aquella \u00e9poca en C\u00f3rdoba era pareja de una compa\u00f1era de estudios. Miguel &#8220;Cacho\u00edto&#8221; De Lorenzi, artista pl\u00e1stico, dise\u00f1ador gr\u00e1fico e ilustrador period\u00edstico, por aquella \u00e9poca trabajaba para los Servicios de Radio y Televisi\u00f3n de la UNC, donde form\u00f3 parte del equipo de dise\u00f1o.<\/p>\n<p>El caso es que comenc\u00e9 a trabajar como becario hasta que qued\u00f3 un puesto bacante de dise\u00f1ador gr\u00e1fico. Y as\u00ed comenzaba, de manera oficial, mi carrera como dise\u00f1ador gr\u00e1fico, form\u00e1ndome desde la pr\u00e1ctica.<\/p>\n<p>&nbsp;<\/p>\n<h2>\u00bfCu\u00e1l fue tu primer trabajo y en qu\u00e9 est\u00e1s trabajando ahora?<\/h2>\n<p>Mi primer trabajo fue una placa para el canal de televisi\u00f3n, era como el t\u00edtulo del programa que se iba a emitir, que ten\u00edamos que graficar. El programa se llamaba \u201cUno entre nosotros\u201d. Y actualmente tengo varios abiertos, pero uno de los que est\u00e1 por salir ahora es una l\u00ednea de packaging para Valformosa.<\/p>\n<p>&nbsp;<\/p>\n<h2>\u00bfQu\u00e9 pas\u00f3 en el medio, entre estos dos proyectos, para que un Mario Eskenazi arquitecto venido a dise\u00f1ador acabe siendo miembro del AGI y un profesional de referencia en el sector?<\/h2>\n<p>Fue todo bastante natural. Cuando estaba en C\u00f3rdoba, el canal de televisi\u00f3n fue un lugar fant\u00e1stico para comenzar, recuerdo que a las nueve de la ma\u00f1ana nos llevaban a una sala a ver las pelis que ven\u00edan de la National Film Board de Canad\u00e1. Pero cuando ya estaba terminando la facultad empiezan los golpes militares, el canal se privatiza, lo compra canal 9 de BS AS, y se acaba el seguir trabajando como dise\u00f1ador gr\u00e1fico.<\/p>\n<p>Entonces decido, ahora s\u00ed, irme a estudiar dise\u00f1o gr\u00e1fico a Barcelona, pero no apruebo el examen de ingreso. Mi padre fue en persona a quejarse por la negativa a aprobarme, y le dijeron que era un muchacho muy de pueblo, y que quiz\u00e1s estar\u00eda mejor \u00a1en el campo cazando pajaritos!<\/p>\n<p>En esa \u00e9poca hab\u00eda grandes dise\u00f1adores que admiraba, como Juan Carlos Dist\u00e9fano, Ronald Shakespear o Guillermo Gonz\u00e1lez Ruiz. Me daba la sensaci\u00f3n que ya no podr\u00eda hacer nada en BS AS para dedicarme al dise\u00f1o gr\u00e1fico, y me fui.<\/p>\n<p>Decido entonces irme a Londres, pero no ten\u00eda dinero, as\u00ed que empec\u00e9 por Espa\u00f1a, m\u00e1s f\u00e1cil por idioma y cultura. Llegu\u00e9 a entrevistarme con Pepe Cruz Novillo, pero costaba encontrar trabajo como dise\u00f1ador gr\u00e1fico. Y a trav\u00e9s de un contacto encontr\u00e9 trabajo en un estudio de arquitectura de Canarias, donde trabaj\u00e9 durante dos a\u00f1os. Pero all\u00ed no pod\u00eda trabajar como dise\u00f1ador. As\u00ed que me fui a Londres a visitar Pentagram, y con 26 o 27 a\u00f1os me entrevist\u00e9 con Theo Crosby, que me da un paseo por el estudio. En un momento est\u00e1bamos en la parte alta visitando las oficinas, y al mirar hacia abajo veo una horda de dise\u00f1adores j\u00f3venes pegando letras\u2026 No quer\u00eda verme sentado en esa mesa esperando mi momento, as\u00ed que sal\u00ed de all\u00ed y me volv\u00ed a Espa\u00f1a, a Barcelona precisamente.<\/p>\n<p>Conozco entonces a America Sanchez, dise\u00f1ador que ya admiraba desde hacia tiempo, y sin llegar a mostrarle ni siquiera el portfolio me contrata, solo porque le ca\u00ed bien.<\/p>\n<p>No hubo puntos de inflexi\u00f3n en mi vida profesional, la vida me ha ido llevando por diferentes caminos, todo ha sido muy natural. Lo \u00fanico que sab\u00eda con seguridad era que quer\u00eda ser dise\u00f1ador gr\u00e1fico.<\/p>\n<p>&nbsp;<\/p>\n<h2>\u00bfQu\u00e9 relaciones encuentras entre dise\u00f1o y arquitectura?<\/h2>\n<p>Tanto en arquitectura como en dise\u00f1o, para empezar, hay que tener una idea. Cuando iba a la facultad, hab\u00eda un profesor que siempre me preguntaba por la idea rectora del proyecto en el que estaba trabajando. Incluso cuando ten\u00edamos que redibujar proyectos reales, nos hac\u00eda descubrir cu\u00e1l era la idea detr\u00e1s de esos planos.<\/p>\n<p>Otro punto de encuentro es la estructura, el c\u00f3mo se define una estructura en relaci\u00f3n al espacio. Lo mismo pasa en dise\u00f1o editorial. Por eso en los proyectos de se\u00f1al\u00e9tica que realizo hay un respeto por la estructura, por esa idea rectora.<\/p>\n<p>&nbsp;<\/p>\n<h2>Dec\u00edas antes que siempre fuiste un admirador del dise\u00f1o ingl\u00e9s, \u00bfcu\u00e1les son tus referentes?<\/h2>\n<p>Te podr\u00eda nombrar muchos, James Goggin por ejemplo, fue director de la revista The Wire, tiene el estudio londinense <a href=\"https:\/\/www.practise.co.uk\/\" target=\"_blank\" rel=\"noopener noreferrer\">Practice<\/a>.<br \/>\n<a href=\"https:\/\/fernandogutierrez.co.uk\/\" target=\"_blank\" rel=\"noopener noreferrer\">Fernando Guti\u00e9rrez<\/a>, que adem\u00e1s es un gran amigo, y con el que estuve en Blanc Festival hace unos a\u00f1os, una entrevista entre <a href=\"https:\/\/youtu.be\/f1KGF7UHdCk\" target=\"_blank\" rel=\"noopener noreferrer\">Fernando Guti\u00e9rrez y Mario Eskenazi<\/a>, es otro gran dise\u00f1ador que admiro. Peter Saville es otro dise\u00f1ador que admiro, la lista es larga.<\/p>\n<p>&nbsp;<\/p>\n<h2>\u00bfQu\u00e9 significan estos nombres para Mario Eskenazi?<\/h2>\n<p><strong><br \/>\nAmerica Sanchez<\/strong><br \/>\n&#8211; Uno de los padres del dise\u00f1o en Espa\u00f1a.<\/p>\n<p><strong>Carlos Rolando<\/strong><br \/>\n&#8211; Igual, otro maestro. He trabajado con los dos. Con America aprend\u00ed a estructurar y con Carlos a liberarme con la tipograf\u00eda.<\/p>\n<p><strong>Juanjo S\u00e1ez<\/strong><br \/>\n&#8211; Un geniecito.<\/p>\n<p><strong>Javier Mariscal<\/strong><br \/>\n&#8211; Es lo m\u00e1s parecido a Dios, porque el Xavi no es solo lo que vemos, Xavi es un creador. Cuando mi hija peque\u00f1a ten\u00eda tres a\u00f1os, trabaj\u00e9 con Xavi en un proyecto, y recuerdo que en su estudio trabajaban muchas mujeres j\u00f3venes con hijos, y cuando lleg\u00f3 el verano, muchas de ellas ten\u00edan que buscarse la vida para poder dejar sus hijos e hijas con alguien, as\u00ed que a Xavi se le ocurri\u00f3 montar una escoleta en Palo Alto, para que sus empleados tuvieran un lugar donde dejar sus hijos e hijas mientras trabajan en el estudio.<\/p>\n<p><strong>Josep Maria Mir<\/strong><br \/>\n&#8211; Fue uno de mis mitos cuando llegu\u00e9 a Barcelona. Al llegar a Espa\u00f1a los dise\u00f1adores que me gustaban eran America Sanchez, Carlos Rolando, Enric Satu\u00e9 o Yves Zimmermann, y en ese inter\u00edn me aparecen dos j\u00f3venes dise\u00f1adores, muy buenos, el estudio Mir &amp; Nolla, formado por el propio <a href=\"https:\/\/blancfestival.com\/diseno\/josep-maria-mir-el-designador-grafico\/\">Josep Maria Mir<\/a> y Quim Nolla, y me sorprendi\u00f3 la calidad de sus trabajos. A\u00f1os m\u00e1s tarde entro en EINA y me encuentro a Mir tambi\u00e9n dando clases, y al conocerlo mejor ya me hice fan total. Lo mas divertido de mi \u00e9poca en Summa era hacer proyectos con \u00e9l.<\/p>\n<p><strong>Paula Scher<\/strong><br \/>\n&#8211; De Paula Scher soy fan desde los 70s. Dentro de mi ser, tengo desde chiquito un gran respeto y admiraci\u00f3n hacia las mujeres. En el colegio recuerdo a mis maestras, y tenia una en especial que de lo bien que ense\u00f1aba no tengo errores de ortograf\u00eda al escribir. Mi aprendizaje era a trav\u00e9s de las mujeres.<br \/>\nEn la universidad ten\u00eda un amor plat\u00f3nico por algunas profesoras, y me dec\u00eda a m\u00ed mismo que ten\u00eda que mejorar si quer\u00eda tener una mujer como ellas. Hab\u00eda pocas dise\u00f1adoras gr\u00e1ficas en aquella \u00e9poca, y las pocas que hab\u00eda las recordaba, una de ellas era Paula Scher.<\/p>\n<p><strong>Enrique Folch<\/strong><br \/>\n&#8211; Empez\u00f3 como cliente y terminamos \u00edntimos. La editorial Paid\u00f3s ya exist\u00eda en BS AS, y me sorprendi\u00f3 cuando me llamaron, se hab\u00edan venido a Espa\u00f1a. Para cada portada me explicaba de qu\u00e9 iba la historia, de lo que hab\u00eda detr\u00e1s de cada libro, su autor, el mensaje, y siempre me ped\u00eda que haga un dibujito, o algo en la portada. Yo le dec\u00eda que sus libros eran muy espec\u00edficos, para un p\u00fablico que no har\u00eda caso a algo tan superficial como un \u201cdibujito\u201d, pero me dec\u00eda que las portadas no eran para los lectores, sino para los libreros. Si les gustaba la portada, lo exhib\u00edan en los escaparates\u2026<\/p>\n<p>&nbsp;<\/p>\n<p><img loading=\"lazy\" decoding=\"async\" width=\"680\" height=\"513\" class=\"alignnone size-full wp-image-2891\" src=\"https:\/\/blancfestival.com\/wp-content\/uploads\/2020\/05\/w-arteamar-02.jpg\" alt=\"Mario Eskenazi - Paidos\" srcset=\"https:\/\/blancfestival.com\/wp-content\/uploads\/2020\/05\/w-arteamar-02.jpg 680w, https:\/\/blancfestival.com\/wp-content\/uploads\/2020\/05\/w-arteamar-02-250x189.jpg 250w, https:\/\/blancfestival.com\/wp-content\/uploads\/2020\/05\/w-arteamar-02-120x91.jpg 120w\" sizes=\"auto, (max-width: 680px) 100vw, 680px\" \/><\/p>\n<p>&nbsp;<\/p>\n<h2>El Cliente es mi amigo<\/h2>\n<p>No puedo trabajar con gente con la que no pueda ir a tomar un caf\u00e9. Tengo que creerme su producto y formar parte de su idea. No suelo decir que no a un proyecto, pero si veo que la cosa no va a funcionar paso unos presupuesto alt\u00edsimos. Algo que hacemos muchos. Notas de entrada que la cosa no va a funcionar, yo quiero divertirme, me gusta lo que hago.<\/p>\n<p>&nbsp;<\/p>\n<h2>Dices en una entrevista que \u201cel dise\u00f1o es cultura, comunicaci\u00f3n y sobre todo experimentaci\u00f3n\u201d.<\/h2>\n<p>Cada uno tiene que hacer lo que siente, yo experimento con los trabajos que estoy haciendo. Necesito el encargo para poder experimentar, no dedico tiempo a proyectos personales, porque si no seria \u201cfake\u201d.<\/p>\n<p>&nbsp;<\/p>\n<h2>Mario Eskenazi y las tipograf\u00edas<\/h2>\n<p>Tengo una cierta afinidad por las pixels, las letras con trama, las <em>stencil<\/em>, las tipograf\u00edas quemadas. Viene de cuando trabaja en Argentina, donde era muy caro imprimir. Ten\u00edamos que hacerlo a dos tintas y lo m\u00e1s barato posible. Lo que haga tiene que ser f\u00e1cil de producir, no hago cosas caras. Adem\u00e1s las <em>stencil<\/em> me comunicaban algo m\u00e1s humano, me suger\u00eda que alguien lo ha pintado.<\/p>\n<p>&nbsp;<\/p>\n<p><img loading=\"lazy\" decoding=\"async\" width=\"680\" height=\"680\" class=\"alignnone size-full wp-image-2888\" src=\"https:\/\/blancfestival.com\/wp-content\/uploads\/2020\/05\/mario-eskenazi-1.jpg\" alt=\"Mario Eskenazi - tipograf\u00eda\" srcset=\"https:\/\/blancfestival.com\/wp-content\/uploads\/2020\/05\/mario-eskenazi-1.jpg 680w, https:\/\/blancfestival.com\/wp-content\/uploads\/2020\/05\/mario-eskenazi-1-250x250.jpg 250w, https:\/\/blancfestival.com\/wp-content\/uploads\/2020\/05\/mario-eskenazi-1-150x150.jpg 150w, https:\/\/blancfestival.com\/wp-content\/uploads\/2020\/05\/mario-eskenazi-1-120x120.jpg 120w\" sizes=\"auto, (max-width: 680px) 100vw, 680px\" \/><\/p>\n<h2><\/h2>\n<h2><\/h2>\n<h2>El m\u00e9todo Eskenazi<\/h2>\n<p>Tiro de esbozos hasta encontrar la idea, de una manera muy esquem\u00e1tica, y una vez que tengo la idea me paso al ordenador. Pero aprend\u00ed con Diego Feij\u00f3o que pod\u00edas empezar a bocetar la idea directamente en el ordenador.<br \/>\nMal que mal s\u00ed que existe una metodolog\u00eda. Empezar pensando, con ideas, luego hacer que la idea se transforme en forma. No empiezo con la forma, sino con la idea, y es muy importante que la forma no supere a la idea. El resultado es un equilibrio entre forma e idea, tiene que verse natural.<\/p>\n<p>&nbsp;<\/p>\n<h2>\u00bfQu\u00e9 relaciones encuentras entre arte y dise\u00f1o?<\/h2>\n<p>Esta discusi\u00f3n ya la tenia en la facultad de arquitectura, entre arte y arquitectura. Para m\u00ed el dise\u00f1o es funcional, y el arte es funcional tambi\u00e9n, pero de una manera m\u00e1s sutil. Una cosa que dec\u00eda unos de mis \u00eddolos, Ivan Chermayeff (<a href=\"https:\/\/www.cghnyc.com\/\" target=\"_blank\" rel=\"noopener noreferrer\">Chermayeff &amp; Geismar<\/a>), gran dise\u00f1ador, es que &#8220;el dise\u00f1o no es importante, el arte es importante, el cine es importante. El dise\u00f1o es un arte bien pagado. Una novela, una pel\u00edcula, un cuadro, pueden cambiar la vida de alguien&#8221;. El dise\u00f1o tiene un componente est\u00e9tico, pero eso no quiere decir que sea arte.<\/p>\n<p>&nbsp;<\/p>\n<h2>Sobre titulaci\u00f3n y dise\u00f1o<\/h2>\n<p>Cuando daba clases en EINA se ense\u00f1aba el arte como parte de nuestra vida, y la forma de ense\u00f1ar dise\u00f1o era mucho m\u00e1s conceptual. En otras escuelas era m\u00e1s mercantil, m\u00e1s comercial. El dise\u00f1o no solo vende, el dise\u00f1o comunica.<\/p>\n<p>Cuando contrataba dise\u00f1adores, ten\u00eda una cierta predilecci\u00f3n por los que ven\u00edan de EINA, porque conoc\u00eda el m\u00e9todo de ense\u00f1anza. Pero si el dise\u00f1ador era un geniecito lo contrataba. Lo que s\u00ed miraba tambi\u00e9n es que no hayan trabajado antes en un estudio de dise\u00f1o, me gustaban los profesionales a los que pod\u00eda ense\u00f1ar mi forma de trabajar. Por eso prefer\u00eda gente reci\u00e9n salida para poder moldearlos para que trabajen como yo lo hago.<\/p>\n<p>&nbsp;<\/p>\n<h2>\u00bfEl dise\u00f1ador tiene una responsabilidad social?<\/h2>\n<p>El dise\u00f1ador tiene una responsabilidad a la sociedad como ser humano. A trav\u00e9s del dise\u00f1o no voy a cambiar nada, pero s\u00ed c\u00f3mo trabajar. La responsabilidad es nuestra como personas, c\u00f3mo nos relacionamos con los dem\u00e1s, con personas marginadas, con las mujeres\u2026<\/p>\n<p>&nbsp;<\/p>\n<h2>\u00bfC\u00f3mo ve Mario Eskenazi el futuro del dise\u00f1o gr\u00e1fico?<\/h2>\n<p>El dise\u00f1o va seguir existiendo, no puedo predecir c\u00f3mo va a cambiar, seguro que va a cambiar, la parte digital va a tener m\u00e1s peso, pero las ideas van a seguir siendo necesarias\u2026 es una profesi\u00f3n de la que se disfruta.<\/p>\n<p>&nbsp;<\/p>\n<h2>Mirando hacia atr\u00e1s, m\u00e1s de 40 a\u00f1os de carrera \u00bfcrees que cambiar\u00edas algo de tu vida profesional?<\/h2>\n<p>Ser m\u00e1s estricto con los clientes, a veces soy un poco blando.<\/p>\n<p>&nbsp;<\/p>\n<h2>\u00bfCrees que te vas a jubilar alg\u00fan d\u00eda?<\/h2>\n<p>En eso s\u00ed que es como con los artistas, tampoco se jubilan. La pasi\u00f3n y la vocaci\u00f3n no se jubilan nunca. Trabajar\u00e9 hasta que la vela no arda.<\/p>\n<p>&nbsp;<\/p>\n","protected":false},"excerpt":{"rendered":"Mario Eskenazi es uno de los dise\u00f1adores de referencia no solo a nivel nacional sino tambi\u00e9n a nivel internacional, sobre todo entre los dise\u00f1adores y dise\u00f1adoras hispanoparlantes. Oriundo de Rio Cuarto, una ciudad de la provincia de C\u00f3rdoba en Argentina, llega a Espa\u00f1a en el a\u00f1o 1971, donde se codea con grandes dise\u00f1adores argentinos de&hellip;","protected":false},"author":3,"featured_media":2870,"comment_status":"open","ping_status":"open","sticky":false,"template":"","format":"standard","meta":{"_acf_changed":false,"footnotes":""},"categories":[2,4],"tags":[170,154],"evento":[],"class_list":["post-2869","post","type-post","status-publish","format-standard","has-post-thumbnail","hentry","category-diseno","category-entrevistas","tag-mario-eskenazi","tag-entrevista"],"acf":[],"yoast_head":"<!-- This site is optimized with the Yoast SEO plugin v23.7 - https:\/\/yoast.com\/wordpress\/plugins\/seo\/ -->\n<title>Mario Eskenazi, &quot;la idea rectora&quot;<\/title>\n<meta name=\"description\" content=\"Mario Eskenazi es uno de los dise\u00f1adores de referencia en Espa\u00f1a y Latinoam\u00e9rica, en esta entrevista hablamos de su pasi\u00f3n y vocaci\u00f3n por el dise\u00f1o gr\u00e1fico.\" \/>\n<meta name=\"robots\" content=\"index, follow, max-snippet:-1, max-image-preview:large, max-video-preview:-1\" \/>\n<link rel=\"canonical\" href=\"https:\/\/blancfestival.com\/maestro-mario-eskenazi\/\" \/>\n<meta property=\"og:locale\" content=\"en_US\" \/>\n<meta property=\"og:type\" content=\"article\" \/>\n<meta property=\"og:title\" content=\"Mario Eskenazi, &quot;la idea rectora&quot;\" \/>\n<meta property=\"og:description\" content=\"Mario Eskenazi es uno de los dise\u00f1adores de referencia en Espa\u00f1a y Latinoam\u00e9rica, en esta entrevista hablamos de su pasi\u00f3n y vocaci\u00f3n por el dise\u00f1o gr\u00e1fico.\" \/>\n<meta property=\"og:url\" content=\"https:\/\/blancfestival.com\/maestro-mario-eskenazi\/\" \/>\n<meta property=\"og:site_name\" content=\"Blanc!\" \/>\n<meta property=\"article:publisher\" content=\"https:\/\/www.facebook.com\/blanc.festivaldissenygrafic\/\" \/>\n<meta property=\"article:published_time\" content=\"2020-05-11T10:36:12+00:00\" \/>\n<meta property=\"article:modified_time\" content=\"2020-06-04T14:20:00+00:00\" \/>\n<meta property=\"og:image\" content=\"https:\/\/blancfestival.com\/wp-content\/uploads\/2020\/05\/mario-eskenazi.jpg\" \/>\n\t<meta property=\"og:image:width\" content=\"1920\" \/>\n\t<meta property=\"og:image:height\" content=\"1168\" \/>\n\t<meta property=\"og:image:type\" content=\"image\/jpeg\" \/>\n<meta name=\"author\" content=\"Redacci\u00f3n Blanc!\" \/>\n<meta name=\"twitter:card\" content=\"summary_large_image\" \/>\n<meta name=\"twitter:creator\" content=\"@blancfest\" \/>\n<meta name=\"twitter:site\" content=\"@blancfest\" \/>\n<meta name=\"twitter:label1\" content=\"Written by\" \/>\n\t<meta name=\"twitter:data1\" content=\"Redacci\u00f3n Blanc!\" \/>\n\t<meta name=\"twitter:label2\" content=\"Est. reading time\" \/>\n\t<meta name=\"twitter:data2\" content=\"13 minutes\" \/>\n<script type=\"application\/ld+json\" class=\"yoast-schema-graph\">{\"@context\":\"https:\/\/schema.org\",\"@graph\":[{\"@type\":\"Article\",\"@id\":\"https:\/\/blancfestival.com\/maestro-mario-eskenazi\/#article\",\"isPartOf\":{\"@id\":\"https:\/\/blancfestival.com\/maestro-mario-eskenazi\/\"},\"author\":{\"name\":\"Redacci\u00f3n Blanc!\",\"@id\":\"https:\/\/blancfestival.com\/#\/schema\/person\/1c1365d1e51e5730cf3f5fadb8670c06\"},\"headline\":\"Mario Eskenazi, &#8220;la idea rectora&#8221;\",\"datePublished\":\"2020-05-11T10:36:12+00:00\",\"dateModified\":\"2020-06-04T14:20:00+00:00\",\"mainEntityOfPage\":{\"@id\":\"https:\/\/blancfestival.com\/maestro-mario-eskenazi\/\"},\"wordCount\":2538,\"commentCount\":0,\"publisher\":{\"@id\":\"https:\/\/blancfestival.com\/#organization\"},\"image\":{\"@id\":\"https:\/\/blancfestival.com\/maestro-mario-eskenazi\/#primaryimage\"},\"thumbnailUrl\":\"https:\/\/blancfestival.com\/wp-content\/uploads\/2020\/05\/mario-eskenazi.jpg\",\"keywords\":[\"mario eskenazi\",\"entrevista\"],\"articleSection\":[\"Dise\u00f1o\",\"Entrevistas\"],\"inLanguage\":\"en-US\",\"potentialAction\":[{\"@type\":\"CommentAction\",\"name\":\"Comment\",\"target\":[\"https:\/\/blancfestival.com\/maestro-mario-eskenazi\/#respond\"]}]},{\"@type\":\"WebPage\",\"@id\":\"https:\/\/blancfestival.com\/maestro-mario-eskenazi\/\",\"url\":\"https:\/\/blancfestival.com\/maestro-mario-eskenazi\/\",\"name\":\"Mario Eskenazi, \\\"la idea rectora\\\"\",\"isPartOf\":{\"@id\":\"https:\/\/blancfestival.com\/#website\"},\"primaryImageOfPage\":{\"@id\":\"https:\/\/blancfestival.com\/maestro-mario-eskenazi\/#primaryimage\"},\"image\":{\"@id\":\"https:\/\/blancfestival.com\/maestro-mario-eskenazi\/#primaryimage\"},\"thumbnailUrl\":\"https:\/\/blancfestival.com\/wp-content\/uploads\/2020\/05\/mario-eskenazi.jpg\",\"datePublished\":\"2020-05-11T10:36:12+00:00\",\"dateModified\":\"2020-06-04T14:20:00+00:00\",\"description\":\"Mario Eskenazi es uno de los dise\u00f1adores de referencia en Espa\u00f1a y Latinoam\u00e9rica, en esta entrevista hablamos de su pasi\u00f3n y vocaci\u00f3n por el dise\u00f1o gr\u00e1fico.\",\"breadcrumb\":{\"@id\":\"https:\/\/blancfestival.com\/maestro-mario-eskenazi\/#breadcrumb\"},\"inLanguage\":\"en-US\",\"potentialAction\":[{\"@type\":\"ReadAction\",\"target\":[\"https:\/\/blancfestival.com\/maestro-mario-eskenazi\/\"]}]},{\"@type\":\"ImageObject\",\"inLanguage\":\"en-US\",\"@id\":\"https:\/\/blancfestival.com\/maestro-mario-eskenazi\/#primaryimage\",\"url\":\"https:\/\/blancfestival.com\/wp-content\/uploads\/2020\/05\/mario-eskenazi.jpg\",\"contentUrl\":\"https:\/\/blancfestival.com\/wp-content\/uploads\/2020\/05\/mario-eskenazi.jpg\",\"width\":1920,\"height\":1168,\"caption\":\"Mario Eskenazi\"},{\"@type\":\"BreadcrumbList\",\"@id\":\"https:\/\/blancfestival.com\/maestro-mario-eskenazi\/#breadcrumb\",\"itemListElement\":[{\"@type\":\"ListItem\",\"position\":1,\"name\":\"Portada\",\"item\":\"https:\/\/blancfestival.com\/en\/\"},{\"@type\":\"ListItem\",\"position\":2,\"name\":\"Mario Eskenazi, \u00abla idea rectora\u00bb\"}]},{\"@type\":\"WebSite\",\"@id\":\"https:\/\/blancfestival.com\/#website\",\"url\":\"https:\/\/blancfestival.com\/\",\"name\":\"Blanc! Festival\",\"description\":\"Dise\u00f1o, Creatividad e Innovaci\u00f3n\",\"publisher\":{\"@id\":\"https:\/\/blancfestival.com\/#organization\"},\"potentialAction\":[{\"@type\":\"SearchAction\",\"target\":{\"@type\":\"EntryPoint\",\"urlTemplate\":\"https:\/\/blancfestival.com\/?s={search_term_string}\"},\"query-input\":{\"@type\":\"PropertyValueSpecification\",\"valueRequired\":true,\"valueName\":\"search_term_string\"}}],\"inLanguage\":\"en-US\"},{\"@type\":\"Organization\",\"@id\":\"https:\/\/blancfestival.com\/#organization\",\"name\":\"Blanc! Festival de Dise\u00f1o, Creatividad e Innovaci\u00f3n\",\"url\":\"https:\/\/blancfestival.com\/\",\"logo\":{\"@type\":\"ImageObject\",\"inLanguage\":\"en-US\",\"@id\":\"https:\/\/blancfestival.com\/#\/schema\/logo\/image\/\",\"url\":\"https:\/\/blancfestival.com\/wp-content\/uploads\/2025\/01\/logo_icono_blanc.jpg\",\"contentUrl\":\"https:\/\/blancfestival.com\/wp-content\/uploads\/2025\/01\/logo_icono_blanc.jpg\",\"width\":2000,\"height\":2000,\"caption\":\"Blanc! Festival de Dise\u00f1o, Creatividad e Innovaci\u00f3n\"},\"image\":{\"@id\":\"https:\/\/blancfestival.com\/#\/schema\/logo\/image\/\"},\"sameAs\":[\"https:\/\/www.facebook.com\/blanc.festivaldissenygrafic\/\",\"https:\/\/x.com\/blancfest\",\"https:\/\/www.instagram.com\/blancfest\/\",\"https:\/\/www.linkedin.com\/company\/blanc-festival\",\"https:\/\/www.pinterest.com\/blancfest\/\",\"https:\/\/www.youtube.com\/channel\/UCM-IjxOFb5gQg4yPgmze3Gg\"]},{\"@type\":\"Person\",\"@id\":\"https:\/\/blancfestival.com\/#\/schema\/person\/1c1365d1e51e5730cf3f5fadb8670c06\",\"name\":\"Redacci\u00f3n Blanc!\",\"image\":{\"@type\":\"ImageObject\",\"inLanguage\":\"en-US\",\"@id\":\"https:\/\/blancfestival.com\/#\/schema\/person\/image\/\",\"url\":\"https:\/\/blancfestival.com\/wp-content\/uploads\/2020\/02\/ico-120x120.png\",\"contentUrl\":\"https:\/\/blancfestival.com\/wp-content\/uploads\/2020\/02\/ico-120x120.png\",\"caption\":\"Redacci\u00f3n Blanc!\"},\"description\":\"\u201cNo trates de doblar la cuchara. Es imposible. En lugar de hacerlo, solo intenta darte cuenta de la verdad\u2026 No hay cuchara. Entonces, ver\u00e1s que no es la cuchara lo que se dobla, te doblas t\u00fa\u201d\"}]}<\/script>\n<!-- \/ Yoast SEO plugin. -->","yoast_head_json":{"title":"Mario Eskenazi, \"la idea rectora\"","description":"Mario Eskenazi es uno de los dise\u00f1adores de referencia en Espa\u00f1a y Latinoam\u00e9rica, en esta entrevista hablamos de su pasi\u00f3n y vocaci\u00f3n por el dise\u00f1o gr\u00e1fico.","robots":{"index":"index","follow":"follow","max-snippet":"max-snippet:-1","max-image-preview":"max-image-preview:large","max-video-preview":"max-video-preview:-1"},"canonical":"https:\/\/blancfestival.com\/maestro-mario-eskenazi\/","og_locale":"en_US","og_type":"article","og_title":"Mario Eskenazi, \"la idea rectora\"","og_description":"Mario Eskenazi es uno de los dise\u00f1adores de referencia en Espa\u00f1a y Latinoam\u00e9rica, en esta entrevista hablamos de su pasi\u00f3n y vocaci\u00f3n por el dise\u00f1o gr\u00e1fico.","og_url":"https:\/\/blancfestival.com\/maestro-mario-eskenazi\/","og_site_name":"Blanc!","article_publisher":"https:\/\/www.facebook.com\/blanc.festivaldissenygrafic\/","article_published_time":"2020-05-11T10:36:12+00:00","article_modified_time":"2020-06-04T14:20:00+00:00","og_image":[{"width":1920,"height":1168,"url":"https:\/\/blancfestival.com\/wp-content\/uploads\/2020\/05\/mario-eskenazi.jpg","type":"image\/jpeg"}],"author":"Redacci\u00f3n Blanc!","twitter_card":"summary_large_image","twitter_creator":"@blancfest","twitter_site":"@blancfest","twitter_misc":{"Written by":"Redacci\u00f3n Blanc!","Est. reading time":"13 minutes"},"schema":{"@context":"https:\/\/schema.org","@graph":[{"@type":"Article","@id":"https:\/\/blancfestival.com\/maestro-mario-eskenazi\/#article","isPartOf":{"@id":"https:\/\/blancfestival.com\/maestro-mario-eskenazi\/"},"author":{"name":"Redacci\u00f3n Blanc!","@id":"https:\/\/blancfestival.com\/#\/schema\/person\/1c1365d1e51e5730cf3f5fadb8670c06"},"headline":"Mario Eskenazi, &#8220;la idea rectora&#8221;","datePublished":"2020-05-11T10:36:12+00:00","dateModified":"2020-06-04T14:20:00+00:00","mainEntityOfPage":{"@id":"https:\/\/blancfestival.com\/maestro-mario-eskenazi\/"},"wordCount":2538,"commentCount":0,"publisher":{"@id":"https:\/\/blancfestival.com\/#organization"},"image":{"@id":"https:\/\/blancfestival.com\/maestro-mario-eskenazi\/#primaryimage"},"thumbnailUrl":"https:\/\/blancfestival.com\/wp-content\/uploads\/2020\/05\/mario-eskenazi.jpg","keywords":["mario eskenazi","entrevista"],"articleSection":["Dise\u00f1o","Entrevistas"],"inLanguage":"en-US","potentialAction":[{"@type":"CommentAction","name":"Comment","target":["https:\/\/blancfestival.com\/maestro-mario-eskenazi\/#respond"]}]},{"@type":"WebPage","@id":"https:\/\/blancfestival.com\/maestro-mario-eskenazi\/","url":"https:\/\/blancfestival.com\/maestro-mario-eskenazi\/","name":"Mario Eskenazi, \"la idea rectora\"","isPartOf":{"@id":"https:\/\/blancfestival.com\/#website"},"primaryImageOfPage":{"@id":"https:\/\/blancfestival.com\/maestro-mario-eskenazi\/#primaryimage"},"image":{"@id":"https:\/\/blancfestival.com\/maestro-mario-eskenazi\/#primaryimage"},"thumbnailUrl":"https:\/\/blancfestival.com\/wp-content\/uploads\/2020\/05\/mario-eskenazi.jpg","datePublished":"2020-05-11T10:36:12+00:00","dateModified":"2020-06-04T14:20:00+00:00","description":"Mario Eskenazi es uno de los dise\u00f1adores de referencia en Espa\u00f1a y Latinoam\u00e9rica, en esta entrevista hablamos de su pasi\u00f3n y vocaci\u00f3n por el dise\u00f1o gr\u00e1fico.","breadcrumb":{"@id":"https:\/\/blancfestival.com\/maestro-mario-eskenazi\/#breadcrumb"},"inLanguage":"en-US","potentialAction":[{"@type":"ReadAction","target":["https:\/\/blancfestival.com\/maestro-mario-eskenazi\/"]}]},{"@type":"ImageObject","inLanguage":"en-US","@id":"https:\/\/blancfestival.com\/maestro-mario-eskenazi\/#primaryimage","url":"https:\/\/blancfestival.com\/wp-content\/uploads\/2020\/05\/mario-eskenazi.jpg","contentUrl":"https:\/\/blancfestival.com\/wp-content\/uploads\/2020\/05\/mario-eskenazi.jpg","width":1920,"height":1168,"caption":"Mario Eskenazi"},{"@type":"BreadcrumbList","@id":"https:\/\/blancfestival.com\/maestro-mario-eskenazi\/#breadcrumb","itemListElement":[{"@type":"ListItem","position":1,"name":"Portada","item":"https:\/\/blancfestival.com\/en\/"},{"@type":"ListItem","position":2,"name":"Mario Eskenazi, \u00abla idea rectora\u00bb"}]},{"@type":"WebSite","@id":"https:\/\/blancfestival.com\/#website","url":"https:\/\/blancfestival.com\/","name":"Blanc! Festival","description":"Dise\u00f1o, Creatividad e Innovaci\u00f3n","publisher":{"@id":"https:\/\/blancfestival.com\/#organization"},"potentialAction":[{"@type":"SearchAction","target":{"@type":"EntryPoint","urlTemplate":"https:\/\/blancfestival.com\/?s={search_term_string}"},"query-input":{"@type":"PropertyValueSpecification","valueRequired":true,"valueName":"search_term_string"}}],"inLanguage":"en-US"},{"@type":"Organization","@id":"https:\/\/blancfestival.com\/#organization","name":"Blanc! Festival de Dise\u00f1o, Creatividad e Innovaci\u00f3n","url":"https:\/\/blancfestival.com\/","logo":{"@type":"ImageObject","inLanguage":"en-US","@id":"https:\/\/blancfestival.com\/#\/schema\/logo\/image\/","url":"https:\/\/blancfestival.com\/wp-content\/uploads\/2025\/01\/logo_icono_blanc.jpg","contentUrl":"https:\/\/blancfestival.com\/wp-content\/uploads\/2025\/01\/logo_icono_blanc.jpg","width":2000,"height":2000,"caption":"Blanc! Festival de Dise\u00f1o, Creatividad e Innovaci\u00f3n"},"image":{"@id":"https:\/\/blancfestival.com\/#\/schema\/logo\/image\/"},"sameAs":["https:\/\/www.facebook.com\/blanc.festivaldissenygrafic\/","https:\/\/x.com\/blancfest","https:\/\/www.instagram.com\/blancfest\/","https:\/\/www.linkedin.com\/company\/blanc-festival","https:\/\/www.pinterest.com\/blancfest\/","https:\/\/www.youtube.com\/channel\/UCM-IjxOFb5gQg4yPgmze3Gg"]},{"@type":"Person","@id":"https:\/\/blancfestival.com\/#\/schema\/person\/1c1365d1e51e5730cf3f5fadb8670c06","name":"Redacci\u00f3n Blanc!","image":{"@type":"ImageObject","inLanguage":"en-US","@id":"https:\/\/blancfestival.com\/#\/schema\/person\/image\/","url":"https:\/\/blancfestival.com\/wp-content\/uploads\/2020\/02\/ico-120x120.png","contentUrl":"https:\/\/blancfestival.com\/wp-content\/uploads\/2020\/02\/ico-120x120.png","caption":"Redacci\u00f3n Blanc!"},"description":"\u201cNo trates de doblar la cuchara. Es imposible. En lugar de hacerlo, solo intenta darte cuenta de la verdad\u2026 No hay cuchara. Entonces, ver\u00e1s que no es la cuchara lo que se dobla, te doblas t\u00fa\u201d"}]}},"_links":{"self":[{"href":"https:\/\/blancfestival.com\/en\/wp-json\/wp\/v2\/posts\/2869","targetHints":{"allow":["GET"]}}],"collection":[{"href":"https:\/\/blancfestival.com\/en\/wp-json\/wp\/v2\/posts"}],"about":[{"href":"https:\/\/blancfestival.com\/en\/wp-json\/wp\/v2\/types\/post"}],"author":[{"embeddable":true,"href":"https:\/\/blancfestival.com\/en\/wp-json\/wp\/v2\/users\/3"}],"replies":[{"embeddable":true,"href":"https:\/\/blancfestival.com\/en\/wp-json\/wp\/v2\/comments?post=2869"}],"version-history":[{"count":10,"href":"https:\/\/blancfestival.com\/en\/wp-json\/wp\/v2\/posts\/2869\/revisions"}],"predecessor-version":[{"id":2903,"href":"https:\/\/blancfestival.com\/en\/wp-json\/wp\/v2\/posts\/2869\/revisions\/2903"}],"wp:featuredmedia":[{"embeddable":true,"href":"https:\/\/blancfestival.com\/en\/wp-json\/wp\/v2\/media\/2870"}],"wp:attachment":[{"href":"https:\/\/blancfestival.com\/en\/wp-json\/wp\/v2\/media?parent=2869"}],"wp:term":[{"taxonomy":"category","embeddable":true,"href":"https:\/\/blancfestival.com\/en\/wp-json\/wp\/v2\/categories?post=2869"},{"taxonomy":"post_tag","embeddable":true,"href":"https:\/\/blancfestival.com\/en\/wp-json\/wp\/v2\/tags?post=2869"},{"taxonomy":"evento","embeddable":true,"href":"https:\/\/blancfestival.com\/en\/wp-json\/wp\/v2\/evento?post=2869"}],"curies":[{"name":"wp","href":"https:\/\/api.w.org\/{rel}","templated":true}]}}