{"id":4038,"date":"2020-09-23T09:00:12","date_gmt":"2020-09-23T07:00:12","guid":{"rendered":"https:\/\/blancfestival.com\/?p=4038"},"modified":"2020-09-24T15:42:08","modified_gmt":"2020-09-24T13:42:08","slug":"toni-miserachs-en-ocasiones-el-sentido-comun-parece-desaparecer-de-las-mentes-de-quienes-deciden-por-el-usuario","status":"publish","type":"post","link":"https:\/\/blancfestival.com\/en\/toni-miserachs-en-ocasiones-el-sentido-comun-parece-desaparecer-de-las-mentes-de-quienes-deciden-por-el-usuario\/","title":{"rendered":"Toni Miserachs: \u00abEn ocasiones el sentido com\u00fan parece desaparecer de las mentes de quienes deciden por el usuario\u00bb"},"content":{"rendered":"<p>Mestra del Blanc! 2020: por su dedicaci\u00f3n, contribuci\u00f3n y entrega al \u00e1mbito del dise\u00f1o. Miserachs, es una de las primeras representantes del dise\u00f1o gr\u00e1fico en Catalunya despu\u00e9s de la Guerra Civil. Pertenece a la generaci\u00f3n de profesionales que cooper\u00f3 en la Cultura Visual durante y previo a la Transici\u00f3n espa\u00f1ola.<\/p>\n<p>&nbsp;<\/p>\n<h2>Para aquella persona que no te conozca demasiado, h\u00e1blanos un poco sobre ti\u2026<\/h2>\n<p>\u00a1Qu\u00e9 dif\u00edcil me parece esta pregunta! No he dedicado muchas energ\u00edas a la introspecci\u00f3n y tampoco me he psicoanalizado, as\u00ed que\u2026 Como mucho me atrevo a destacar algunos rasgos que probablemente son significativos.<\/p>\n<p>Por ejemplo la impaciencia, que me ha llevado m\u00e1s de una vez a tomar decisiones quiz\u00e1s poco meditadas. Dentro de la misma l\u00ednea, me gusta sacarme de encima los problemas pendientes, grandes o peque\u00f1os: desde cambiar una bombilla hasta otro tipo de cuestiones m\u00e1s importantes. El llamado M\u00e9todo Rajoy, de dejar que los temas se vayan arrastrando y pudriendo, a la espera de que se resuelvan solos, no es lo m\u00edo. Esto en cuanto a temas de orden general.<\/p>\n<p>Sin embargo, frente a trabajos profesionales el sistema es distinto, m\u00e1s reflexivo. En una primera etapa le doy muchas vueltas sin materializar nada, tardando a veces bastantes d\u00edas, hasta que tengo claro el concepto a transmitir. Luego viene la fase de tomar el l\u00e1piz, empezar a garabatear y a dar forma. Probar y probar y volver a probar hasta la comprobaci\u00f3n final. Para la fase \u00faltima del proceso tuve la suerte de que colaborase conmigo durante muchos a\u00f1os una gran realizadora, Montserrat Coma, de precisi\u00f3n manual milim\u00e9trica, que dejaba los originales \u2014a\u00f1os despu\u00e9s <em>final art<\/em>\u2014 a punto de reproducci\u00f3n por parte del grabador. Hab\u00eda sido alumna de Eina y se desenvolv\u00eda con la misma habilidad con el l\u00e1piz, el tiral\u00edneas o el rotring que con el pincel, el <em>gouache<\/em> y la tinta china.<\/p>\n<div id=\"attachment_3500\" style=\"width: 690px\" class=\"wp-caption aligncenter\"><img loading=\"lazy\" decoding=\"async\" aria-describedby=\"caption-attachment-3500\" class=\"wp-image-3500 size-full\" src=\"https:\/\/blancfestival.com\/wp-content\/uploads\/2020\/07\/toni-miserachs-0003.jpg\" alt=\"Toni Miserachs\" width=\"680\" height=\"1022\" srcset=\"https:\/\/blancfestival.com\/wp-content\/uploads\/2020\/07\/toni-miserachs-0003.jpg 680w, https:\/\/blancfestival.com\/wp-content\/uploads\/2020\/07\/toni-miserachs-0003-250x376.jpg 250w, https:\/\/blancfestival.com\/wp-content\/uploads\/2020\/07\/toni-miserachs-0003-120x180.jpg 120w\" sizes=\"auto, (max-width: 680px) 100vw, 680px\" \/><p id=\"caption-attachment-3500\" class=\"wp-caption-text\">Retrato de Toni Miserachs en el Museu del Disseny de \u2028Barcelona. Bonastre, 2020<\/p><\/div>\n<p>&nbsp;<\/p>\n<h2>Si pudieses elegir tu profesi\u00f3n ahora que conoces c\u00f3mo ha sido toda tu trayectoria, \u00bfser\u00eda la de dise\u00f1adora?<\/h2>\n<p>Alguna vez he pensado que el montaje cinematogr\u00e1fico me hubiera gustado. Y si mi etapa de estudiante hubiese sido menos familiarmente reactiva de lo que fue, tambi\u00e9n me veo cursando Filolog\u00eda y dedic\u00e1ndome a la escritura. Pero creo que nada de esto me ha producido frustraci\u00f3n, son simples hip\u00f3tesis alternativas.<\/p>\n<p>&nbsp;<\/p>\n<h2>Viviste la \u00e9poca donde empezaron las ense\u00f1anzas en dise\u00f1o en nuestro pa\u00eds. Primeramente, matricul\u00e1ndote en Elisava en el 1962 para formarte como dise\u00f1adora, y posteriormente, con EINA en 1968 empezaste un largo y cercano recorrido desempe\u00f1ando distintos puestos desde los inicios de la escuela. \u00bfQu\u00e9 impacto crees que tuvieron estos centros de estudios en el sector? \u00bfImpulsaron la idea de dise\u00f1o?<\/h2>\n<p>Se hizo lo que se pudo, en alg\u00fan caso quiz\u00e1s con mejor intenci\u00f3n que conocimiento. De todos modos los ide\u00f3logos iniciales, primero en Elisava y posteriormente en <a href=\"https:\/\/www.eina.cat\/ca\" target=\"_blank\" rel=\"noopener noreferrer\">Eina<\/a> despu\u00e9s del cisma de Elisava, ten\u00edan las ideas muy claras, con el ejemplo de la Bauhaus <em>in mente<\/em>, y tanto Cirici Pellicer como R\u00e0fols, por resumirlo en dos nombres, eran personalidades potentes. Excelentes en sus profesiones y comprometidos con la libertad que la sociedad necesitaba urgentemente, en aquel contexto pat\u00e9tico de los primeros a\u00f1os sesenta. Es preciso recordar que mientras estudi\u00e9 ah\u00ed, Elisava era s\u00f3lo para mujeres y que su nombre era Centro de Influencia Cat\u00f3lica Femenina (CICF).<\/p>\n<p>Visto desde la perspectiva actual creo que el problema principal de estas escuelas, sobretodo hoy, es el del profesorado. Con todo el respeto hacia los titulados, creo que es mucho m\u00e1s importante que un profesor de dise\u00f1o sea un dise\u00f1ador \u2014pr\u00e1ctico o te\u00f3rico\u2014 en activo, alguien que proceda del extens\u00edsimo \u00e1mbito del dise\u00f1o, que un licenciado <em>per se<\/em>. Creo que Bolonia fue una bomba para las escuelas de dise\u00f1o.<\/p>\n<p>&nbsp;<\/p>\n<h2>En tu experiencia, \u00bfcrees que viviste los acontecimientos id\u00f3neos para enamorarte a\u00fan m\u00e1s de este oficio?<\/h2>\n<p>Las circunstancias eran radicalmente distintas de las actuales\u2026 Simplificar\u00e9 para que se entienda: sab\u00edamos que si eras trabajador y cumplidor, tendr\u00edas trabajo casi autom\u00e1ticamente. Estaba todo por hacer, no hab\u00eda piezas gr\u00e1ficas interesantes de producci\u00f3n nacional y los \u00fanicos ejemplos \u2014pocos\u2014estaban en los kioscos en forma de publicaciones extranjeras. Y \u00e9ramos much\u00edsimos menos que hoy.<\/p>\n<p>Empec\u00e9 los estudios convencida de que hab\u00eda encontrado lo m\u00edo y tuve la suerte de ir encadenando trabajos sin grandes problemas, aunque a lo largo de los a\u00f1os tuve algunos bajones como todo el mundo, supongo, que solucion\u00e9 con trabajos temporales de media jornada a sueldo, siempre dentro del mismo \u00e1mbito. La profesi\u00f3n me ha dado satisfacciones y angustias, imagino tambi\u00e9n que como a todos. Lo que est\u00e1 claro es que me ha servido para ganarme la vida siempre con la misma actividad y esto me parece significativo. Ya de muy joven hab\u00eda descubierto que la independencia econ\u00f3mica es b\u00e1sica para todos, a\u00fan m\u00e1s si cabe para las mujeres.<\/p>\n<p>&nbsp;<\/p>\n<h2>Por otra parte, cuando se empez\u00f3 a divulgar la palabra dise\u00f1o socialmente, \u00bfse comprend\u00eda el significado del t\u00e9rmino?\u00bfCu\u00e1ndo empez\u00f3 a tener notoriedad?<\/h2>\n<p>Hay que ponerlo en su contexto: est\u00e1bamos a\u00fan, culturalmente hablando \u2014y no s\u00f3lo culturalmente\u2014 en un per\u00edodo de sequedad imponente. Se hab\u00eda hecho <em>tabula rasa<\/em> de la cultura, tambi\u00e9n gr\u00e1fica, de antes de la Guerra civil espa\u00f1ola (1936-1939) y parec\u00eda que la palabra dise\u00f1o surgiera de la nada, obviando grandes nombres que hab\u00edan trabajado en a\u00f1os anteriores a la contienda, incluso durante la misma como Josep Renau.<\/p>\n<p>Hab\u00eda que invertir tiempo y esfuerzos en clarificar alcance y definici\u00f3n de la palabra dise\u00f1o. La denominaci\u00f3n Grafismo, usada en aquel momento, induc\u00eda a confundirlo con una profesi\u00f3n art\u00edstica de libre creaci\u00f3n.<\/p>\n<p>El grupo de los Grafistas FAD (Huguet, Vellv\u00e9, Pla Narbona, Baqu\u00e9s, etc) con sus exposiciones en la calle, contribuy\u00f3 a divulgar la profesi\u00f3n, a\u00fan con su enfoque gr\u00e1fico basado en la ilustrativo.<\/p>\n<p>El t\u00e9rmino Dise\u00f1o se difundi\u00f3 y se vulgariz\u00f3 en los ochenta, no siempre con rigor. En las hemerotecas encontraremos montones de escritos en los que se ridiculiza a la profesi\u00f3n de forma sangrante, adjetiv\u00e1ndola como algo caro y mal resuelto, perecedero y casi in\u00fatil. Esta visi\u00f3n afect\u00f3 al dise\u00f1o de producto \u2014o industrial\u2014 por encima del dise\u00f1o gr\u00e1fico pero fue negativo para la profesi\u00f3n globalmente considerada. S\u00e9 que de todo esto hace ya mucho, much\u00edsimo tiempo para alguien joven, pero temo que cierta mala fama haya permanecido.<\/p>\n<p>Quiz\u00e1s alg\u00fan d\u00eda habr\u00e1 que analizar el papel de la prensa en este fen\u00f3meno, el desprestigio del dise\u00f1ador en los a\u00f1os ochenta, paralelo a su boom. Con excepciones como la del arquitecto Juli Capella, que en mi opini\u00f3n nunca dice tonter\u00edas al respecto, la historiadora Isabel Campi o el incansable Norberto Chaves, ha habido mucha ignorancia y como consecuencia mucho atrevimiento al emitir opiniones y juicios.<\/p>\n<p>&nbsp;<\/p>\n<blockquote>\n<h3>\u00abEl t\u00e9rmino Dise\u00f1o se difundi\u00f3 y se vulgariz\u00f3 en los ochenta, no siempre con rigor\u00bb<\/h3>\n<p>&nbsp;<\/p><\/blockquote>\n<p>Respecto a los clientes, por encima de todo deber\u00eda de primar el respeto mutuo. Y era muy distinto tratar con alguien \u201cviajado\u201d y conocedor de lo que se hac\u00eda en el mundo civilizado exterior, que con alg\u00fan local recalcitrante, convencido de que su criterio y particularmente su gusto, era el mejor.<\/p>\n<p>En este sentido me gusta recordar la respuesta de Anna Calvera a la frase \u201csobre gustos no hay nada escrito\u201d. Ella respond\u00eda: Pues, s\u00ed, precisamente hay mucho escrito y yo lo he le\u00eddo todo. Aprovecho para se\u00f1alar que la desaparici\u00f3n prematura de Anna es un verdadero desastre para el colectivo de mujeres dise\u00f1adoras.<\/p>\n<p>&nbsp;<\/p>\n<h2>En un sector dominado por hombres y por circunstancias diversas. \u00bfCon qu\u00e9 actitud hac\u00edas frente hacia una postura con cierto tono paternalista? \u00bfEsto afect\u00f3 a tu camino profesional?<\/h2>\n<p>Agradezco la prudencia del \u201ccierto tono\u201d en la pregunta, supongo que con intenci\u00f3n de no dramatizar. La verdad es que el tono paternalista era dominante y tomaba m\u00faltiples formas, unas directamente groseras y muchas insidiosamente sutiles. Desde los silbidos al entrar en una sala de m\u00e1quinas de una imprenta hasta la curiosidad evidente \u2014por no llamarlo morbo\u2014 de algunos clientes por ver a una mujer joven ejerciendo una nueva profesi\u00f3n. Pasando por todo tipo de los llamados micromachismos que se escrutan ahora con detalle, interiorizados entonces hasta l\u00edmites incre\u00edbles tanto por los hombres como por nosotras mismas. Actitudes tan normalizadas, que ni siquiera nos d\u00e1bamos cuenta. Hab\u00eda mujeres que lo llevaban con \u2014me cuesta llamarlo as\u00ed\u2014 resignaci\u00f3n. Algunas cuentan ahora que nunca tuvieron problemas en sus carreras por el hecho de ser mujer. Quiz\u00e1s tuvieron la suerte de no enterarse, por ejemplo, de lo que se dec\u00eda a sus espaldas de los m\u00e9todos mediante los que consegu\u00edan los trabajos. Actitudes por cierto de las que tambi\u00e9n han participado alegremente ilustres colegas de profesi\u00f3n. En cualquier caso y por desgracia, nada que no se haya producido en cualquier otro \u00e1mbito profesional durante los mismos a\u00f1os, me temo.<\/p>\n<p>Y una curiosidad, no s\u00e9 si micro o macro. M\u00e1s de veinte a\u00f1os despu\u00e9s del fallecimiento de mi hermano Xavier, muy reconocido fot\u00f3grafo, a\u00fan se me sigue presentando \u2014tambi\u00e9n por parte de mujeres\u2014 como \u201cLa hermana del fot\u00f3grafo\u201d para a\u00f1adirme pedigree, se supone. A estas alturas el hecho s\u00f3lo me hace sonre\u00edr y me provoca alguna reflexi\u00f3n maligna sobre los esquemas mentales del presentador\/a. Por otro lado, la relaci\u00f3n con Xavier nunca fue de competencia sino de colaboraci\u00f3n activa y muy afectuosa. A\u00f1adir\u00e9 que conceptos como triunfo, fama, notoriedad o brillo social en nuestra familia no cotizaban.<\/p>\n<p>&nbsp;<\/p>\n<h2>De los proyectos realizados a lo largo de la vida profesional, \u00bfde cu\u00e1l te sientes m\u00e1s orgullosa y por qu\u00e9?<\/h2>\n<p>Otra pregunta dif\u00edcil\u2026 M\u00e1s que de orgullo quiz\u00e1s hablar\u00eda de confort: en el entendimiento respetuoso con el cliente, en los plazos no excesivamente apretados, en el trato con los proveedores implicados.<\/p>\n<p>Puede ser dif\u00edcil de entender ahora pero hasta el advenimiento de la informatizaci\u00f3n eran muchas las personas que interven\u00edan activamente en el proceso. Nada que ver o casi con el aislamiento actual del dise\u00f1ador frente a la pantalla, mandando pdfs a diestro y siniestro.<\/p>\n<p>Alguna vez, cuando se colaboraba con una editorial potente, no todos los roles descansaban en el dise\u00f1ador.<br \/>\nCuando la editorial Enciclop\u00e8dia Catalana me encarg\u00f3 el dise\u00f1o de su <em>Hist\u00f2ria Natural dels Pa\u00efsos Catalans<\/em> (15 vol\u00famenes), me encontr\u00e9 con uno de estos equipos perfectamente engrasados.<\/p>\n<p>A pesar de algunos condicionantes iniciales fue uno de esos trabajos gratificantes de que hablaba y a\u00fan conservo la amistad que naci\u00f3 con la bi\u00f3loga Montserrat Comelles. A esta primera enciclopedia sigui\u00f3 Biosfera, otra enorme obra (11 vol\u00famenes) de la misma editorial.<\/p>\n<p>La mayor dificultad del trabajo de dise\u00f1o para estas obras enciclop\u00e9dicas fue establecer unas jerarqu\u00edas tipogr\u00e1ficas que pudieran absorber, y clarificar al lector, el sinf\u00edn de categor\u00edas y subcategor\u00edas, especies y subespecies, familias, etc, etc, del mundo vegetal y animal.<\/p>\n<p>Nunca he contado el n\u00famero de p\u00e1ginas que supusieron estas dos obras pero a los que nacieron con el ordenador ya puesto les sorprender\u00e1 imaginar los metros y m\u00e1s metros de galeradas (buscad en wikipedia qu\u00e9 son las galeradas\u2026) que tuve que recortar y pegar en las plantillas \u2014p\u00e0ginas\u2014 de maqueta, en las que ven\u00edan impresos en tono azul claro todos los detalles de diagramaci\u00f3n previamente establecidos en el dise\u00f1o base.<\/p>\n<p>El aspecto manual de la profesi\u00f3n es algo que no he dejado de echar de menos en mis dificultosos tratos con el g\u00e9lido ordenador.<\/p>\n<p>Tambi\u00e9n en <em>Vida i costums dels catalans<\/em>, de Edicions 62, tuve la suerte de colaborar con un personaje irrepetible, Marisa Trigo, que se convirti\u00f3 en una amiga hoy desaparecida y muy a\u00f1orada. En esta colecci\u00f3n se dieron fruct\u00edferas colaboraciones con mi hermano y sus fotograf\u00edas.<\/p>\n<p>No puedo cerrar este cap\u00edtulo sin mencionar el sinf\u00edn de cubiertas para la colecci\u00f3n Palabra en el tiempo, de la primera Lumen con otra mujer \u00fanica, Esther Tusquets. O la fruct\u00edfera colaboraci\u00f3n con la doctora Dolors Sais, responsable de incontables ediciones de folletos y alg\u00fan libro en los laboratorios Sandoz; ni los combativos tiempos de Vindicaci\u00f3n Feminista, con Lidia Falc\u00f3n y Carmen Alcalde.<\/p>\n<p>Releyendo parece que todo haya sido un camino de rosas. Ni mucho menos: por supuesto que ha habido disgustos, discusiones y conflictos. Buenos trabajos que quedaron en proyecto, como el de la imagen para una ut\u00f3pica \u2014por lo que se vio\u2014 Uni\u00f3 de Caixes, la reuni\u00f3n en una sola entidad de las m\u00faltiples Cajas de ahorro de Catalunya. O el minucioso estudio realizado con el ya mencionado Norberto Chaves, a trav\u00e9s de Eina, para el complejo mundo del calzado espa\u00f1ol de Elda.<\/p>\n<div id=\"attachment_4040\" style=\"width: 710px\" class=\"wp-caption aligncenter\"><img loading=\"lazy\" decoding=\"async\" aria-describedby=\"caption-attachment-4040\" class=\"wp-image-4040 size-large\" src=\"https:\/\/blancfestival.com\/wp-content\/uploads\/2020\/09\/Toni_Miserachs_mestra_Blanc_2020_retrat_baixa-4-700x466.jpg\" alt=\"Mestra del Blanc! 2020 Toni Miserachs\" width=\"700\" height=\"466\" srcset=\"https:\/\/blancfestival.com\/wp-content\/uploads\/2020\/09\/Toni_Miserachs_mestra_Blanc_2020_retrat_baixa-4-700x466.jpg 700w, https:\/\/blancfestival.com\/wp-content\/uploads\/2020\/09\/Toni_Miserachs_mestra_Blanc_2020_retrat_baixa-4-250x166.jpg 250w, https:\/\/blancfestival.com\/wp-content\/uploads\/2020\/09\/Toni_Miserachs_mestra_Blanc_2020_retrat_baixa-4-768x511.jpg 768w, https:\/\/blancfestival.com\/wp-content\/uploads\/2020\/09\/Toni_Miserachs_mestra_Blanc_2020_retrat_baixa-4-1536x1022.jpg 1536w, https:\/\/blancfestival.com\/wp-content\/uploads\/2020\/09\/Toni_Miserachs_mestra_Blanc_2020_retrat_baixa-4-2048x1363.jpg 2048w, https:\/\/blancfestival.com\/wp-content\/uploads\/2020\/09\/Toni_Miserachs_mestra_Blanc_2020_retrat_baixa-4-120x80.jpg 120w, https:\/\/blancfestival.com\/wp-content\/uploads\/2020\/09\/Toni_Miserachs_mestra_Blanc_2020_retrat_baixa-4-272x182.jpg 272w\" sizes=\"auto, (max-width: 700px) 100vw, 700px\" \/><p id=\"caption-attachment-4040\" class=\"wp-caption-text\">Toni Miserachs en el Dep\u00f3sito del Centre de Documentaci\u00f3 del Museu del Disseny de Barcelona. Bonastre, 2020<\/p><\/div>\n<p>&nbsp;<\/p>\n<h2>Como especialista en dise\u00f1o editorial y habiendo trabajado con tantos y tantos libros, \u00bfcrees que alg\u00fan d\u00eda desaparecer\u00e1 el volumen impreso y solo quedar\u00e1n reliquias f\u00edsicas?<\/h2>\n<p>La verdad es que mi dedicaci\u00f3n al mundo del libro fue m\u00e1s bien fortuita. Pero, quiz\u00e1s como lectora empedernida desde muy peque\u00f1a, me encontraba a gusto en \u00e9l.<\/p>\n<p>Con el dise\u00f1o de la colecci\u00f3n de bolsillo L\u2019Escorp\u00ed, de Edicions 62, intent\u00e9 la eliminaci\u00f3n de ilustraci\u00f3n en la cubierta, que me parec\u00eda \u2014y me sigue pareciendo\u2014 innecesaria en muchas colecciones de narrativa. En Francia, por ejemplo, abunda la edici\u00f3n sin ilustraci\u00f3n en la cubierta, por parte de las m\u00e1s prestigiosas editoriales. A\u00f1os m\u00e1s tarde lo volv\u00ed a intentar, esta vez sin \u00e9xito, en una colecci\u00f3n de EDHASA.<\/p>\n<p>Actualmente circula una colecci\u00f3n de Editorial Lumen con un criterio muy parecido al que plante\u00e9 en mi propuesta tumbada: foto en blanco y negro del autor\/a como fondo y sobreposici\u00f3n del t\u00edtulo dentro de una forma geom\u00e9trica. Sin m\u00e1s cromos ni zanahorias suculentas que atraigan a un lector al que se supone desinformado. De momento no he logrado saber de qui\u00e9n es el dise\u00f1o aunque estoy en ello.<\/p>\n<p>Me preocupa la posibilidad de la desaparici\u00f3n f\u00edsica del libro y me gustar\u00eda que se descubriera un material parecido al papel que no implicara la destrucci\u00f3n de los bosques. El ebook me parece un buen invento pero no la substituci\u00f3n, ya que leer siempre en pantalla se va demostrando nocivo para la vista. Por otra parte el placer de tener un volumen en las manos lo siento insustituible. El tacto, el olor, el gesto de pasar las p\u00e1ginas. Puede que sea un fen\u00f3meno generacional\u2026<\/p>\n<p>&nbsp;<\/p>\n<h2>Durante todos tus a\u00f1os elaborando proyectos de dise\u00f1o de todo tipo, \u00bfhas conocido alg\u00fan encargo en el que te hubiese gustado haber participado? Aunque sea un trabajo actual.<\/h2>\n<p>M\u00e1s que conocer, he imaginado estos encargos.<\/p>\n<p>Hay un gran tema que me parece que est\u00e1 pendiente: la se\u00f1alizaci\u00f3n de ciudades y carreteras secundarias. La proliferaci\u00f3n de r\u00f3tulos con supuestos c\u00f3digos tipogr\u00e1ficos, de color, de tama\u00f1o\u2026 crean un caos de lo m\u00e1s contraproducente y antinformativo. Cuesta distinguir, dentro del galimat\u00edas general, lo que es un pueblo cercano, un hotel, un garden center, un monumento, un supermercado, un restaurante. Claro, la coartada de que hay distintas administraciones implicadas lo complica y justifica en parte, pero a\u00fan as\u00ed creo que se podr\u00eda coordinar un esfuerzo de se\u00f1alizaci\u00f3n interesant\u00edsimo en el que me hubiera gustado participar.<\/p>\n<p>En otra categor\u00eda, relacionada con la anterior: \u00bfpor qu\u00e9 un turista que entra en las Rondas de Barcelona, por ejemplo, debe de conocer nombres como el de los r\u00edos Bes\u00f3s y Llobregat y encima saber en qu\u00e9 direcci\u00f3n le lleva cada uno? \u00bfNo se establecieron hace siglos los puntos cardinales para estos menesteres, llamados globalmente orientaci\u00f3n? En ocasiones el sentido com\u00fan parece desaparecer de las mentes de quienes deciden por el usuario. Tantas comisiones, asesoramientos y comit\u00e9s \u00bfpara qu\u00e9?<\/p>\n<p>Siguiendo con el tema se\u00f1alizaci\u00f3n: particip\u00e9, a trav\u00e9s del extinto Barcelona Centro de Dise\u00f1o, en una propuesta para las playas del \u00c1rea Metropolitana de Barcelona. Por desgracia no lleg\u00f3 a buen puerto pero fue muy interesante como experiencia.<\/p>\n<p>Aunque sin deseo expreso de haber participado, aprecio los trabajos de otros colegas y a menudo los he felicitado: al arquitecto Jos\u00e9 Emilio Hern\u00e1ndez-Cros por su eficaz control de la rotulaci\u00f3n comercial de la ciudad de Barcelona hace muchos a\u00f1os, a <a href=\"https:\/\/blancfestival.com\/diseno\/maestro-mario-eskenazi\/\" target=\"_blank\" rel=\"noopener noreferrer\">Mario Eskenaz<\/a>i por su trabajo tambi\u00e9n con el Ayuntamiento de Barcelona en la imagen de las brigadas m\u00f3viles de limpieza, a mi antiguo y listo alumno Pablo Mart\u00edn por su Premio Nacional de Dise\u00f1o, al ya mencionado Juli Capella por alguno de sus magn\u00edficos art\u00edculos de divulgaci\u00f3n, al incansable car\u00e1cter recopilatorio del amigo Albert Isern\u2026 aunque no en todas las ocasiones ni a todas las personas que hubiera deseado. Otra cosa pendiente de entre las muchas que los a\u00f1os acumulan.<\/p>\n","protected":false},"excerpt":{"rendered":"Mestra del Blanc! 2020: por su dedicaci\u00f3n, contribuci\u00f3n y entrega al \u00e1mbito del dise\u00f1o. Miserachs, es una de las primeras representantes del dise\u00f1o gr\u00e1fico en Catalunya despu\u00e9s de la Guerra Civil. Pertenece a la generaci\u00f3n de profesionales que cooper\u00f3 en la Cultura Visual durante y previo a la Transici\u00f3n espa\u00f1ola. &nbsp; Para aquella persona que&hellip;","protected":false},"author":11,"featured_media":4040,"comment_status":"open","ping_status":"open","sticky":false,"template":"","format":"standard","meta":{"_acf_changed":false,"footnotes":""},"categories":[2,4],"tags":[189,190,181,61,60,30],"evento":[],"class_list":["post-4038","post","type-post","status-publish","format-standard","has-post-thumbnail","hentry","category-diseno","category-entrevistas","tag-mestra","tag-maestros","tag-maestra","tag-barcelona","tag-diseno","tag-diseno-grafico"],"acf":[],"yoast_head":"<!-- This site is optimized with the Yoast SEO plugin v23.7 - https:\/\/yoast.com\/wordpress\/plugins\/seo\/ -->\n<title>Toni Miserachs: \u00abEn ocasiones el sentido com\u00fan parece desaparecer\u00bb<\/title>\n<meta name=\"description\" content=\"Toni Miserachs es una de las primeras representantes del dise\u00f1o gr\u00e1fico en Catalunya despu\u00e9s de la Guerra Civil. Entrevista por Vicent Almi\u00f1ana\" \/>\n<meta name=\"robots\" content=\"index, follow, max-snippet:-1, max-image-preview:large, max-video-preview:-1\" \/>\n<link rel=\"canonical\" href=\"https:\/\/blancfestival.com\/toni-miserachs-en-ocasiones-el-sentido-comun-parece-desaparecer-de-las-mentes-de-quienes-deciden-por-el-usuario\/\" \/>\n<meta property=\"og:locale\" content=\"en_US\" \/>\n<meta property=\"og:type\" content=\"article\" \/>\n<meta property=\"og:title\" content=\"Toni Miserachs: \u00abEn ocasiones el sentido com\u00fan parece desaparecer\u00bb\" \/>\n<meta property=\"og:description\" content=\"Toni Miserachs es una de las primeras representantes del dise\u00f1o gr\u00e1fico en Catalunya despu\u00e9s de la Guerra Civil. Entrevista por Vicent Almi\u00f1ana\" \/>\n<meta property=\"og:url\" content=\"https:\/\/blancfestival.com\/toni-miserachs-en-ocasiones-el-sentido-comun-parece-desaparecer-de-las-mentes-de-quienes-deciden-por-el-usuario\/\" \/>\n<meta property=\"og:site_name\" content=\"Blanc!\" \/>\n<meta property=\"article:publisher\" content=\"https:\/\/www.facebook.com\/blanc.festivaldissenygrafic\/\" \/>\n<meta property=\"article:published_time\" content=\"2020-09-23T07:00:12+00:00\" \/>\n<meta property=\"article:modified_time\" content=\"2020-09-24T13:42:08+00:00\" \/>\n<meta property=\"og:image\" content=\"https:\/\/blancfestival.com\/wp-content\/uploads\/2020\/09\/Toni_Miserachs_mestra_Blanc_2020_retrat_baixa-4-700x466.jpg\" \/>\n\t<meta property=\"og:image:width\" content=\"700\" \/>\n\t<meta property=\"og:image:height\" content=\"466\" \/>\n\t<meta property=\"og:image:type\" content=\"image\/jpeg\" \/>\n<meta name=\"author\" content=\"Vicent Almi\u00f1ana\" \/>\n<meta name=\"twitter:card\" content=\"summary_large_image\" \/>\n<meta name=\"twitter:creator\" content=\"@blancfest\" \/>\n<meta name=\"twitter:site\" content=\"@blancfest\" \/>\n<meta name=\"twitter:label1\" content=\"Written by\" \/>\n\t<meta name=\"twitter:data1\" content=\"Vicent Almi\u00f1ana\" \/>\n\t<meta name=\"twitter:label2\" content=\"Est. reading time\" \/>\n\t<meta name=\"twitter:data2\" content=\"15 minutes\" \/>\n<script type=\"application\/ld+json\" class=\"yoast-schema-graph\">{\"@context\":\"https:\/\/schema.org\",\"@graph\":[{\"@type\":\"Article\",\"@id\":\"https:\/\/blancfestival.com\/toni-miserachs-en-ocasiones-el-sentido-comun-parece-desaparecer-de-las-mentes-de-quienes-deciden-por-el-usuario\/#article\",\"isPartOf\":{\"@id\":\"https:\/\/blancfestival.com\/toni-miserachs-en-ocasiones-el-sentido-comun-parece-desaparecer-de-las-mentes-de-quienes-deciden-por-el-usuario\/\"},\"author\":{\"name\":\"Vicent Almi\u00f1ana\",\"@id\":\"https:\/\/blancfestival.com\/#\/schema\/person\/cefc56543155b30cc9cfa1801fb912bf\"},\"headline\":\"Toni Miserachs: \u00abEn ocasiones el sentido com\u00fan parece desaparecer de las mentes de quienes deciden por el usuario\u00bb\",\"datePublished\":\"2020-09-23T07:00:12+00:00\",\"dateModified\":\"2020-09-24T13:42:08+00:00\",\"mainEntityOfPage\":{\"@id\":\"https:\/\/blancfestival.com\/toni-miserachs-en-ocasiones-el-sentido-comun-parece-desaparecer-de-las-mentes-de-quienes-deciden-por-el-usuario\/\"},\"wordCount\":3064,\"commentCount\":0,\"publisher\":{\"@id\":\"https:\/\/blancfestival.com\/#organization\"},\"image\":{\"@id\":\"https:\/\/blancfestival.com\/toni-miserachs-en-ocasiones-el-sentido-comun-parece-desaparecer-de-las-mentes-de-quienes-deciden-por-el-usuario\/#primaryimage\"},\"thumbnailUrl\":\"https:\/\/blancfestival.com\/wp-content\/uploads\/2020\/09\/Toni_Miserachs_mestra_Blanc_2020_retrat_baixa-4.jpg\",\"keywords\":[\"mestra\",\"maestros\",\"maestra\",\"barcelona\",\"dise\u00f1o\",\"dise\u00f1o gr\u00e1fico\"],\"articleSection\":[\"Dise\u00f1o\",\"Entrevistas\"],\"inLanguage\":\"en-US\",\"potentialAction\":[{\"@type\":\"CommentAction\",\"name\":\"Comment\",\"target\":[\"https:\/\/blancfestival.com\/toni-miserachs-en-ocasiones-el-sentido-comun-parece-desaparecer-de-las-mentes-de-quienes-deciden-por-el-usuario\/#respond\"]}]},{\"@type\":\"WebPage\",\"@id\":\"https:\/\/blancfestival.com\/toni-miserachs-en-ocasiones-el-sentido-comun-parece-desaparecer-de-las-mentes-de-quienes-deciden-por-el-usuario\/\",\"url\":\"https:\/\/blancfestival.com\/toni-miserachs-en-ocasiones-el-sentido-comun-parece-desaparecer-de-las-mentes-de-quienes-deciden-por-el-usuario\/\",\"name\":\"Toni Miserachs: \u00abEn ocasiones el sentido com\u00fan parece desaparecer\u00bb\",\"isPartOf\":{\"@id\":\"https:\/\/blancfestival.com\/#website\"},\"primaryImageOfPage\":{\"@id\":\"https:\/\/blancfestival.com\/toni-miserachs-en-ocasiones-el-sentido-comun-parece-desaparecer-de-las-mentes-de-quienes-deciden-por-el-usuario\/#primaryimage\"},\"image\":{\"@id\":\"https:\/\/blancfestival.com\/toni-miserachs-en-ocasiones-el-sentido-comun-parece-desaparecer-de-las-mentes-de-quienes-deciden-por-el-usuario\/#primaryimage\"},\"thumbnailUrl\":\"https:\/\/blancfestival.com\/wp-content\/uploads\/2020\/09\/Toni_Miserachs_mestra_Blanc_2020_retrat_baixa-4.jpg\",\"datePublished\":\"2020-09-23T07:00:12+00:00\",\"dateModified\":\"2020-09-24T13:42:08+00:00\",\"description\":\"Toni Miserachs es una de las primeras representantes del dise\u00f1o gr\u00e1fico en Catalunya despu\u00e9s de la Guerra Civil. Entrevista por Vicent Almi\u00f1ana\",\"breadcrumb\":{\"@id\":\"https:\/\/blancfestival.com\/toni-miserachs-en-ocasiones-el-sentido-comun-parece-desaparecer-de-las-mentes-de-quienes-deciden-por-el-usuario\/#breadcrumb\"},\"inLanguage\":\"en-US\",\"potentialAction\":[{\"@type\":\"ReadAction\",\"target\":[\"https:\/\/blancfestival.com\/toni-miserachs-en-ocasiones-el-sentido-comun-parece-desaparecer-de-las-mentes-de-quienes-deciden-por-el-usuario\/\"]}]},{\"@type\":\"ImageObject\",\"inLanguage\":\"en-US\",\"@id\":\"https:\/\/blancfestival.com\/toni-miserachs-en-ocasiones-el-sentido-comun-parece-desaparecer-de-las-mentes-de-quienes-deciden-por-el-usuario\/#primaryimage\",\"url\":\"https:\/\/blancfestival.com\/wp-content\/uploads\/2020\/09\/Toni_Miserachs_mestra_Blanc_2020_retrat_baixa-4.jpg\",\"contentUrl\":\"https:\/\/blancfestival.com\/wp-content\/uploads\/2020\/09\/Toni_Miserachs_mestra_Blanc_2020_retrat_baixa-4.jpg\",\"width\":2500,\"height\":1664,\"caption\":\"Toni Miserachs en el Dep\u00f3sito del Centre de Documentaci\u00f3 del Museu del Disseny de Barcelona. Bonastre, 2020.\"},{\"@type\":\"BreadcrumbList\",\"@id\":\"https:\/\/blancfestival.com\/toni-miserachs-en-ocasiones-el-sentido-comun-parece-desaparecer-de-las-mentes-de-quienes-deciden-por-el-usuario\/#breadcrumb\",\"itemListElement\":[{\"@type\":\"ListItem\",\"position\":1,\"name\":\"Portada\",\"item\":\"https:\/\/blancfestival.com\/en\/\"},{\"@type\":\"ListItem\",\"position\":2,\"name\":\"Toni Miserachs: \u00abEn ocasiones el sentido com\u00fan parece desaparecer de las mentes de quienes deciden por el usuario\u00bb\"}]},{\"@type\":\"WebSite\",\"@id\":\"https:\/\/blancfestival.com\/#website\",\"url\":\"https:\/\/blancfestival.com\/\",\"name\":\"Blanc! Festival\",\"description\":\"Dise\u00f1o, Creatividad e Innovaci\u00f3n\",\"publisher\":{\"@id\":\"https:\/\/blancfestival.com\/#organization\"},\"potentialAction\":[{\"@type\":\"SearchAction\",\"target\":{\"@type\":\"EntryPoint\",\"urlTemplate\":\"https:\/\/blancfestival.com\/?s={search_term_string}\"},\"query-input\":{\"@type\":\"PropertyValueSpecification\",\"valueRequired\":true,\"valueName\":\"search_term_string\"}}],\"inLanguage\":\"en-US\"},{\"@type\":\"Organization\",\"@id\":\"https:\/\/blancfestival.com\/#organization\",\"name\":\"Blanc! Festival de Dise\u00f1o, Creatividad e Innovaci\u00f3n\",\"url\":\"https:\/\/blancfestival.com\/\",\"logo\":{\"@type\":\"ImageObject\",\"inLanguage\":\"en-US\",\"@id\":\"https:\/\/blancfestival.com\/#\/schema\/logo\/image\/\",\"url\":\"https:\/\/blancfestival.com\/wp-content\/uploads\/2025\/01\/logo_icono_blanc.jpg\",\"contentUrl\":\"https:\/\/blancfestival.com\/wp-content\/uploads\/2025\/01\/logo_icono_blanc.jpg\",\"width\":2000,\"height\":2000,\"caption\":\"Blanc! Festival de Dise\u00f1o, Creatividad e Innovaci\u00f3n\"},\"image\":{\"@id\":\"https:\/\/blancfestival.com\/#\/schema\/logo\/image\/\"},\"sameAs\":[\"https:\/\/www.facebook.com\/blanc.festivaldissenygrafic\/\",\"https:\/\/x.com\/blancfest\",\"https:\/\/www.instagram.com\/blancfest\/\",\"https:\/\/www.linkedin.com\/company\/blanc-festival\",\"https:\/\/www.pinterest.com\/blancfest\/\",\"https:\/\/www.youtube.com\/channel\/UCM-IjxOFb5gQg4yPgmze3Gg\"]},{\"@type\":\"Person\",\"@id\":\"https:\/\/blancfestival.com\/#\/schema\/person\/cefc56543155b30cc9cfa1801fb912bf\",\"name\":\"Vicent Almi\u00f1ana\",\"image\":{\"@type\":\"ImageObject\",\"inLanguage\":\"en-US\",\"@id\":\"https:\/\/blancfestival.com\/#\/schema\/person\/image\/\",\"url\":\"https:\/\/blancfestival.com\/wp-content\/uploads\/2020\/04\/Vicent_3_web-e1587308297166-150x150.jpg\",\"contentUrl\":\"https:\/\/blancfestival.com\/wp-content\/uploads\/2020\/04\/Vicent_3_web-e1587308297166-150x150.jpg\",\"caption\":\"Vicent Almi\u00f1ana\"},\"description\":\"Dise\u00f1ador gr\u00e1fico, docente y comisario de exposiciones. Con fuerte inter\u00e9s por la defensa del dise\u00f1o y las artes visuales. Responsable de la secci\u00f3n\u00a0Mestres del Blanc!\"}]}<\/script>\n<!-- \/ Yoast SEO plugin. -->","yoast_head_json":{"title":"Toni Miserachs: \u00abEn ocasiones el sentido com\u00fan parece desaparecer\u00bb","description":"Toni Miserachs es una de las primeras representantes del dise\u00f1o gr\u00e1fico en Catalunya despu\u00e9s de la Guerra Civil. Entrevista por Vicent Almi\u00f1ana","robots":{"index":"index","follow":"follow","max-snippet":"max-snippet:-1","max-image-preview":"max-image-preview:large","max-video-preview":"max-video-preview:-1"},"canonical":"https:\/\/blancfestival.com\/toni-miserachs-en-ocasiones-el-sentido-comun-parece-desaparecer-de-las-mentes-de-quienes-deciden-por-el-usuario\/","og_locale":"en_US","og_type":"article","og_title":"Toni Miserachs: \u00abEn ocasiones el sentido com\u00fan parece desaparecer\u00bb","og_description":"Toni Miserachs es una de las primeras representantes del dise\u00f1o gr\u00e1fico en Catalunya despu\u00e9s de la Guerra Civil. Entrevista por Vicent Almi\u00f1ana","og_url":"https:\/\/blancfestival.com\/toni-miserachs-en-ocasiones-el-sentido-comun-parece-desaparecer-de-las-mentes-de-quienes-deciden-por-el-usuario\/","og_site_name":"Blanc!","article_publisher":"https:\/\/www.facebook.com\/blanc.festivaldissenygrafic\/","article_published_time":"2020-09-23T07:00:12+00:00","article_modified_time":"2020-09-24T13:42:08+00:00","og_image":[{"width":700,"height":466,"url":"https:\/\/blancfestival.com\/wp-content\/uploads\/2020\/09\/Toni_Miserachs_mestra_Blanc_2020_retrat_baixa-4-700x466.jpg","type":"image\/jpeg"}],"author":"Vicent Almi\u00f1ana","twitter_card":"summary_large_image","twitter_creator":"@blancfest","twitter_site":"@blancfest","twitter_misc":{"Written by":"Vicent Almi\u00f1ana","Est. reading time":"15 minutes"},"schema":{"@context":"https:\/\/schema.org","@graph":[{"@type":"Article","@id":"https:\/\/blancfestival.com\/toni-miserachs-en-ocasiones-el-sentido-comun-parece-desaparecer-de-las-mentes-de-quienes-deciden-por-el-usuario\/#article","isPartOf":{"@id":"https:\/\/blancfestival.com\/toni-miserachs-en-ocasiones-el-sentido-comun-parece-desaparecer-de-las-mentes-de-quienes-deciden-por-el-usuario\/"},"author":{"name":"Vicent Almi\u00f1ana","@id":"https:\/\/blancfestival.com\/#\/schema\/person\/cefc56543155b30cc9cfa1801fb912bf"},"headline":"Toni Miserachs: \u00abEn ocasiones el sentido com\u00fan parece desaparecer de las mentes de quienes deciden por el usuario\u00bb","datePublished":"2020-09-23T07:00:12+00:00","dateModified":"2020-09-24T13:42:08+00:00","mainEntityOfPage":{"@id":"https:\/\/blancfestival.com\/toni-miserachs-en-ocasiones-el-sentido-comun-parece-desaparecer-de-las-mentes-de-quienes-deciden-por-el-usuario\/"},"wordCount":3064,"commentCount":0,"publisher":{"@id":"https:\/\/blancfestival.com\/#organization"},"image":{"@id":"https:\/\/blancfestival.com\/toni-miserachs-en-ocasiones-el-sentido-comun-parece-desaparecer-de-las-mentes-de-quienes-deciden-por-el-usuario\/#primaryimage"},"thumbnailUrl":"https:\/\/blancfestival.com\/wp-content\/uploads\/2020\/09\/Toni_Miserachs_mestra_Blanc_2020_retrat_baixa-4.jpg","keywords":["mestra","maestros","maestra","barcelona","dise\u00f1o","dise\u00f1o gr\u00e1fico"],"articleSection":["Dise\u00f1o","Entrevistas"],"inLanguage":"en-US","potentialAction":[{"@type":"CommentAction","name":"Comment","target":["https:\/\/blancfestival.com\/toni-miserachs-en-ocasiones-el-sentido-comun-parece-desaparecer-de-las-mentes-de-quienes-deciden-por-el-usuario\/#respond"]}]},{"@type":"WebPage","@id":"https:\/\/blancfestival.com\/toni-miserachs-en-ocasiones-el-sentido-comun-parece-desaparecer-de-las-mentes-de-quienes-deciden-por-el-usuario\/","url":"https:\/\/blancfestival.com\/toni-miserachs-en-ocasiones-el-sentido-comun-parece-desaparecer-de-las-mentes-de-quienes-deciden-por-el-usuario\/","name":"Toni Miserachs: \u00abEn ocasiones el sentido com\u00fan parece desaparecer\u00bb","isPartOf":{"@id":"https:\/\/blancfestival.com\/#website"},"primaryImageOfPage":{"@id":"https:\/\/blancfestival.com\/toni-miserachs-en-ocasiones-el-sentido-comun-parece-desaparecer-de-las-mentes-de-quienes-deciden-por-el-usuario\/#primaryimage"},"image":{"@id":"https:\/\/blancfestival.com\/toni-miserachs-en-ocasiones-el-sentido-comun-parece-desaparecer-de-las-mentes-de-quienes-deciden-por-el-usuario\/#primaryimage"},"thumbnailUrl":"https:\/\/blancfestival.com\/wp-content\/uploads\/2020\/09\/Toni_Miserachs_mestra_Blanc_2020_retrat_baixa-4.jpg","datePublished":"2020-09-23T07:00:12+00:00","dateModified":"2020-09-24T13:42:08+00:00","description":"Toni Miserachs es una de las primeras representantes del dise\u00f1o gr\u00e1fico en Catalunya despu\u00e9s de la Guerra Civil. Entrevista por Vicent Almi\u00f1ana","breadcrumb":{"@id":"https:\/\/blancfestival.com\/toni-miserachs-en-ocasiones-el-sentido-comun-parece-desaparecer-de-las-mentes-de-quienes-deciden-por-el-usuario\/#breadcrumb"},"inLanguage":"en-US","potentialAction":[{"@type":"ReadAction","target":["https:\/\/blancfestival.com\/toni-miserachs-en-ocasiones-el-sentido-comun-parece-desaparecer-de-las-mentes-de-quienes-deciden-por-el-usuario\/"]}]},{"@type":"ImageObject","inLanguage":"en-US","@id":"https:\/\/blancfestival.com\/toni-miserachs-en-ocasiones-el-sentido-comun-parece-desaparecer-de-las-mentes-de-quienes-deciden-por-el-usuario\/#primaryimage","url":"https:\/\/blancfestival.com\/wp-content\/uploads\/2020\/09\/Toni_Miserachs_mestra_Blanc_2020_retrat_baixa-4.jpg","contentUrl":"https:\/\/blancfestival.com\/wp-content\/uploads\/2020\/09\/Toni_Miserachs_mestra_Blanc_2020_retrat_baixa-4.jpg","width":2500,"height":1664,"caption":"Toni Miserachs en el Dep\u00f3sito del Centre de Documentaci\u00f3 del Museu del Disseny de Barcelona. Bonastre, 2020."},{"@type":"BreadcrumbList","@id":"https:\/\/blancfestival.com\/toni-miserachs-en-ocasiones-el-sentido-comun-parece-desaparecer-de-las-mentes-de-quienes-deciden-por-el-usuario\/#breadcrumb","itemListElement":[{"@type":"ListItem","position":1,"name":"Portada","item":"https:\/\/blancfestival.com\/en\/"},{"@type":"ListItem","position":2,"name":"Toni Miserachs: \u00abEn ocasiones el sentido com\u00fan parece desaparecer de las mentes de quienes deciden por el usuario\u00bb"}]},{"@type":"WebSite","@id":"https:\/\/blancfestival.com\/#website","url":"https:\/\/blancfestival.com\/","name":"Blanc! Festival","description":"Dise\u00f1o, Creatividad e Innovaci\u00f3n","publisher":{"@id":"https:\/\/blancfestival.com\/#organization"},"potentialAction":[{"@type":"SearchAction","target":{"@type":"EntryPoint","urlTemplate":"https:\/\/blancfestival.com\/?s={search_term_string}"},"query-input":{"@type":"PropertyValueSpecification","valueRequired":true,"valueName":"search_term_string"}}],"inLanguage":"en-US"},{"@type":"Organization","@id":"https:\/\/blancfestival.com\/#organization","name":"Blanc! Festival de Dise\u00f1o, Creatividad e Innovaci\u00f3n","url":"https:\/\/blancfestival.com\/","logo":{"@type":"ImageObject","inLanguage":"en-US","@id":"https:\/\/blancfestival.com\/#\/schema\/logo\/image\/","url":"https:\/\/blancfestival.com\/wp-content\/uploads\/2025\/01\/logo_icono_blanc.jpg","contentUrl":"https:\/\/blancfestival.com\/wp-content\/uploads\/2025\/01\/logo_icono_blanc.jpg","width":2000,"height":2000,"caption":"Blanc! Festival de Dise\u00f1o, Creatividad e Innovaci\u00f3n"},"image":{"@id":"https:\/\/blancfestival.com\/#\/schema\/logo\/image\/"},"sameAs":["https:\/\/www.facebook.com\/blanc.festivaldissenygrafic\/","https:\/\/x.com\/blancfest","https:\/\/www.instagram.com\/blancfest\/","https:\/\/www.linkedin.com\/company\/blanc-festival","https:\/\/www.pinterest.com\/blancfest\/","https:\/\/www.youtube.com\/channel\/UCM-IjxOFb5gQg4yPgmze3Gg"]},{"@type":"Person","@id":"https:\/\/blancfestival.com\/#\/schema\/person\/cefc56543155b30cc9cfa1801fb912bf","name":"Vicent Almi\u00f1ana","image":{"@type":"ImageObject","inLanguage":"en-US","@id":"https:\/\/blancfestival.com\/#\/schema\/person\/image\/","url":"https:\/\/blancfestival.com\/wp-content\/uploads\/2020\/04\/Vicent_3_web-e1587308297166-150x150.jpg","contentUrl":"https:\/\/blancfestival.com\/wp-content\/uploads\/2020\/04\/Vicent_3_web-e1587308297166-150x150.jpg","caption":"Vicent Almi\u00f1ana"},"description":"Dise\u00f1ador gr\u00e1fico, docente y comisario de exposiciones. Con fuerte inter\u00e9s por la defensa del dise\u00f1o y las artes visuales. Responsable de la secci\u00f3n\u00a0Mestres del Blanc!"}]}},"_links":{"self":[{"href":"https:\/\/blancfestival.com\/en\/wp-json\/wp\/v2\/posts\/4038","targetHints":{"allow":["GET"]}}],"collection":[{"href":"https:\/\/blancfestival.com\/en\/wp-json\/wp\/v2\/posts"}],"about":[{"href":"https:\/\/blancfestival.com\/en\/wp-json\/wp\/v2\/types\/post"}],"author":[{"embeddable":true,"href":"https:\/\/blancfestival.com\/en\/wp-json\/wp\/v2\/users\/11"}],"replies":[{"embeddable":true,"href":"https:\/\/blancfestival.com\/en\/wp-json\/wp\/v2\/comments?post=4038"}],"version-history":[{"count":7,"href":"https:\/\/blancfestival.com\/en\/wp-json\/wp\/v2\/posts\/4038\/revisions"}],"predecessor-version":[{"id":4107,"href":"https:\/\/blancfestival.com\/en\/wp-json\/wp\/v2\/posts\/4038\/revisions\/4107"}],"wp:featuredmedia":[{"embeddable":true,"href":"https:\/\/blancfestival.com\/en\/wp-json\/wp\/v2\/media\/4040"}],"wp:attachment":[{"href":"https:\/\/blancfestival.com\/en\/wp-json\/wp\/v2\/media?parent=4038"}],"wp:term":[{"taxonomy":"category","embeddable":true,"href":"https:\/\/blancfestival.com\/en\/wp-json\/wp\/v2\/categories?post=4038"},{"taxonomy":"post_tag","embeddable":true,"href":"https:\/\/blancfestival.com\/en\/wp-json\/wp\/v2\/tags?post=4038"},{"taxonomy":"evento","embeddable":true,"href":"https:\/\/blancfestival.com\/en\/wp-json\/wp\/v2\/evento?post=4038"}],"curies":[{"name":"wp","href":"https:\/\/api.w.org\/{rel}","templated":true}]}}