{"id":4164,"date":"2020-10-13T22:26:02","date_gmt":"2020-10-13T20:26:02","guid":{"rendered":"https:\/\/blancfestival.com\/?p=4164"},"modified":"2020-10-13T23:29:36","modified_gmt":"2020-10-13T21:29:36","slug":"tiene-sentido-que-el-branding","status":"publish","type":"post","link":"https:\/\/blancfestival.com\/en\/tiene-sentido-que-el-branding\/","title":{"rendered":"\u00bfTiene sentido que el branding piense a largo plazo cuando todo parece que cambia cada minuto?"},"content":{"rendered":"<p>Que el Blanc me encargue un texto en lugar de una charla en un acontecimiento memorable es un signo de los tiempos. Tambi\u00e9n lo es que est\u00e9s leyendo (muy probablemente) este texto en tu casa. O que vayas a vivir el festival en zapatillas de estar por casa (vale, aqu\u00ed me arriesgo). Lo que est\u00e1 pasando no estaba en ning\u00fan plan. Nadie lo vio venir, solo los apocal\u00edpticos que siempre est\u00e1n dando malas noticias y son como esos relojes parados que aciertan la hora dos veces al d\u00eda.<\/p>\n<p>&nbsp;<\/p>\n<div id=\"attachment_4168\" style=\"width: 710px\" class=\"wp-caption alignnone\"><img loading=\"lazy\" decoding=\"async\" aria-describedby=\"caption-attachment-4168\" class=\"wp-image-4168 size-large\" src=\"https:\/\/blancfestival.com\/wp-content\/uploads\/2020\/10\/0l-elisa-michelet-kR3ahGAazxc-unsplash-700x466.jpg\" alt=\"\" width=\"700\" height=\"466\" srcset=\"https:\/\/blancfestival.com\/wp-content\/uploads\/2020\/10\/0l-elisa-michelet-kR3ahGAazxc-unsplash-700x466.jpg 700w, https:\/\/blancfestival.com\/wp-content\/uploads\/2020\/10\/0l-elisa-michelet-kR3ahGAazxc-unsplash-250x167.jpg 250w, https:\/\/blancfestival.com\/wp-content\/uploads\/2020\/10\/0l-elisa-michelet-kR3ahGAazxc-unsplash-768x512.jpg 768w, https:\/\/blancfestival.com\/wp-content\/uploads\/2020\/10\/0l-elisa-michelet-kR3ahGAazxc-unsplash-120x80.jpg 120w, https:\/\/blancfestival.com\/wp-content\/uploads\/2020\/10\/0l-elisa-michelet-kR3ahGAazxc-unsplash-272x182.jpg 272w, https:\/\/blancfestival.com\/wp-content\/uploads\/2020\/10\/0l-elisa-michelet-kR3ahGAazxc-unsplash.jpg 800w\" sizes=\"auto, (max-width: 700px) 100vw, 700px\" \/><p id=\"caption-attachment-4168\" class=\"wp-caption-text\">Photo by Elisa Michelet<\/p><\/div>\n<p>Son esas cosas del futuro: lo importante que dejamos para el \u00faltimo momento. Los que est\u00e1n en eso del futuro siempre advierten que es demasiado importante como para tener solo un escenario. Y la vida les ha dado la raz\u00f3n.<\/p>\n<p>&nbsp;<\/p>\n<h2>Futuro y branding han sido dos conceptos que tradicionalmente han ido de la mano<\/h2>\n<p>Una empresa o instituci\u00f3n crea y gestiona su marca a largo plazo porque piensa en el futuro. Bajo ese mantra hemos trabajado la consistencia en todo momento, la coherencia en cualquier situaci\u00f3n, la perdurabilidad de los intangibles. Pero ese binomio de futuro y branding ha entrado en estr\u00e9s. \u00bfUna de las causas? El tiempo.<\/p>\n<p>Aunque no tengo un gusto particular por los acr\u00f3nimos, aqu\u00ed van dos para explicarme un poco mejor. El primero: en tiempos de la Guerra Fr\u00eda se consideraba que el mundo era VUCA, uniendo cuatro adjetivos muy sintom\u00e1ticos: tiempos vol\u00e1tiles, inciertos, complejos y ambiguos. El segundo: m\u00e1s recientemente el futur\u00f3logo Jamais Cascio se atreve a dar una vuelta de tuerca a ese modelo con BANI. \u00bfQu\u00e9 significa BANI? Seguro que te suena. Profundamente. \u00cdntimamente. Porque BANI es un t\u00e9rmino compuesto por las iniciales de las palabras en ingl\u00e9s de quebradizo, ansioso, no lineal e incomprensible.<\/p>\n<p>&nbsp;<\/p>\n<h2>La realidad es quebradiza, ansiosa, no lineal e incomprensible<\/h2>\n<p>Las organizaciones son quebradizas, ansiosas, no lineales e incomprensibles. Los proyectos son quebradizos, ansiosos, no lineales e incomprensibles.<\/p>\n<p>Y aqu\u00ed y ahora atr\u00e9vete a decir largo plazo. Y consistencia. Y que tu proyecto durar\u00e1 inmutable los pr\u00f3ximos 10 o 15 a\u00f1os. Sonar\u00e1 un poco loco. Temerario. Quiz\u00e1 hasta irresponsable. Es el desaf\u00edo al que se enfrenta la creaci\u00f3n y gesti\u00f3n de marcas: c\u00f3mo construir memorabilidad cuando todo se mueve todo el rato y tan deprisa.<\/p>\n<p>Hace tiempo que la relevancia gan\u00f3 a la consistencia. Como dec\u00eda Druker, la cultura desayuna estrategia (y merienda resultados). Construir marcas nunca hab\u00eda sido tan dif\u00edcil como ahora. Todo se mueve tan y tan r\u00e1pido que el aprendizaje se ha convertido en el motor del cambio de las organizaciones competitivas. Tanto, que muchos ya no hablan de ROI, sino de ROK (Return of Knowledge), el retorno futuro que dar\u00e1 el aprendizaje que obtengas hoy.<\/p>\n<p>En \u00e9poca de m\u00e9tricas resbaladizas reivindico el poder de las preguntas elementales, esas que nunca cambian y que sirven de faro gu\u00eda, como el musgo entre los \u00e1rboles indica d\u00f3nde est\u00e1 el norte. Son las que apelan al prop\u00f3sito y desencadenan operaciones, las que generan incomodidades y te hacen sudar en el cogote, s\u00ed, esas. Todos nos las deber\u00edamos hacer. Aunque nos de miedo, aunque sea relativa. Una no respuesta es la peor respuesta estos d\u00edas.<\/p>\n<p>&nbsp;<\/p>\n<h2>S\u00e9 sincero y no hagas trampas al solitario<\/h2>\n<p>No trates de responder preguntas dif\u00edciles con otras f\u00e1ciles, porque no va as\u00ed. Es lo que se conoce como efecto \u201cpriming\u201d en psicolog\u00eda conductual. Tampoco te f\u00edes de tu intuici\u00f3n, porque enga\u00f1a. Un ejemplo, valoramos como m\u00e1s factibles las respuestas en funci\u00f3n de la rapidez con la que se nos ocurren cuando nos preguntan. Cuidado con esto. Si no puedes entender la realidad, al menos no te la inventes. Cabeza fr\u00eda y pregunta a los que saben.<\/p>\n<p>Vivimos en una era post-digital. Un medio que nos ha dado m\u00e1s datos que nunca y m\u00e1s FOMO que nunca. \u00bfA cu\u00e1ntas conferencias os hab\u00e9is apuntado este confinamiento? \u00bfA cu\u00e1ntas hab\u00e9is asistido finalmente? Como dec\u00eda un sabio, sin datos no podemos explicar la realidad, pero s\u00f3lo con datos tenemos una parte de la realidad. Necesitamos combinar las nuevas tecnolog\u00edas cu\u00e1nticas con la artesan\u00eda y la prospectiva de siempre. Sobre el terreno, buscando respuestas, detectando insights.<\/p>\n<p>&nbsp;<\/p>\n<div id=\"attachment_4165\" style=\"width: 710px\" class=\"wp-caption alignnone\"><img loading=\"lazy\" decoding=\"async\" aria-describedby=\"caption-attachment-4165\" class=\"wp-image-4165 size-large\" src=\"https:\/\/blancfestival.com\/wp-content\/uploads\/2020\/10\/0-elena-koycheva-GUYCM0jhuSA-unsplash-700x700.jpg\" alt=\"\" width=\"700\" height=\"700\" srcset=\"https:\/\/blancfestival.com\/wp-content\/uploads\/2020\/10\/0-elena-koycheva-GUYCM0jhuSA-unsplash-700x700.jpg 700w, https:\/\/blancfestival.com\/wp-content\/uploads\/2020\/10\/0-elena-koycheva-GUYCM0jhuSA-unsplash-250x250.jpg 250w, https:\/\/blancfestival.com\/wp-content\/uploads\/2020\/10\/0-elena-koycheva-GUYCM0jhuSA-unsplash-150x150.jpg 150w, https:\/\/blancfestival.com\/wp-content\/uploads\/2020\/10\/0-elena-koycheva-GUYCM0jhuSA-unsplash-768x768.jpg 768w, https:\/\/blancfestival.com\/wp-content\/uploads\/2020\/10\/0-elena-koycheva-GUYCM0jhuSA-unsplash-120x120.jpg 120w, https:\/\/blancfestival.com\/wp-content\/uploads\/2020\/10\/0-elena-koycheva-GUYCM0jhuSA-unsplash.jpg 800w\" sizes=\"auto, (max-width: 700px) 100vw, 700px\" \/><p id=\"caption-attachment-4165\" class=\"wp-caption-text\">Photo by Elena Koycheva<\/p><\/div>\n<p>&nbsp;<\/p>\n<p>Porque si algo tengo claro es que la realidad no va a cambiar. No creo en el pensamiento m\u00e1gico. No nos sirven los consejos tipo \u2018galletita de la suerte\u2019 de si quieres, puedes. Si el futuro no va a cambiar lo tendr\u00e1 que hacer el branding (vale, es verdad, no hay m\u00e1s remedio). Crear y gestionar una marca es c\u00f3mo impulsamos la relevancia a trav\u00e9s de una propuesta de valor, de una identidad, de un relato, de un punto de contacto significativo.<\/p>\n<p>Es la suma de una sinfon\u00eda de elementos. As\u00ed lo aplicamos d\u00eda a d\u00eda en Comuniza, lo analizamos en Brandemia y lo contamos en nuestras clases en <a href=\"https:\/\/www.lcibarcelona.com\/?utm_source=blancfestival&amp;utm_medium=article&amp;utm_campaign=patrocinio_blanc\" target=\"_blank\" rel=\"noopener noreferrer\">LCI Barcelona<\/a>. Una marca no es un logotipo. Ni un nombre. Ni una propuesta de valor. Ni un tono. Ni un tipo de relaci\u00f3n. Ni una tem\u00e1tica narrativa. Ni un plan de implicaciones. Ni un modelo de gobierno. Pero necesita todas estas visiones con transversalidad. Y con resiliencia. Y con agilidad.<\/p>\n<p>Ser\u00e1 interesante construirlo.<\/p>\n","protected":false},"excerpt":{"rendered":"Que el Blanc me encargue un texto en lugar de una charla en un acontecimiento memorable es un signo de los tiempos. Tambi\u00e9n lo es que est\u00e9s leyendo (muy probablemente) este texto en tu casa. O que vayas a vivir el festival en zapatillas de estar por casa (vale, aqu\u00ed me arriesgo). Lo que est\u00e1&hellip;","protected":false},"author":16,"featured_media":4165,"comment_status":"open","ping_status":"open","sticky":false,"template":"","format":"standard","meta":{"_acf_changed":false,"footnotes":""},"categories":[2],"tags":[],"evento":[],"class_list":["post-4164","post","type-post","status-publish","format-standard","has-post-thumbnail","hentry","category-diseno"],"acf":[],"yoast_head":"<!-- This site is optimized with the Yoast SEO plugin v23.7 - https:\/\/yoast.com\/wordpress\/plugins\/seo\/ -->\n<title>\u00bfTiene sentido que el branding piense a largo plazo cuando todo parece que cambia cada minuto?<\/title>\n<meta name=\"robots\" content=\"index, follow, max-snippet:-1, max-image-preview:large, max-video-preview:-1\" \/>\n<link rel=\"canonical\" href=\"https:\/\/blancfestival.com\/tiene-sentido-que-el-branding\/\" \/>\n<meta property=\"og:locale\" content=\"en_US\" \/>\n<meta property=\"og:type\" content=\"article\" \/>\n<meta property=\"og:title\" content=\"\u00bfTiene sentido que el branding piense a largo plazo cuando todo parece que cambia cada minuto?\" \/>\n<meta property=\"og:description\" content=\"Que el Blanc me encargue un texto en lugar de una charla en un acontecimiento memorable es un signo de los tiempos. Tambi\u00e9n lo es que est\u00e9s leyendo (muy probablemente) este texto en tu casa. O que vayas a vivir el festival en zapatillas de estar por casa (vale, aqu\u00ed me arriesgo). Lo que est\u00e1&hellip;\" \/>\n<meta property=\"og:url\" content=\"https:\/\/blancfestival.com\/tiene-sentido-que-el-branding\/\" \/>\n<meta property=\"og:site_name\" content=\"Blanc!\" \/>\n<meta property=\"article:publisher\" content=\"https:\/\/www.facebook.com\/blanc.festivaldissenygrafic\/\" \/>\n<meta property=\"article:published_time\" content=\"2020-10-13T20:26:02+00:00\" \/>\n<meta property=\"article:modified_time\" content=\"2020-10-13T21:29:36+00:00\" \/>\n<meta property=\"og:image\" content=\"https:\/\/blancfestival.com\/wp-content\/uploads\/2020\/10\/0-elena-koycheva-GUYCM0jhuSA-unsplash.jpg\" \/>\n\t<meta property=\"og:image:width\" content=\"800\" \/>\n\t<meta property=\"og:image:height\" content=\"800\" \/>\n\t<meta property=\"og:image:type\" content=\"image\/jpeg\" \/>\n<meta name=\"author\" content=\"Olga Llopis\" \/>\n<meta name=\"twitter:card\" content=\"summary_large_image\" \/>\n<meta name=\"twitter:creator\" content=\"@blancfest\" \/>\n<meta name=\"twitter:site\" content=\"@blancfest\" \/>\n<meta name=\"twitter:label1\" content=\"Written by\" \/>\n\t<meta name=\"twitter:data1\" content=\"Olga Llopis\" \/>\n\t<meta name=\"twitter:label2\" content=\"Est. reading time\" \/>\n\t<meta name=\"twitter:data2\" content=\"5 minutes\" \/>\n<script type=\"application\/ld+json\" class=\"yoast-schema-graph\">{\"@context\":\"https:\/\/schema.org\",\"@graph\":[{\"@type\":\"Article\",\"@id\":\"https:\/\/blancfestival.com\/tiene-sentido-que-el-branding\/#article\",\"isPartOf\":{\"@id\":\"https:\/\/blancfestival.com\/tiene-sentido-que-el-branding\/\"},\"author\":{\"name\":\"Olga Llopis\",\"@id\":\"https:\/\/blancfestival.com\/#\/schema\/person\/28bb5b117fa0354d6695ef618cdce1e6\"},\"headline\":\"\u00bfTiene sentido que el branding piense a largo plazo cuando todo parece que cambia cada minuto?\",\"datePublished\":\"2020-10-13T20:26:02+00:00\",\"dateModified\":\"2020-10-13T21:29:36+00:00\",\"mainEntityOfPage\":{\"@id\":\"https:\/\/blancfestival.com\/tiene-sentido-que-el-branding\/\"},\"wordCount\":954,\"commentCount\":0,\"publisher\":{\"@id\":\"https:\/\/blancfestival.com\/#organization\"},\"image\":{\"@id\":\"https:\/\/blancfestival.com\/tiene-sentido-que-el-branding\/#primaryimage\"},\"thumbnailUrl\":\"https:\/\/blancfestival.com\/wp-content\/uploads\/2020\/10\/0-elena-koycheva-GUYCM0jhuSA-unsplash.jpg\",\"articleSection\":[\"Dise\u00f1o\"],\"inLanguage\":\"en-US\",\"potentialAction\":[{\"@type\":\"CommentAction\",\"name\":\"Comment\",\"target\":[\"https:\/\/blancfestival.com\/tiene-sentido-que-el-branding\/#respond\"]}]},{\"@type\":\"WebPage\",\"@id\":\"https:\/\/blancfestival.com\/tiene-sentido-que-el-branding\/\",\"url\":\"https:\/\/blancfestival.com\/tiene-sentido-que-el-branding\/\",\"name\":\"\u00bfTiene sentido que el branding piense a largo plazo cuando todo parece que cambia cada minuto?\",\"isPartOf\":{\"@id\":\"https:\/\/blancfestival.com\/#website\"},\"primaryImageOfPage\":{\"@id\":\"https:\/\/blancfestival.com\/tiene-sentido-que-el-branding\/#primaryimage\"},\"image\":{\"@id\":\"https:\/\/blancfestival.com\/tiene-sentido-que-el-branding\/#primaryimage\"},\"thumbnailUrl\":\"https:\/\/blancfestival.com\/wp-content\/uploads\/2020\/10\/0-elena-koycheva-GUYCM0jhuSA-unsplash.jpg\",\"datePublished\":\"2020-10-13T20:26:02+00:00\",\"dateModified\":\"2020-10-13T21:29:36+00:00\",\"breadcrumb\":{\"@id\":\"https:\/\/blancfestival.com\/tiene-sentido-que-el-branding\/#breadcrumb\"},\"inLanguage\":\"en-US\",\"potentialAction\":[{\"@type\":\"ReadAction\",\"target\":[\"https:\/\/blancfestival.com\/tiene-sentido-que-el-branding\/\"]}]},{\"@type\":\"ImageObject\",\"inLanguage\":\"en-US\",\"@id\":\"https:\/\/blancfestival.com\/tiene-sentido-que-el-branding\/#primaryimage\",\"url\":\"https:\/\/blancfestival.com\/wp-content\/uploads\/2020\/10\/0-elena-koycheva-GUYCM0jhuSA-unsplash.jpg\",\"contentUrl\":\"https:\/\/blancfestival.com\/wp-content\/uploads\/2020\/10\/0-elena-koycheva-GUYCM0jhuSA-unsplash.jpg\",\"width\":800,\"height\":800},{\"@type\":\"BreadcrumbList\",\"@id\":\"https:\/\/blancfestival.com\/tiene-sentido-que-el-branding\/#breadcrumb\",\"itemListElement\":[{\"@type\":\"ListItem\",\"position\":1,\"name\":\"Portada\",\"item\":\"https:\/\/blancfestival.com\/en\/\"},{\"@type\":\"ListItem\",\"position\":2,\"name\":\"\u00bfTiene sentido que el branding piense a largo plazo cuando todo parece que cambia cada minuto?\"}]},{\"@type\":\"WebSite\",\"@id\":\"https:\/\/blancfestival.com\/#website\",\"url\":\"https:\/\/blancfestival.com\/\",\"name\":\"Blanc! Festival\",\"description\":\"Dise\u00f1o, Creatividad e Innovaci\u00f3n\",\"publisher\":{\"@id\":\"https:\/\/blancfestival.com\/#organization\"},\"potentialAction\":[{\"@type\":\"SearchAction\",\"target\":{\"@type\":\"EntryPoint\",\"urlTemplate\":\"https:\/\/blancfestival.com\/?s={search_term_string}\"},\"query-input\":{\"@type\":\"PropertyValueSpecification\",\"valueRequired\":true,\"valueName\":\"search_term_string\"}}],\"inLanguage\":\"en-US\"},{\"@type\":\"Organization\",\"@id\":\"https:\/\/blancfestival.com\/#organization\",\"name\":\"Blanc! Festival de Dise\u00f1o, Creatividad e Innovaci\u00f3n\",\"url\":\"https:\/\/blancfestival.com\/\",\"logo\":{\"@type\":\"ImageObject\",\"inLanguage\":\"en-US\",\"@id\":\"https:\/\/blancfestival.com\/#\/schema\/logo\/image\/\",\"url\":\"https:\/\/blancfestival.com\/wp-content\/uploads\/2025\/01\/logo_icono_blanc.jpg\",\"contentUrl\":\"https:\/\/blancfestival.com\/wp-content\/uploads\/2025\/01\/logo_icono_blanc.jpg\",\"width\":2000,\"height\":2000,\"caption\":\"Blanc! Festival de Dise\u00f1o, Creatividad e Innovaci\u00f3n\"},\"image\":{\"@id\":\"https:\/\/blancfestival.com\/#\/schema\/logo\/image\/\"},\"sameAs\":[\"https:\/\/www.facebook.com\/blanc.festivaldissenygrafic\/\",\"https:\/\/x.com\/blancfest\",\"https:\/\/www.instagram.com\/blancfest\/\",\"https:\/\/www.linkedin.com\/company\/blanc-festival\",\"https:\/\/www.pinterest.com\/blancfest\/\",\"https:\/\/www.youtube.com\/channel\/UCM-IjxOFb5gQg4yPgmze3Gg\"]},{\"@type\":\"Person\",\"@id\":\"https:\/\/blancfestival.com\/#\/schema\/person\/28bb5b117fa0354d6695ef618cdce1e6\",\"name\":\"Olga Llopis\",\"image\":{\"@type\":\"ImageObject\",\"inLanguage\":\"en-US\",\"@id\":\"https:\/\/blancfestival.com\/#\/schema\/person\/image\/\",\"url\":\"https:\/\/blancfestival.com\/wp-content\/uploads\/2020\/10\/image006-150x150.png\",\"contentUrl\":\"https:\/\/blancfestival.com\/wp-content\/uploads\/2020\/10\/image006-150x150.png\",\"caption\":\"Olga Llopis\"},\"description\":\"Olga Llopis es socia directora de la consultora de branding Comuniza y co-directora de la plataforma Brandemia sobre creaci\u00f3n y gesti\u00f3n de marca. Co-dirige el Master en Branding y Estrategia de Marca de LCI Barcelona.\",\"sameAs\":[\"https:\/\/www.lcibarcelona.com\"]}]}<\/script>\n<!-- \/ Yoast SEO plugin. -->","yoast_head_json":{"title":"\u00bfTiene sentido que el branding piense a largo plazo cuando todo parece que cambia cada minuto?","robots":{"index":"index","follow":"follow","max-snippet":"max-snippet:-1","max-image-preview":"max-image-preview:large","max-video-preview":"max-video-preview:-1"},"canonical":"https:\/\/blancfestival.com\/tiene-sentido-que-el-branding\/","og_locale":"en_US","og_type":"article","og_title":"\u00bfTiene sentido que el branding piense a largo plazo cuando todo parece que cambia cada minuto?","og_description":"Que el Blanc me encargue un texto en lugar de una charla en un acontecimiento memorable es un signo de los tiempos. Tambi\u00e9n lo es que est\u00e9s leyendo (muy probablemente) este texto en tu casa. O que vayas a vivir el festival en zapatillas de estar por casa (vale, aqu\u00ed me arriesgo). Lo que est\u00e1&hellip;","og_url":"https:\/\/blancfestival.com\/tiene-sentido-que-el-branding\/","og_site_name":"Blanc!","article_publisher":"https:\/\/www.facebook.com\/blanc.festivaldissenygrafic\/","article_published_time":"2020-10-13T20:26:02+00:00","article_modified_time":"2020-10-13T21:29:36+00:00","og_image":[{"width":800,"height":800,"url":"https:\/\/blancfestival.com\/wp-content\/uploads\/2020\/10\/0-elena-koycheva-GUYCM0jhuSA-unsplash.jpg","type":"image\/jpeg"}],"author":"Olga Llopis","twitter_card":"summary_large_image","twitter_creator":"@blancfest","twitter_site":"@blancfest","twitter_misc":{"Written by":"Olga Llopis","Est. reading time":"5 minutes"},"schema":{"@context":"https:\/\/schema.org","@graph":[{"@type":"Article","@id":"https:\/\/blancfestival.com\/tiene-sentido-que-el-branding\/#article","isPartOf":{"@id":"https:\/\/blancfestival.com\/tiene-sentido-que-el-branding\/"},"author":{"name":"Olga Llopis","@id":"https:\/\/blancfestival.com\/#\/schema\/person\/28bb5b117fa0354d6695ef618cdce1e6"},"headline":"\u00bfTiene sentido que el branding piense a largo plazo cuando todo parece que cambia cada minuto?","datePublished":"2020-10-13T20:26:02+00:00","dateModified":"2020-10-13T21:29:36+00:00","mainEntityOfPage":{"@id":"https:\/\/blancfestival.com\/tiene-sentido-que-el-branding\/"},"wordCount":954,"commentCount":0,"publisher":{"@id":"https:\/\/blancfestival.com\/#organization"},"image":{"@id":"https:\/\/blancfestival.com\/tiene-sentido-que-el-branding\/#primaryimage"},"thumbnailUrl":"https:\/\/blancfestival.com\/wp-content\/uploads\/2020\/10\/0-elena-koycheva-GUYCM0jhuSA-unsplash.jpg","articleSection":["Dise\u00f1o"],"inLanguage":"en-US","potentialAction":[{"@type":"CommentAction","name":"Comment","target":["https:\/\/blancfestival.com\/tiene-sentido-que-el-branding\/#respond"]}]},{"@type":"WebPage","@id":"https:\/\/blancfestival.com\/tiene-sentido-que-el-branding\/","url":"https:\/\/blancfestival.com\/tiene-sentido-que-el-branding\/","name":"\u00bfTiene sentido que el branding piense a largo plazo cuando todo parece que cambia cada minuto?","isPartOf":{"@id":"https:\/\/blancfestival.com\/#website"},"primaryImageOfPage":{"@id":"https:\/\/blancfestival.com\/tiene-sentido-que-el-branding\/#primaryimage"},"image":{"@id":"https:\/\/blancfestival.com\/tiene-sentido-que-el-branding\/#primaryimage"},"thumbnailUrl":"https:\/\/blancfestival.com\/wp-content\/uploads\/2020\/10\/0-elena-koycheva-GUYCM0jhuSA-unsplash.jpg","datePublished":"2020-10-13T20:26:02+00:00","dateModified":"2020-10-13T21:29:36+00:00","breadcrumb":{"@id":"https:\/\/blancfestival.com\/tiene-sentido-que-el-branding\/#breadcrumb"},"inLanguage":"en-US","potentialAction":[{"@type":"ReadAction","target":["https:\/\/blancfestival.com\/tiene-sentido-que-el-branding\/"]}]},{"@type":"ImageObject","inLanguage":"en-US","@id":"https:\/\/blancfestival.com\/tiene-sentido-que-el-branding\/#primaryimage","url":"https:\/\/blancfestival.com\/wp-content\/uploads\/2020\/10\/0-elena-koycheva-GUYCM0jhuSA-unsplash.jpg","contentUrl":"https:\/\/blancfestival.com\/wp-content\/uploads\/2020\/10\/0-elena-koycheva-GUYCM0jhuSA-unsplash.jpg","width":800,"height":800},{"@type":"BreadcrumbList","@id":"https:\/\/blancfestival.com\/tiene-sentido-que-el-branding\/#breadcrumb","itemListElement":[{"@type":"ListItem","position":1,"name":"Portada","item":"https:\/\/blancfestival.com\/en\/"},{"@type":"ListItem","position":2,"name":"\u00bfTiene sentido que el branding piense a largo plazo cuando todo parece que cambia cada minuto?"}]},{"@type":"WebSite","@id":"https:\/\/blancfestival.com\/#website","url":"https:\/\/blancfestival.com\/","name":"Blanc! Festival","description":"Dise\u00f1o, Creatividad e Innovaci\u00f3n","publisher":{"@id":"https:\/\/blancfestival.com\/#organization"},"potentialAction":[{"@type":"SearchAction","target":{"@type":"EntryPoint","urlTemplate":"https:\/\/blancfestival.com\/?s={search_term_string}"},"query-input":{"@type":"PropertyValueSpecification","valueRequired":true,"valueName":"search_term_string"}}],"inLanguage":"en-US"},{"@type":"Organization","@id":"https:\/\/blancfestival.com\/#organization","name":"Blanc! Festival de Dise\u00f1o, Creatividad e Innovaci\u00f3n","url":"https:\/\/blancfestival.com\/","logo":{"@type":"ImageObject","inLanguage":"en-US","@id":"https:\/\/blancfestival.com\/#\/schema\/logo\/image\/","url":"https:\/\/blancfestival.com\/wp-content\/uploads\/2025\/01\/logo_icono_blanc.jpg","contentUrl":"https:\/\/blancfestival.com\/wp-content\/uploads\/2025\/01\/logo_icono_blanc.jpg","width":2000,"height":2000,"caption":"Blanc! Festival de Dise\u00f1o, Creatividad e Innovaci\u00f3n"},"image":{"@id":"https:\/\/blancfestival.com\/#\/schema\/logo\/image\/"},"sameAs":["https:\/\/www.facebook.com\/blanc.festivaldissenygrafic\/","https:\/\/x.com\/blancfest","https:\/\/www.instagram.com\/blancfest\/","https:\/\/www.linkedin.com\/company\/blanc-festival","https:\/\/www.pinterest.com\/blancfest\/","https:\/\/www.youtube.com\/channel\/UCM-IjxOFb5gQg4yPgmze3Gg"]},{"@type":"Person","@id":"https:\/\/blancfestival.com\/#\/schema\/person\/28bb5b117fa0354d6695ef618cdce1e6","name":"Olga Llopis","image":{"@type":"ImageObject","inLanguage":"en-US","@id":"https:\/\/blancfestival.com\/#\/schema\/person\/image\/","url":"https:\/\/blancfestival.com\/wp-content\/uploads\/2020\/10\/image006-150x150.png","contentUrl":"https:\/\/blancfestival.com\/wp-content\/uploads\/2020\/10\/image006-150x150.png","caption":"Olga Llopis"},"description":"Olga Llopis es socia directora de la consultora de branding Comuniza y co-directora de la plataforma Brandemia sobre creaci\u00f3n y gesti\u00f3n de marca. Co-dirige el Master en Branding y Estrategia de Marca de LCI Barcelona.","sameAs":["https:\/\/www.lcibarcelona.com"]}]}},"_links":{"self":[{"href":"https:\/\/blancfestival.com\/en\/wp-json\/wp\/v2\/posts\/4164","targetHints":{"allow":["GET"]}}],"collection":[{"href":"https:\/\/blancfestival.com\/en\/wp-json\/wp\/v2\/posts"}],"about":[{"href":"https:\/\/blancfestival.com\/en\/wp-json\/wp\/v2\/types\/post"}],"author":[{"embeddable":true,"href":"https:\/\/blancfestival.com\/en\/wp-json\/wp\/v2\/users\/16"}],"replies":[{"embeddable":true,"href":"https:\/\/blancfestival.com\/en\/wp-json\/wp\/v2\/comments?post=4164"}],"version-history":[{"count":5,"href":"https:\/\/blancfestival.com\/en\/wp-json\/wp\/v2\/posts\/4164\/revisions"}],"predecessor-version":[{"id":4178,"href":"https:\/\/blancfestival.com\/en\/wp-json\/wp\/v2\/posts\/4164\/revisions\/4178"}],"wp:featuredmedia":[{"embeddable":true,"href":"https:\/\/blancfestival.com\/en\/wp-json\/wp\/v2\/media\/4165"}],"wp:attachment":[{"href":"https:\/\/blancfestival.com\/en\/wp-json\/wp\/v2\/media?parent=4164"}],"wp:term":[{"taxonomy":"category","embeddable":true,"href":"https:\/\/blancfestival.com\/en\/wp-json\/wp\/v2\/categories?post=4164"},{"taxonomy":"post_tag","embeddable":true,"href":"https:\/\/blancfestival.com\/en\/wp-json\/wp\/v2\/tags?post=4164"},{"taxonomy":"evento","embeddable":true,"href":"https:\/\/blancfestival.com\/en\/wp-json\/wp\/v2\/evento?post=4164"}],"curies":[{"name":"wp","href":"https:\/\/api.w.org\/{rel}","templated":true}]}}