{"id":5760,"date":"2021-04-22T21:02:06","date_gmt":"2021-04-22T19:02:06","guid":{"rendered":"https:\/\/blancfestival.com\/?p=5760"},"modified":"2021-07-06T14:00:51","modified_gmt":"2021-07-06T12:00:51","slug":"logo-by-memory-podrias-dibujar-los-logos-de-las-marcas-mas-famosas-de-memoria","status":"publish","type":"post","link":"https:\/\/blancfestival.com\/en\/logo-by-memory-podrias-dibujar-los-logos-de-las-marcas-mas-famosas-de-memoria\/","title":{"rendered":"Logo By memory: \u00bfPodr\u00edas dibujar los logos de las marcas m\u00e1s famosas de memoria?"},"content":{"rendered":"<p>Paseando por la calle, haciendo <em>scrolls<\/em> infinitos en nuestras redes sociales\u2026 cada d\u00eda vemos (y reconocemos en muchas ocasiones) montones de logos de marcas, sin ni siquiera darnos cuenta. Es por eso que no es de extra\u00f1ar que <strong>el logo de una marca sea uno de los elementos que m\u00e1s preocupa a las empresas.<\/strong> Todo el mundo quiere conseguir esa identidad visual que, con solo un vistazo, ya sepas de qu\u00e9 te est\u00e1n hablando.<\/p>\n<p><strong>El logo es como los cimientos de nuestra casa<\/strong>, una de las inversiones m\u00e1s importantes que podemos hacer en <em>branding<\/em> y para muestra un bot\u00f3n. Te presentamos un curioso experimento, de <a href=\"https:\/\/www.signs.com\/\" target=\"_blank\" rel=\"nofollow noopener\"><strong>Signs.com<\/strong><\/a>. El objetivo era muy claro: demostrar que <strong>los logos de las marcas m\u00e1s famosas est\u00e1n grabados en nuestra memoria.<\/strong> Para ello, pidieron a 156 personas que dibujaran de memoria los logos de diferentes empresas. No pod\u00edan tener ning\u00fan tipo de ayuda visual, ni siquiera una peque\u00f1a pista. \u00bfLos resultados? Te mostramos y analizamos algunos de ellos:<\/p>\n<p>&nbsp;<\/p>\n<h2>La evoluci\u00f3n de logos de memoria: Apple y Adidas<\/h2>\n<p><a href=\"https:\/\/static.boredpanda.com\/blog\/wp-content\/uploads\/2017\/10\/famous-brand-logos-drawn-from-memory-2-59d24635a67ed__880.jpg\" target=\"_blank\" rel=\"nofollow noopener\"><img loading=\"lazy\" decoding=\"async\" width=\"700\" height=\"1149\" class=\"alignnone size-full wp-image-5794\" src=\"https:\/\/blancfestival.com\/wp-content\/uploads\/2021\/04\/06_APPLE.jpg\" alt=\"\" srcset=\"https:\/\/blancfestival.com\/wp-content\/uploads\/2021\/04\/06_APPLE.jpg 700w, https:\/\/blancfestival.com\/wp-content\/uploads\/2021\/04\/06_APPLE-250x410.jpg 250w, https:\/\/blancfestival.com\/wp-content\/uploads\/2021\/04\/06_APPLE-120x197.jpg 120w\" sizes=\"auto, (max-width: 700px) 100vw, 700px\" \/><\/a><\/p>\n<p>&nbsp;<\/p>\n<p><strong>Apple es quiz\u00e1s uno de los logos que m\u00e1s disparidad de colores presenta,<\/strong> quiz\u00e1s por su evoluci\u00f3n a lo largo de los a\u00f1os. Aunque muchos de los participantes recordaban el logo monocrom\u00e1tico actual, algunos a\u00fan recordaban el ic\u00f3nico logo de los a\u00f1os 70 y 80 con el que Apple empez\u00f3 a ser mundialmente conocido.<\/p>\n<p>&nbsp;<\/p>\n<p><a href=\"https:\/\/static.boredpanda.com\/blog\/wp-content\/uploads\/2017\/10\/famous-brand-logos-drawn-from-memory-1-59d24633a51f8__880.jpg\" target=\"_blank\" rel=\"nofollow noopener\"><img loading=\"lazy\" decoding=\"async\" width=\"700\" height=\"222\" class=\"alignnone size-full wp-image-5797\" src=\"https:\/\/blancfestival.com\/wp-content\/uploads\/2021\/04\/07_APPLEEVO.jpg\" alt=\"\" srcset=\"https:\/\/blancfestival.com\/wp-content\/uploads\/2021\/04\/07_APPLEEVO.jpg 700w, https:\/\/blancfestival.com\/wp-content\/uploads\/2021\/04\/07_APPLEEVO-250x79.jpg 250w, https:\/\/blancfestival.com\/wp-content\/uploads\/2021\/04\/07_APPLEEVO-120x38.jpg 120w\" sizes=\"auto, (max-width: 700px) 100vw, 700px\" \/><\/a><\/p>\n<p>&nbsp;<\/p>\n<p>Curioso tambi\u00e9n el caso de la mordedura de la ic\u00f3nica manzana: m\u00e1s de un 20% de los participantes lo coloca en el lado opuesto.<\/p>\n<p>&nbsp;<\/p>\n<p><a href=\"https:\/\/static.boredpanda.com\/blog\/wp-content\/uploads\/2017\/10\/famous-brand-logos-drawn-from-memory-5-59d2463cb18c0__880.jpg\" target=\"_blank\" rel=\"nofollow noopener\"><img loading=\"lazy\" decoding=\"async\" width=\"700\" height=\"1157\" class=\"alignnone size-full wp-image-5791\" src=\"https:\/\/blancfestival.com\/wp-content\/uploads\/2021\/04\/06_ADIDAS.jpg\" alt=\"\" srcset=\"https:\/\/blancfestival.com\/wp-content\/uploads\/2021\/04\/06_ADIDAS.jpg 700w, https:\/\/blancfestival.com\/wp-content\/uploads\/2021\/04\/06_ADIDAS-250x413.jpg 250w, https:\/\/blancfestival.com\/wp-content\/uploads\/2021\/04\/06_ADIDAS-120x198.jpg 120w\" sizes=\"auto, (max-width: 700px) 100vw, 700px\" \/><\/a><\/p>\n<p>&nbsp;<\/p>\n<p><strong>Otro caso en el que la evoluci\u00f3n del logo aparece entre las respuestas.<\/strong> Aunque la forma es acertada por la mayor\u00eda de participantes, vemos algo de disparidad: el modelo cl\u00e1sico de las tres hojas permanece en la memoria de algunos usuarios, quiz\u00e1s por su revalorizaci\u00f3n como algo vintage.<\/p>\n<p>&nbsp;<\/p>\n<p><a href=\"https:\/\/static.boredpanda.com\/blog\/wp-content\/uploads\/2017\/10\/famous-brand-logos-drawn-from-memory-32.jpg\" target=\"_blank\" rel=\"nofollow noopener\"><img loading=\"lazy\" decoding=\"async\" width=\"700\" height=\"498\" class=\"alignnone size-full wp-image-5785\" src=\"https:\/\/blancfestival.com\/wp-content\/uploads\/2021\/04\/04_ADIDAS.jpg\" alt=\"\" srcset=\"https:\/\/blancfestival.com\/wp-content\/uploads\/2021\/04\/04_ADIDAS.jpg 700w, https:\/\/blancfestival.com\/wp-content\/uploads\/2021\/04\/04_ADIDAS-250x178.jpg 250w, https:\/\/blancfestival.com\/wp-content\/uploads\/2021\/04\/04_ADIDAS-120x85.jpg 120w\" sizes=\"auto, (max-width: 700px) 100vw, 700px\" \/><\/a><\/p>\n<p>&nbsp;<\/p>\n<h2>La importancia del color en los logos: Burger King y Starbucks<\/h2>\n<p><strong>El color del logo es su elemento m\u00e1s poderoso.<\/strong> Cuando vemos un logo, conectamos a un nivel emocional, para despu\u00e9s identificar formas y finalmente, las palabras. Por eso la<strong> psicolog\u00eda del color<\/strong> juega un papel muy importante en este proceso. A trav\u00e9s del color de un logo queremos transmitir los valores y la idea principal de nuestra marca, aunque luego las formas no se recuerden 100% igual. En el caso de <strong>Burger King<\/strong> y <strong>Starbucks<\/strong> ocurre esto mismo, quiz\u00e1s m\u00e1s pronunciado en el caso de la segunda. En la retina de los participantes, los colores se identifican f\u00e1cilmente.<\/p>\n<p>&nbsp;<\/p>\n<p><a href=\"https:\/\/static.boredpanda.com\/blog\/wp-content\/uploads\/2017\/10\/famous-brand-logos-drawn-from-memory-59d2480d22f2e__880.jpg\" target=\"_blank\" rel=\"nofollow noopener\"><img loading=\"lazy\" decoding=\"async\" width=\"700\" height=\"1142\" class=\"alignnone size-full wp-image-5782\" src=\"https:\/\/blancfestival.com\/wp-content\/uploads\/2021\/04\/03_BURGERKING.jpg\" alt=\"\" srcset=\"https:\/\/blancfestival.com\/wp-content\/uploads\/2021\/04\/03_BURGERKING.jpg 700w, https:\/\/blancfestival.com\/wp-content\/uploads\/2021\/04\/03_BURGERKING-250x408.jpg 250w, https:\/\/blancfestival.com\/wp-content\/uploads\/2021\/04\/03_BURGERKING-120x196.jpg 120w\" sizes=\"auto, (max-width: 700px) 100vw, 700px\" \/><\/a><\/p>\n<p>&nbsp;<\/p>\n<p><a href=\"https:\/\/static.boredpanda.com\/blog\/wp-content\/uploads\/2017\/10\/famous-brand-logos-drawn-from-memory-11-59d2464cbbe88__880.jpg\" target=\"_blank\" rel=\"nofollow noopener\"><img loading=\"lazy\" decoding=\"async\" width=\"700\" height=\"1139\" class=\"alignnone size-full wp-image-5788\" src=\"https:\/\/blancfestival.com\/wp-content\/uploads\/2021\/04\/05_STARBUCKS.jpg\" alt=\"\" srcset=\"https:\/\/blancfestival.com\/wp-content\/uploads\/2021\/04\/05_STARBUCKS.jpg 700w, https:\/\/blancfestival.com\/wp-content\/uploads\/2021\/04\/05_STARBUCKS-250x407.jpg 250w, https:\/\/blancfestival.com\/wp-content\/uploads\/2021\/04\/05_STARBUCKS-120x195.jpg 120w\" sizes=\"auto, (max-width: 700px) 100vw, 700px\" \/><\/a><\/p>\n<p>&nbsp;<\/p>\n<h2>Logos de marcas de coches: una identidad visual directa<\/h2>\n<p>Aunque no tengamos coche, <strong>es imposible no reconocer los logos de las marcas de autom\u00f3viles m\u00e1s famosas.<\/strong> Ya sea porque vamos al trabajo andando, en autob\u00fas, o vemos sus publicidades a trav\u00e9s de los medios de comunicaci\u00f3n, en pel\u00edculas o incluso videoclips.<\/p>\n<p>Otro estudio similar al de Signs es el de <a href=\"https:\/\/www.vanmonster.com\/en-gb\/home\" target=\"_blank\" rel=\"nofollow noopener\">VanMonster.com<\/a>, en el que se preguntaban si los brit\u00e1nicos ser\u00edan capaces de dibujar los logos de las marcas de coches m\u00e1s utilizadas. Despu\u00e9s de analizar m\u00e1s de 1000 dibujos en 60 horas de estudio, analizaron colores, forma y los peque\u00f1os errores m\u00e1s comunes. Te mostramos algunos ejemplos:<\/p>\n<p>&nbsp;<\/p>\n<h3>El logo de Alfa Romeo<\/h3>\n<p><a href=\"https:\/\/vmwebsitestore.blob.core.windows.net\/media\/seo\/motoring-logos\/alfra_grid.png\" target=\"_blank\" rel=\"nofollow noopener\"><img loading=\"lazy\" decoding=\"async\" width=\"700\" height=\"705\" class=\"alignnone size-full wp-image-5827\" src=\"https:\/\/blancfestival.com\/wp-content\/uploads\/2021\/04\/10_ALFA.jpg\" alt=\"\" srcset=\"https:\/\/blancfestival.com\/wp-content\/uploads\/2021\/04\/10_ALFA.jpg 700w, https:\/\/blancfestival.com\/wp-content\/uploads\/2021\/04\/10_ALFA-250x252.jpg 250w, https:\/\/blancfestival.com\/wp-content\/uploads\/2021\/04\/10_ALFA-150x150.jpg 150w, https:\/\/blancfestival.com\/wp-content\/uploads\/2021\/04\/10_ALFA-120x121.jpg 120w\" sizes=\"auto, (max-width: 700px) 100vw, 700px\" \/><\/a><\/p>\n<p>&nbsp;<\/p>\n<p><strong>Los logos complejos<\/strong> con muchos elementos, como hemos visto, <strong>son dif\u00edciles de recordar.<\/strong> En este caso la marca apuesta por mantener su legado en su insignia, cargado de historia y vinculado con su origen italiano.<\/p>\n<p>De todos estos elementos, el que m\u00e1s prevaleci\u00f3 fue la serpiente, con un 37% de apariciones. Observamos tambi\u00e9n que la forma, que no ha cambiado desde su concepci\u00f3n en 1910, es una constante en todos los\u00a0 dibujos.<\/p>\n<p>&nbsp;<\/p>\n<h3>El logo de Audi<\/h3>\n<h3><a href=\"https:\/\/vmwebsitestore.blob.core.windows.net\/media\/seo\/motoring-logos\/audi_grid.png\" target=\"_blank\" rel=\"nofollow noopener\"><img loading=\"lazy\" decoding=\"async\" width=\"700\" height=\"700\" class=\"alignnone size-full wp-image-5803\" src=\"https:\/\/blancfestival.com\/wp-content\/uploads\/2021\/04\/09_AUDI.jpg\" alt=\"\" srcset=\"https:\/\/blancfestival.com\/wp-content\/uploads\/2021\/04\/09_AUDI.jpg 700w, https:\/\/blancfestival.com\/wp-content\/uploads\/2021\/04\/09_AUDI-250x250.jpg 250w, https:\/\/blancfestival.com\/wp-content\/uploads\/2021\/04\/09_AUDI-150x150.jpg 150w, https:\/\/blancfestival.com\/wp-content\/uploads\/2021\/04\/09_AUDI-120x120.jpg 120w\" sizes=\"auto, (max-width: 700px) 100vw, 700px\" \/><\/a><\/h3>\n<p>&nbsp;<\/p>\n<p>Aunque es uno de los m\u00e1s sencillos de la lista, incluso en este caso un peque\u00f1o porcentaje de los participantes no recuerdan los detalles. En este caso incluso hay quienes lo confunden con el logo del <strong>Comit\u00e9 Ol\u00edmpico Internacional<\/strong>, que incluso intent\u00f3 demandar a <strong>Audi<\/strong> en el tribunal internacional de marcas registradas en 1995.<\/p>\n<p>&nbsp;<\/p>\n<h3>El logo de BMW<br \/>\n<a href=\"https:\/\/vmwebsitestore.blob.core.windows.net\/media\/seo\/motoring-logos\/bmw_grid.png\" target=\"_blank\" rel=\"nofollow noopener\"><img loading=\"lazy\" decoding=\"async\" width=\"700\" height=\"700\" class=\"alignnone size-full wp-image-5800\" src=\"https:\/\/blancfestival.com\/wp-content\/uploads\/2021\/04\/08_BMW.jpg\" alt=\"\" srcset=\"https:\/\/blancfestival.com\/wp-content\/uploads\/2021\/04\/08_BMW.jpg 700w, https:\/\/blancfestival.com\/wp-content\/uploads\/2021\/04\/08_BMW-250x250.jpg 250w, https:\/\/blancfestival.com\/wp-content\/uploads\/2021\/04\/08_BMW-150x150.jpg 150w, https:\/\/blancfestival.com\/wp-content\/uploads\/2021\/04\/08_BMW-120x120.jpg 120w\" sizes=\"auto, (max-width: 700px) 100vw, 700px\" \/><\/a><\/h3>\n<p>&nbsp;<\/p>\n<p>Este logo creado en 1927 <strong>es uno de los m\u00e1s recordados por su cl\u00e1sica sencillez<\/strong>: m\u00e1s d un 92% fue capaz de recordar su ic\u00f3nico blanco y azul como tambi\u00e9n la forma circular de la insignia. El dise\u00f1o simplista de la insignia de <strong>BMW<\/strong>, combinado con los colores inalterados, facilit\u00f3 la tarea a los participantes.<\/p>\n<p>&nbsp;<\/p>\n<h3>El logo de Ferrari<\/h3>\n<p><a href=\"https:\/\/vmwebsitestore.blob.core.windows.net\/media\/seo\/motoring-logos\/ferrari_grid.png\" target=\"_blank\" rel=\"nofollow noopener\"><img loading=\"lazy\" decoding=\"async\" width=\"700\" height=\"700\" class=\"alignnone size-full wp-image-5779\" src=\"https:\/\/blancfestival.com\/wp-content\/uploads\/2021\/04\/02_FERRARI.jpg\" alt=\"\" srcset=\"https:\/\/blancfestival.com\/wp-content\/uploads\/2021\/04\/02_FERRARI.jpg 700w, https:\/\/blancfestival.com\/wp-content\/uploads\/2021\/04\/02_FERRARI-250x250.jpg 250w, https:\/\/blancfestival.com\/wp-content\/uploads\/2021\/04\/02_FERRARI-150x150.jpg 150w, https:\/\/blancfestival.com\/wp-content\/uploads\/2021\/04\/02_FERRARI-120x120.jpg 120w\" sizes=\"auto, (max-width: 700px) 100vw, 700px\" \/><\/a><\/p>\n<p>&nbsp;<\/p>\n<p>Aunque la gran mayor\u00eda de nosotros no nos lo podemos permitir, <strong>Ferrari<\/strong> es una marca aspiracional adorada por millones de personas en todo el mundo. El resultado es claro:<strong> su ic\u00f3nico caballo sobre fondo amarillo se recuerda al instante,<\/strong> aunque algunos detalles se pierdan por el camino.<\/p>\n<p>En el caso de la industria automovil\u00edstica, podemos ver como sus cambios de dise\u00f1o a nivel tecnol\u00f3gico vienen acompa\u00f1ados tambi\u00e9n de un redise\u00f1o de su imagen gr\u00e1fica. <strong>Las marcas m\u00e1s tradicionales refinan su imagen para estar en sinton\u00eda<\/strong> con colores m\u00e1s planos y formas minimalistas, en los que los cl\u00e1sicos efectos cromados ya son cosa del pasado.<\/p>\n<p>En el caso de las marcas de coches, si bien alrededor del 80% de los dibujos usaban los colores correctos y el 78% de las formas se dibujaron correctamente, los peque\u00f1os detalles eran m\u00e1s dif\u00edciles de recordar. Los resultados de los estudios no dejan lugar a dudas sobre la importancia del logo, su color y forma en dise\u00f1o. <strong>Y t\u00fa, \u00bfser\u00edas capaz de dibujar los logos de las marcas m\u00e1s famosas de memoria?<\/strong><\/p>\n<p><a href=\"https:\/\/static.boredpanda.com\/blog\/wp-content\/uploads\/2017\/10\/famous-brand-logos-drawn-from-memory-29-59d2467f1ca56__880.jpg\" target=\"_blank\" rel=\"nofollow noopener\"><img loading=\"lazy\" decoding=\"async\" width=\"700\" height=\"954\" class=\"alignnone size-full wp-image-5776\" src=\"https:\/\/blancfestival.com\/wp-content\/uploads\/2021\/04\/01_FAMOUSLOGOS.jpg\" alt=\"\" srcset=\"https:\/\/blancfestival.com\/wp-content\/uploads\/2021\/04\/01_FAMOUSLOGOS.jpg 700w, https:\/\/blancfestival.com\/wp-content\/uploads\/2021\/04\/01_FAMOUSLOGOS-250x341.jpg 250w, https:\/\/blancfestival.com\/wp-content\/uploads\/2021\/04\/01_FAMOUSLOGOS-120x164.jpg 120w\" sizes=\"auto, (max-width: 700px) 100vw, 700px\" \/><\/a><\/p>\n","protected":false},"excerpt":{"rendered":"Paseando por la calle, haciendo scrolls infinitos en nuestras redes sociales\u2026 cada d\u00eda vemos (y reconocemos en muchas ocasiones) montones de logos de marcas, sin ni siquiera darnos cuenta. Es por eso que no es de extra\u00f1ar que el logo de una marca sea uno de los elementos que m\u00e1s preocupa a las empresas. Todo&hellip;","protected":false},"author":17,"featured_media":5785,"comment_status":"open","ping_status":"open","sticky":false,"template":"","format":"standard","meta":{"_acf_changed":false,"footnotes":""},"categories":[152],"tags":[],"evento":[],"class_list":["post-5760","post","type-post","status-publish","format-standard","has-post-thumbnail","hentry","category-blanc-basics"],"acf":[],"yoast_head":"<!-- This site is optimized with the Yoast SEO plugin v23.7 - https:\/\/yoast.com\/wordpress\/plugins\/seo\/ -->\n<title>Logo By memory: \u00bfPodr\u00edas dibujar los logos de las marcas m\u00e1s famosas de memoria?<\/title>\n<meta name=\"robots\" content=\"index, follow, max-snippet:-1, max-image-preview:large, max-video-preview:-1\" \/>\n<link rel=\"canonical\" href=\"https:\/\/blancfestival.com\/logo-by-memory-podrias-dibujar-los-logos-de-las-marcas-mas-famosas-de-memoria\/\" \/>\n<meta property=\"og:locale\" content=\"en_US\" \/>\n<meta property=\"og:type\" content=\"article\" \/>\n<meta property=\"og:title\" content=\"Logo By memory: \u00bfPodr\u00edas dibujar los logos de las marcas m\u00e1s famosas de memoria?\" \/>\n<meta property=\"og:description\" content=\"Paseando por la calle, haciendo scrolls infinitos en nuestras redes sociales\u2026 cada d\u00eda vemos (y reconocemos en muchas ocasiones) montones de logos de marcas, sin ni siquiera darnos cuenta. Es por eso que no es de extra\u00f1ar que el logo de una marca sea uno de los elementos que m\u00e1s preocupa a las empresas. Todo&hellip;\" \/>\n<meta property=\"og:url\" content=\"https:\/\/blancfestival.com\/logo-by-memory-podrias-dibujar-los-logos-de-las-marcas-mas-famosas-de-memoria\/\" \/>\n<meta property=\"og:site_name\" content=\"Blanc!\" \/>\n<meta property=\"article:publisher\" content=\"https:\/\/www.facebook.com\/blanc.festivaldissenygrafic\/\" \/>\n<meta property=\"article:published_time\" content=\"2021-04-22T19:02:06+00:00\" \/>\n<meta property=\"article:modified_time\" content=\"2021-07-06T12:00:51+00:00\" \/>\n<meta property=\"og:image\" content=\"https:\/\/blancfestival.com\/wp-content\/uploads\/2021\/04\/04_ADIDAS.jpg\" \/>\n\t<meta property=\"og:image:width\" content=\"700\" \/>\n\t<meta property=\"og:image:height\" content=\"498\" \/>\n\t<meta property=\"og:image:type\" content=\"image\/jpeg\" \/>\n<meta name=\"author\" content=\"Ruben\" \/>\n<meta name=\"twitter:card\" content=\"summary_large_image\" \/>\n<meta name=\"twitter:creator\" content=\"@blancfest\" \/>\n<meta name=\"twitter:site\" content=\"@blancfest\" \/>\n<meta name=\"twitter:label1\" content=\"Written by\" \/>\n\t<meta name=\"twitter:data1\" content=\"Ruben\" \/>\n\t<meta name=\"twitter:label2\" content=\"Est. reading time\" \/>\n\t<meta name=\"twitter:data2\" content=\"5 minutes\" \/>\n<script type=\"application\/ld+json\" class=\"yoast-schema-graph\">{\"@context\":\"https:\/\/schema.org\",\"@graph\":[{\"@type\":\"Article\",\"@id\":\"https:\/\/blancfestival.com\/logo-by-memory-podrias-dibujar-los-logos-de-las-marcas-mas-famosas-de-memoria\/#article\",\"isPartOf\":{\"@id\":\"https:\/\/blancfestival.com\/logo-by-memory-podrias-dibujar-los-logos-de-las-marcas-mas-famosas-de-memoria\/\"},\"author\":{\"name\":\"Ruben\",\"@id\":\"https:\/\/blancfestival.com\/#\/schema\/person\/dfa49d6127c6c5aeca53855b863adb04\"},\"headline\":\"Logo By memory: \u00bfPodr\u00edas dibujar los logos de las marcas m\u00e1s famosas de memoria?\",\"datePublished\":\"2021-04-22T19:02:06+00:00\",\"dateModified\":\"2021-07-06T12:00:51+00:00\",\"mainEntityOfPage\":{\"@id\":\"https:\/\/blancfestival.com\/logo-by-memory-podrias-dibujar-los-logos-de-las-marcas-mas-famosas-de-memoria\/\"},\"wordCount\":992,\"commentCount\":0,\"publisher\":{\"@id\":\"https:\/\/blancfestival.com\/#organization\"},\"image\":{\"@id\":\"https:\/\/blancfestival.com\/logo-by-memory-podrias-dibujar-los-logos-de-las-marcas-mas-famosas-de-memoria\/#primaryimage\"},\"thumbnailUrl\":\"https:\/\/blancfestival.com\/wp-content\/uploads\/2021\/04\/04_ADIDAS.jpg\",\"articleSection\":[\"Blanc Basics\"],\"inLanguage\":\"en-US\",\"potentialAction\":[{\"@type\":\"CommentAction\",\"name\":\"Comment\",\"target\":[\"https:\/\/blancfestival.com\/logo-by-memory-podrias-dibujar-los-logos-de-las-marcas-mas-famosas-de-memoria\/#respond\"]}]},{\"@type\":\"WebPage\",\"@id\":\"https:\/\/blancfestival.com\/logo-by-memory-podrias-dibujar-los-logos-de-las-marcas-mas-famosas-de-memoria\/\",\"url\":\"https:\/\/blancfestival.com\/logo-by-memory-podrias-dibujar-los-logos-de-las-marcas-mas-famosas-de-memoria\/\",\"name\":\"Logo By memory: \u00bfPodr\u00edas dibujar los logos de las marcas m\u00e1s famosas de memoria?\",\"isPartOf\":{\"@id\":\"https:\/\/blancfestival.com\/#website\"},\"primaryImageOfPage\":{\"@id\":\"https:\/\/blancfestival.com\/logo-by-memory-podrias-dibujar-los-logos-de-las-marcas-mas-famosas-de-memoria\/#primaryimage\"},\"image\":{\"@id\":\"https:\/\/blancfestival.com\/logo-by-memory-podrias-dibujar-los-logos-de-las-marcas-mas-famosas-de-memoria\/#primaryimage\"},\"thumbnailUrl\":\"https:\/\/blancfestival.com\/wp-content\/uploads\/2021\/04\/04_ADIDAS.jpg\",\"datePublished\":\"2021-04-22T19:02:06+00:00\",\"dateModified\":\"2021-07-06T12:00:51+00:00\",\"breadcrumb\":{\"@id\":\"https:\/\/blancfestival.com\/logo-by-memory-podrias-dibujar-los-logos-de-las-marcas-mas-famosas-de-memoria\/#breadcrumb\"},\"inLanguage\":\"en-US\",\"potentialAction\":[{\"@type\":\"ReadAction\",\"target\":[\"https:\/\/blancfestival.com\/logo-by-memory-podrias-dibujar-los-logos-de-las-marcas-mas-famosas-de-memoria\/\"]}]},{\"@type\":\"ImageObject\",\"inLanguage\":\"en-US\",\"@id\":\"https:\/\/blancfestival.com\/logo-by-memory-podrias-dibujar-los-logos-de-las-marcas-mas-famosas-de-memoria\/#primaryimage\",\"url\":\"https:\/\/blancfestival.com\/wp-content\/uploads\/2021\/04\/04_ADIDAS.jpg\",\"contentUrl\":\"https:\/\/blancfestival.com\/wp-content\/uploads\/2021\/04\/04_ADIDAS.jpg\",\"width\":700,\"height\":498},{\"@type\":\"BreadcrumbList\",\"@id\":\"https:\/\/blancfestival.com\/logo-by-memory-podrias-dibujar-los-logos-de-las-marcas-mas-famosas-de-memoria\/#breadcrumb\",\"itemListElement\":[{\"@type\":\"ListItem\",\"position\":1,\"name\":\"Portada\",\"item\":\"https:\/\/blancfestival.com\/en\/\"},{\"@type\":\"ListItem\",\"position\":2,\"name\":\"Logo By memory: \u00bfPodr\u00edas dibujar los logos de las marcas m\u00e1s famosas de memoria?\"}]},{\"@type\":\"WebSite\",\"@id\":\"https:\/\/blancfestival.com\/#website\",\"url\":\"https:\/\/blancfestival.com\/\",\"name\":\"Blanc! Festival\",\"description\":\"Dise\u00f1o, Creatividad e Innovaci\u00f3n\",\"publisher\":{\"@id\":\"https:\/\/blancfestival.com\/#organization\"},\"potentialAction\":[{\"@type\":\"SearchAction\",\"target\":{\"@type\":\"EntryPoint\",\"urlTemplate\":\"https:\/\/blancfestival.com\/?s={search_term_string}\"},\"query-input\":{\"@type\":\"PropertyValueSpecification\",\"valueRequired\":true,\"valueName\":\"search_term_string\"}}],\"inLanguage\":\"en-US\"},{\"@type\":\"Organization\",\"@id\":\"https:\/\/blancfestival.com\/#organization\",\"name\":\"Blanc! Festival de Dise\u00f1o, Creatividad e Innovaci\u00f3n\",\"url\":\"https:\/\/blancfestival.com\/\",\"logo\":{\"@type\":\"ImageObject\",\"inLanguage\":\"en-US\",\"@id\":\"https:\/\/blancfestival.com\/#\/schema\/logo\/image\/\",\"url\":\"https:\/\/blancfestival.com\/wp-content\/uploads\/2025\/01\/logo_icono_blanc.jpg\",\"contentUrl\":\"https:\/\/blancfestival.com\/wp-content\/uploads\/2025\/01\/logo_icono_blanc.jpg\",\"width\":2000,\"height\":2000,\"caption\":\"Blanc! Festival de Dise\u00f1o, Creatividad e Innovaci\u00f3n\"},\"image\":{\"@id\":\"https:\/\/blancfestival.com\/#\/schema\/logo\/image\/\"},\"sameAs\":[\"https:\/\/www.facebook.com\/blanc.festivaldissenygrafic\/\",\"https:\/\/x.com\/blancfest\",\"https:\/\/www.instagram.com\/blancfest\/\",\"https:\/\/www.linkedin.com\/company\/blanc-festival\",\"https:\/\/www.pinterest.com\/blancfest\/\",\"https:\/\/www.youtube.com\/channel\/UCM-IjxOFb5gQg4yPgmze3Gg\"]},{\"@type\":\"Person\",\"@id\":\"https:\/\/blancfestival.com\/#\/schema\/person\/dfa49d6127c6c5aeca53855b863adb04\",\"name\":\"Ruben\",\"image\":{\"@type\":\"ImageObject\",\"inLanguage\":\"en-US\",\"@id\":\"https:\/\/blancfestival.com\/#\/schema\/person\/image\/\",\"url\":\"https:\/\/blancfestival.com\/wp-content\/uploads\/2020\/01\/mstile-310x310-1-120x120.png\",\"contentUrl\":\"https:\/\/blancfestival.com\/wp-content\/uploads\/2020\/01\/mstile-310x310-1-120x120.png\",\"caption\":\"Ruben\"}}]}<\/script>\n<!-- \/ Yoast SEO plugin. -->","yoast_head_json":{"title":"Logo By memory: \u00bfPodr\u00edas dibujar los logos de las marcas m\u00e1s famosas de memoria?","robots":{"index":"index","follow":"follow","max-snippet":"max-snippet:-1","max-image-preview":"max-image-preview:large","max-video-preview":"max-video-preview:-1"},"canonical":"https:\/\/blancfestival.com\/logo-by-memory-podrias-dibujar-los-logos-de-las-marcas-mas-famosas-de-memoria\/","og_locale":"en_US","og_type":"article","og_title":"Logo By memory: \u00bfPodr\u00edas dibujar los logos de las marcas m\u00e1s famosas de memoria?","og_description":"Paseando por la calle, haciendo scrolls infinitos en nuestras redes sociales\u2026 cada d\u00eda vemos (y reconocemos en muchas ocasiones) montones de logos de marcas, sin ni siquiera darnos cuenta. Es por eso que no es de extra\u00f1ar que el logo de una marca sea uno de los elementos que m\u00e1s preocupa a las empresas. Todo&hellip;","og_url":"https:\/\/blancfestival.com\/logo-by-memory-podrias-dibujar-los-logos-de-las-marcas-mas-famosas-de-memoria\/","og_site_name":"Blanc!","article_publisher":"https:\/\/www.facebook.com\/blanc.festivaldissenygrafic\/","article_published_time":"2021-04-22T19:02:06+00:00","article_modified_time":"2021-07-06T12:00:51+00:00","og_image":[{"width":700,"height":498,"url":"https:\/\/blancfestival.com\/wp-content\/uploads\/2021\/04\/04_ADIDAS.jpg","type":"image\/jpeg"}],"author":"Ruben","twitter_card":"summary_large_image","twitter_creator":"@blancfest","twitter_site":"@blancfest","twitter_misc":{"Written by":"Ruben","Est. reading time":"5 minutes"},"schema":{"@context":"https:\/\/schema.org","@graph":[{"@type":"Article","@id":"https:\/\/blancfestival.com\/logo-by-memory-podrias-dibujar-los-logos-de-las-marcas-mas-famosas-de-memoria\/#article","isPartOf":{"@id":"https:\/\/blancfestival.com\/logo-by-memory-podrias-dibujar-los-logos-de-las-marcas-mas-famosas-de-memoria\/"},"author":{"name":"Ruben","@id":"https:\/\/blancfestival.com\/#\/schema\/person\/dfa49d6127c6c5aeca53855b863adb04"},"headline":"Logo By memory: \u00bfPodr\u00edas dibujar los logos de las marcas m\u00e1s famosas de memoria?","datePublished":"2021-04-22T19:02:06+00:00","dateModified":"2021-07-06T12:00:51+00:00","mainEntityOfPage":{"@id":"https:\/\/blancfestival.com\/logo-by-memory-podrias-dibujar-los-logos-de-las-marcas-mas-famosas-de-memoria\/"},"wordCount":992,"commentCount":0,"publisher":{"@id":"https:\/\/blancfestival.com\/#organization"},"image":{"@id":"https:\/\/blancfestival.com\/logo-by-memory-podrias-dibujar-los-logos-de-las-marcas-mas-famosas-de-memoria\/#primaryimage"},"thumbnailUrl":"https:\/\/blancfestival.com\/wp-content\/uploads\/2021\/04\/04_ADIDAS.jpg","articleSection":["Blanc Basics"],"inLanguage":"en-US","potentialAction":[{"@type":"CommentAction","name":"Comment","target":["https:\/\/blancfestival.com\/logo-by-memory-podrias-dibujar-los-logos-de-las-marcas-mas-famosas-de-memoria\/#respond"]}]},{"@type":"WebPage","@id":"https:\/\/blancfestival.com\/logo-by-memory-podrias-dibujar-los-logos-de-las-marcas-mas-famosas-de-memoria\/","url":"https:\/\/blancfestival.com\/logo-by-memory-podrias-dibujar-los-logos-de-las-marcas-mas-famosas-de-memoria\/","name":"Logo By memory: \u00bfPodr\u00edas dibujar los logos de las marcas m\u00e1s famosas de memoria?","isPartOf":{"@id":"https:\/\/blancfestival.com\/#website"},"primaryImageOfPage":{"@id":"https:\/\/blancfestival.com\/logo-by-memory-podrias-dibujar-los-logos-de-las-marcas-mas-famosas-de-memoria\/#primaryimage"},"image":{"@id":"https:\/\/blancfestival.com\/logo-by-memory-podrias-dibujar-los-logos-de-las-marcas-mas-famosas-de-memoria\/#primaryimage"},"thumbnailUrl":"https:\/\/blancfestival.com\/wp-content\/uploads\/2021\/04\/04_ADIDAS.jpg","datePublished":"2021-04-22T19:02:06+00:00","dateModified":"2021-07-06T12:00:51+00:00","breadcrumb":{"@id":"https:\/\/blancfestival.com\/logo-by-memory-podrias-dibujar-los-logos-de-las-marcas-mas-famosas-de-memoria\/#breadcrumb"},"inLanguage":"en-US","potentialAction":[{"@type":"ReadAction","target":["https:\/\/blancfestival.com\/logo-by-memory-podrias-dibujar-los-logos-de-las-marcas-mas-famosas-de-memoria\/"]}]},{"@type":"ImageObject","inLanguage":"en-US","@id":"https:\/\/blancfestival.com\/logo-by-memory-podrias-dibujar-los-logos-de-las-marcas-mas-famosas-de-memoria\/#primaryimage","url":"https:\/\/blancfestival.com\/wp-content\/uploads\/2021\/04\/04_ADIDAS.jpg","contentUrl":"https:\/\/blancfestival.com\/wp-content\/uploads\/2021\/04\/04_ADIDAS.jpg","width":700,"height":498},{"@type":"BreadcrumbList","@id":"https:\/\/blancfestival.com\/logo-by-memory-podrias-dibujar-los-logos-de-las-marcas-mas-famosas-de-memoria\/#breadcrumb","itemListElement":[{"@type":"ListItem","position":1,"name":"Portada","item":"https:\/\/blancfestival.com\/en\/"},{"@type":"ListItem","position":2,"name":"Logo By memory: \u00bfPodr\u00edas dibujar los logos de las marcas m\u00e1s famosas de memoria?"}]},{"@type":"WebSite","@id":"https:\/\/blancfestival.com\/#website","url":"https:\/\/blancfestival.com\/","name":"Blanc! Festival","description":"Dise\u00f1o, Creatividad e Innovaci\u00f3n","publisher":{"@id":"https:\/\/blancfestival.com\/#organization"},"potentialAction":[{"@type":"SearchAction","target":{"@type":"EntryPoint","urlTemplate":"https:\/\/blancfestival.com\/?s={search_term_string}"},"query-input":{"@type":"PropertyValueSpecification","valueRequired":true,"valueName":"search_term_string"}}],"inLanguage":"en-US"},{"@type":"Organization","@id":"https:\/\/blancfestival.com\/#organization","name":"Blanc! Festival de Dise\u00f1o, Creatividad e Innovaci\u00f3n","url":"https:\/\/blancfestival.com\/","logo":{"@type":"ImageObject","inLanguage":"en-US","@id":"https:\/\/blancfestival.com\/#\/schema\/logo\/image\/","url":"https:\/\/blancfestival.com\/wp-content\/uploads\/2025\/01\/logo_icono_blanc.jpg","contentUrl":"https:\/\/blancfestival.com\/wp-content\/uploads\/2025\/01\/logo_icono_blanc.jpg","width":2000,"height":2000,"caption":"Blanc! Festival de Dise\u00f1o, Creatividad e Innovaci\u00f3n"},"image":{"@id":"https:\/\/blancfestival.com\/#\/schema\/logo\/image\/"},"sameAs":["https:\/\/www.facebook.com\/blanc.festivaldissenygrafic\/","https:\/\/x.com\/blancfest","https:\/\/www.instagram.com\/blancfest\/","https:\/\/www.linkedin.com\/company\/blanc-festival","https:\/\/www.pinterest.com\/blancfest\/","https:\/\/www.youtube.com\/channel\/UCM-IjxOFb5gQg4yPgmze3Gg"]},{"@type":"Person","@id":"https:\/\/blancfestival.com\/#\/schema\/person\/dfa49d6127c6c5aeca53855b863adb04","name":"Ruben","image":{"@type":"ImageObject","inLanguage":"en-US","@id":"https:\/\/blancfestival.com\/#\/schema\/person\/image\/","url":"https:\/\/blancfestival.com\/wp-content\/uploads\/2020\/01\/mstile-310x310-1-120x120.png","contentUrl":"https:\/\/blancfestival.com\/wp-content\/uploads\/2020\/01\/mstile-310x310-1-120x120.png","caption":"Ruben"}}]}},"_links":{"self":[{"href":"https:\/\/blancfestival.com\/en\/wp-json\/wp\/v2\/posts\/5760","targetHints":{"allow":["GET"]}}],"collection":[{"href":"https:\/\/blancfestival.com\/en\/wp-json\/wp\/v2\/posts"}],"about":[{"href":"https:\/\/blancfestival.com\/en\/wp-json\/wp\/v2\/types\/post"}],"author":[{"embeddable":true,"href":"https:\/\/blancfestival.com\/en\/wp-json\/wp\/v2\/users\/17"}],"replies":[{"embeddable":true,"href":"https:\/\/blancfestival.com\/en\/wp-json\/wp\/v2\/comments?post=5760"}],"version-history":[{"count":31,"href":"https:\/\/blancfestival.com\/en\/wp-json\/wp\/v2\/posts\/5760\/revisions"}],"predecessor-version":[{"id":5836,"href":"https:\/\/blancfestival.com\/en\/wp-json\/wp\/v2\/posts\/5760\/revisions\/5836"}],"wp:featuredmedia":[{"embeddable":true,"href":"https:\/\/blancfestival.com\/en\/wp-json\/wp\/v2\/media\/5785"}],"wp:attachment":[{"href":"https:\/\/blancfestival.com\/en\/wp-json\/wp\/v2\/media?parent=5760"}],"wp:term":[{"taxonomy":"category","embeddable":true,"href":"https:\/\/blancfestival.com\/en\/wp-json\/wp\/v2\/categories?post=5760"},{"taxonomy":"post_tag","embeddable":true,"href":"https:\/\/blancfestival.com\/en\/wp-json\/wp\/v2\/tags?post=5760"},{"taxonomy":"evento","embeddable":true,"href":"https:\/\/blancfestival.com\/en\/wp-json\/wp\/v2\/evento?post=5760"}],"curies":[{"name":"wp","href":"https:\/\/api.w.org\/{rel}","templated":true}]}}