{"id":6424,"date":"2021-07-20T12:29:14","date_gmt":"2021-07-20T10:29:14","guid":{"rendered":"https:\/\/blancfestival.com\/?p=6424"},"modified":"2021-07-22T00:20:53","modified_gmt":"2021-07-21T22:20:53","slug":"crisis-creativa","status":"publish","type":"post","link":"https:\/\/blancfestival.com\/en\/crisis-creativa\/","title":{"rendered":"Crisis creativa"},"content":{"rendered":"<p class=\"p1\">Hace unos meses que en el gremio de dise\u00f1adores gr\u00e1ficos se empieza a rumorear sobre una <strong>crisis sectorial<\/strong>. Todos sabemos que nuestro trabajo, como el de la mayor\u00eda de profesiones del \u00e1mbito cultural, <strong>siempre est\u00e1 en crisis<\/strong>. A la nuestra, adem\u00e1s se le suma otra de m\u00e1s recurrente y end\u00e9mica: La crisis creativa. Los dise\u00f1adores gr\u00e1ficos nacimos con un don, \u00bfestamos de acuerdo? \u00bfo a caso hay algo que a\u00fan te haga pensar que t\u00fa no puedes ser creativo? \u00bfEres de los que creen que solo existen unos pocos elegidos capaces de pensar de una forma nueva, imaginativa o disruptiva? \u00bfEl creativo nace o se hace?.<\/p>\n<p class=\"p1\">El oficio de dise\u00f1ador gr\u00e1fico requiere en su desempe\u00f1o una buena dosis de creatividad, no en todas sus facetas, pero los que nos dedicamos a la comunicaci\u00f3n visual sabemos muy bien que <strong>sin un buen concepto creativo, pocas veces consigues desarrollar un discurso comunicativo capaz de atrapar y seducir a nuestra audiencia<\/strong>.<\/p>\n<p class=\"p1\">Dise\u00f1ar, s\u00ed, pero pensar conceptos creativos no es lo m\u00edo. Repito lo mismo que todos, cuando m\u00e1s investigo, m\u00e1s cuenta me doy que<strong> todos los dise\u00f1adores hacemos lo mismo<\/strong>. Me siento desesperado crear lenguajes nuevos y no logro conseguirlo. Me siento encorsetado con el <a href=\"https:\/\/blancfestival.com\/diseno\/tiene-sentido-que-el-branding\/\">branding<\/a>. Quiero dejar claro que ning\u00fan dise\u00f1ador gr\u00e1fico nace, es cierto que es indispensable tener una buena formaci\u00f3n, habilidad, sensibilidad y capacidad creativa, pero para ser un buen dise\u00f1ador lo que necesitas es un <strong>m\u00e9todo<\/strong>. Un proceso de trabajo disciplinado que te permita dar con ideas y lenguajes de comunicaci\u00f3n gr\u00e1fica nuevos, imaginativos y sobretodo adecuados al encargo profesional que atiendes.<\/p>\n<h2 class=\"p1\">La verdadera crisis creativa<\/h2>\n<p class=\"p1\">Dicen los gur\u00fas populistas al estilo ranciopesimista de Santiago Ni\u00f1o Becerra que se avecina una crisis pospand\u00e9mica sin precedentes, otros, m\u00e1s optimistas, como el psic\u00f3logo Steven Pinker, auguran que volver\u00e1 la fiesta de la felicidad y el descontrol de los locos a\u00f1os veinte, alimentada por la infame inyecci\u00f3n de capital que recibir\u00e1n los de siempre, multinacionales, bancos y amiguetes del gobierno.<\/p>\n<p class=\"p1\">Personalmente me considero un optimista de nivel profesional, lo que coloquialmente llamamos un tonto. Sin duda, me quedo con el vaso lleno y rebosante, a pesar de todo, considero que la verdadera crisis existencial de nuestra profesi\u00f3n es la creativa. En el a\u00f1o 2008, <a href=\"https:\/\/adnstudio.com\/\"><span class=\"s1\">adn studio<\/span><\/a> junto con miles de otras peque\u00f1as agencias de comunicaci\u00f3n fuimos golpeados por una de las crisis m\u00e1s galopantes que la historia reciente que spa\u00f1istan recuerda, \u201ccon permiso del brillante, Aleix Sal\u00f3\u201d. <strong>Salimos como pudimos, pero nada me tuvo tan paralizado como la incerteza<\/strong>.<\/p>\n<p class=\"p1\">En la pared del estudio ten\u00edamos un retrato de Albert Einstein, con un mensaje que dec\u00eda algo as\u00ed \u201cLa creatividad nace de la angustia, como el d\u00eda nace de la noche\u201d. Si bien es cierto que la angustia que produce presi\u00f3n de los timing justitos, es un magn\u00edfico estimulante para la inspiraci\u00f3n y avanzar con proyectos imposibles, sin duda, contrariando a nuestro querido genio universal, Albert, considero que las emociones negativas, como pueden ser el miedo, paralizan el talento y la inspiraci\u00f3n de cualquier creativo. No sabemos qu\u00e9 augura el futuro, pero quiero insuflar esperanza. <strong>Obtenemos lo que proyectamos<\/strong>, ni m\u00e1s ni menos, nuestro pensamiento positivo es lo que nos dar\u00e1 la fuerza para salir adelante. Ayer, hoy y siempre.<\/p>\n<p><img loading=\"lazy\" decoding=\"async\" width=\"700\" height=\"700\" class=\"aligncenter size-large wp-image-6430\" src=\"https:\/\/blancfestival.com\/wp-content\/uploads\/2021\/07\/crisis-adnstudio-blanc-1-700x700.jpg\" alt=\"\" srcset=\"https:\/\/blancfestival.com\/wp-content\/uploads\/2021\/07\/crisis-adnstudio-blanc-1-700x700.jpg 700w, https:\/\/blancfestival.com\/wp-content\/uploads\/2021\/07\/crisis-adnstudio-blanc-1-250x250.jpg 250w, https:\/\/blancfestival.com\/wp-content\/uploads\/2021\/07\/crisis-adnstudio-blanc-1-150x150.jpg 150w, https:\/\/blancfestival.com\/wp-content\/uploads\/2021\/07\/crisis-adnstudio-blanc-1-768x768.jpg 768w, https:\/\/blancfestival.com\/wp-content\/uploads\/2021\/07\/crisis-adnstudio-blanc-1-1536x1536.jpg 1536w, https:\/\/blancfestival.com\/wp-content\/uploads\/2021\/07\/crisis-adnstudio-blanc-1-2048x2048.jpg 2048w, https:\/\/blancfestival.com\/wp-content\/uploads\/2021\/07\/crisis-adnstudio-blanc-1-120x120.jpg 120w\" sizes=\"auto, (max-width: 700px) 100vw, 700px\" \/><\/p>\n<h2 class=\"p1\">Creatividad en crisis, \u00bfarte o dise\u00f1o?<\/h2>\n<p class=\"p1\">Detr\u00e1s de una creatividad, que probablemente conseguir\u00e1 que la marca que la encarga genere miles de euros en ventas, siempre hay un profesional creativo que, antes de sentarse a pensar, ha analizado a fondo cu\u00e1l es el prop\u00f3sito de la marca.<\/p>\n<p class=\"p1\">La creatividad en publicidad no responde a las musas, s\u00ed a un encargo profesional. <strong>Si cruzamos esta barrera, la del objetivo de comunicaci\u00f3n, ya no es dise\u00f1o gr\u00e1fico, es arte<\/strong>. Ambos universos comparten patrones y m\u00e9todos, el del dise\u00f1o gr\u00e1fico es el de alcanzar un objetivo de comunicaci\u00f3n, el del arte, transmitir un pensamiento, una emoci\u00f3n, apelar a nuestros sentimientos o golpear nuestros pensamientos y sentidos.<\/p>\n<p>&nbsp;<\/p>\n<h2 class=\"p1\">\u00bfCrisis? \u00bfQu\u00e9 crisis?<\/h2>\n<p class=\"p1\">Los mensajes de comunicaci\u00f3n que nos impactan constantemente, los percibimos cada uno de nosotros de distinta manera. <strong>En nuestra mente tenemos una versi\u00f3n particular del mundo que nos rodea<\/strong>. Esta realidad que como comunicadores tenemos que tener siempre presente cuando emprendemos un encargo, es tambi\u00e9n la que nos puede llevar a entrar en crisis creativa.<\/p>\n<p class=\"p1\">Est\u00e1 claro que en la vida siempre hay momentos dif\u00edciles, controlar las emociones negativas es fundamental, para ello es necesario mantener un pensamiento positivo. Como se suele decir, <strong>si buscas resultados distintos no hagas siempre lo mismo<\/strong>. Por eso, para superar cualquier crisis, seguramente tendr\u00e1s que romper con tus paradigmas y la creatividad es una herramienta excelente para superar tus barreras infundadas.<\/p>\n<p class=\"p1\">Las limitaciones que nos impone un briefing son muy similares a les que nos imponemos los propios dise\u00f1adores cuando afrontamos un proyecto de comunicaci\u00f3n gr\u00e1fica. No hay l\u00edmites, el limite es tu cerebro y sus limitaciones. <strong>Rompe tu zona de confort y empieza a pensar de forma distinta<\/strong>, solo as\u00ed ser\u00e1s capaz de crear lo que te propongas.<\/p>\n","protected":false},"excerpt":{"rendered":"Hace unos meses que en el gremio de dise\u00f1adores gr\u00e1ficos se empieza a rumorear sobre una crisis sectorial. Todos sabemos que nuestro trabajo, como el de la mayor\u00eda de profesiones del \u00e1mbito cultural, siempre est\u00e1 en crisis. A la nuestra, adem\u00e1s se le suma otra de m\u00e1s recurrente y end\u00e9mica: La crisis creativa. Los dise\u00f1adores&hellip;","protected":false},"author":9,"featured_media":6433,"comment_status":"open","ping_status":"open","sticky":false,"template":"","format":"standard","meta":{"_acf_changed":false,"footnotes":""},"categories":[3,2],"tags":[255,161,144,124,71,60],"evento":[],"class_list":["post-6424","post","type-post","status-publish","format-standard","has-post-thumbnail","hentry","category-creatividad","category-diseno","tag-crisis-creativa","tag-creatividad","tag-crisis","tag-gestion","tag-gestion-de-equipos-de-diseno","tag-diseno"],"acf":[],"yoast_head":"<!-- This site is optimized with the Yoast SEO plugin v23.7 - https:\/\/yoast.com\/wordpress\/plugins\/seo\/ -->\n<title>Crisis creativa<\/title>\n<meta name=\"robots\" content=\"index, follow, max-snippet:-1, max-image-preview:large, max-video-preview:-1\" \/>\n<link rel=\"canonical\" href=\"https:\/\/blancfestival.com\/crisis-creativa\/\" \/>\n<meta property=\"og:locale\" content=\"en_US\" \/>\n<meta property=\"og:type\" content=\"article\" \/>\n<meta property=\"og:title\" content=\"Crisis creativa\" \/>\n<meta property=\"og:description\" content=\"Hace unos meses que en el gremio de dise\u00f1adores gr\u00e1ficos se empieza a rumorear sobre una crisis sectorial. Todos sabemos que nuestro trabajo, como el de la mayor\u00eda de profesiones del \u00e1mbito cultural, siempre est\u00e1 en crisis. A la nuestra, adem\u00e1s se le suma otra de m\u00e1s recurrente y end\u00e9mica: La crisis creativa. Los dise\u00f1adores&hellip;\" \/>\n<meta property=\"og:url\" content=\"https:\/\/blancfestival.com\/crisis-creativa\/\" \/>\n<meta property=\"og:site_name\" content=\"Blanc!\" \/>\n<meta property=\"article:publisher\" content=\"https:\/\/www.facebook.com\/blanc.festivaldissenygrafic\/\" \/>\n<meta property=\"article:published_time\" content=\"2021-07-20T10:29:14+00:00\" \/>\n<meta property=\"article:modified_time\" content=\"2021-07-21T22:20:53+00:00\" \/>\n<meta property=\"og:image\" content=\"https:\/\/blancfestival.com\/wp-content\/uploads\/2021\/07\/ante-hamersmit-U3AKT6ryvic-unsplash2.jpg\" \/>\n\t<meta property=\"og:image:width\" content=\"1382\" \/>\n\t<meta property=\"og:image:height\" content=\"1037\" \/>\n\t<meta property=\"og:image:type\" content=\"image\/jpeg\" \/>\n<meta name=\"author\" content=\"Jordi Corella\" \/>\n<meta name=\"twitter:card\" content=\"summary_large_image\" \/>\n<meta name=\"twitter:creator\" content=\"@blancfest\" \/>\n<meta name=\"twitter:site\" content=\"@blancfest\" \/>\n<meta name=\"twitter:label1\" content=\"Written by\" \/>\n\t<meta name=\"twitter:data1\" content=\"Jordi Corella\" \/>\n\t<meta name=\"twitter:label2\" content=\"Est. reading time\" \/>\n\t<meta name=\"twitter:data2\" content=\"4 minutes\" \/>\n<script type=\"application\/ld+json\" class=\"yoast-schema-graph\">{\"@context\":\"https:\/\/schema.org\",\"@graph\":[{\"@type\":\"Article\",\"@id\":\"https:\/\/blancfestival.com\/crisis-creativa\/#article\",\"isPartOf\":{\"@id\":\"https:\/\/blancfestival.com\/crisis-creativa\/\"},\"author\":{\"name\":\"Jordi Corella\",\"@id\":\"https:\/\/blancfestival.com\/#\/schema\/person\/88f01ced2f7d3bc13e766efba6f69880\"},\"headline\":\"Crisis creativa\",\"datePublished\":\"2021-07-20T10:29:14+00:00\",\"dateModified\":\"2021-07-21T22:20:53+00:00\",\"mainEntityOfPage\":{\"@id\":\"https:\/\/blancfestival.com\/crisis-creativa\/\"},\"wordCount\":900,\"commentCount\":0,\"publisher\":{\"@id\":\"https:\/\/blancfestival.com\/#organization\"},\"image\":{\"@id\":\"https:\/\/blancfestival.com\/crisis-creativa\/#primaryimage\"},\"thumbnailUrl\":\"https:\/\/blancfestival.com\/wp-content\/uploads\/2021\/07\/ante-hamersmit-U3AKT6ryvic-unsplash2.jpg\",\"keywords\":[\"crisis creativa\",\"creatividad\",\"crisis\",\"gesti\u00f3n\",\"gesti\u00f3n de equipos de dise\u00f1o\",\"dise\u00f1o\"],\"articleSection\":[\"Creatividad\",\"Dise\u00f1o\"],\"inLanguage\":\"en-US\",\"potentialAction\":[{\"@type\":\"CommentAction\",\"name\":\"Comment\",\"target\":[\"https:\/\/blancfestival.com\/crisis-creativa\/#respond\"]}]},{\"@type\":\"WebPage\",\"@id\":\"https:\/\/blancfestival.com\/crisis-creativa\/\",\"url\":\"https:\/\/blancfestival.com\/crisis-creativa\/\",\"name\":\"Crisis creativa\",\"isPartOf\":{\"@id\":\"https:\/\/blancfestival.com\/#website\"},\"primaryImageOfPage\":{\"@id\":\"https:\/\/blancfestival.com\/crisis-creativa\/#primaryimage\"},\"image\":{\"@id\":\"https:\/\/blancfestival.com\/crisis-creativa\/#primaryimage\"},\"thumbnailUrl\":\"https:\/\/blancfestival.com\/wp-content\/uploads\/2021\/07\/ante-hamersmit-U3AKT6ryvic-unsplash2.jpg\",\"datePublished\":\"2021-07-20T10:29:14+00:00\",\"dateModified\":\"2021-07-21T22:20:53+00:00\",\"breadcrumb\":{\"@id\":\"https:\/\/blancfestival.com\/crisis-creativa\/#breadcrumb\"},\"inLanguage\":\"en-US\",\"potentialAction\":[{\"@type\":\"ReadAction\",\"target\":[\"https:\/\/blancfestival.com\/crisis-creativa\/\"]}]},{\"@type\":\"ImageObject\",\"inLanguage\":\"en-US\",\"@id\":\"https:\/\/blancfestival.com\/crisis-creativa\/#primaryimage\",\"url\":\"https:\/\/blancfestival.com\/wp-content\/uploads\/2021\/07\/ante-hamersmit-U3AKT6ryvic-unsplash2.jpg\",\"contentUrl\":\"https:\/\/blancfestival.com\/wp-content\/uploads\/2021\/07\/ante-hamersmit-U3AKT6ryvic-unsplash2.jpg\",\"width\":1382,\"height\":1037,\"caption\":\"Retrato de una persona con caja en la cabeza\"},{\"@type\":\"BreadcrumbList\",\"@id\":\"https:\/\/blancfestival.com\/crisis-creativa\/#breadcrumb\",\"itemListElement\":[{\"@type\":\"ListItem\",\"position\":1,\"name\":\"Portada\",\"item\":\"https:\/\/blancfestival.com\/en\/\"},{\"@type\":\"ListItem\",\"position\":2,\"name\":\"Crisis creativa\"}]},{\"@type\":\"WebSite\",\"@id\":\"https:\/\/blancfestival.com\/#website\",\"url\":\"https:\/\/blancfestival.com\/\",\"name\":\"Blanc! Festival\",\"description\":\"Dise\u00f1o, Creatividad e Innovaci\u00f3n\",\"publisher\":{\"@id\":\"https:\/\/blancfestival.com\/#organization\"},\"potentialAction\":[{\"@type\":\"SearchAction\",\"target\":{\"@type\":\"EntryPoint\",\"urlTemplate\":\"https:\/\/blancfestival.com\/?s={search_term_string}\"},\"query-input\":{\"@type\":\"PropertyValueSpecification\",\"valueRequired\":true,\"valueName\":\"search_term_string\"}}],\"inLanguage\":\"en-US\"},{\"@type\":\"Organization\",\"@id\":\"https:\/\/blancfestival.com\/#organization\",\"name\":\"Blanc! Festival de Dise\u00f1o, Creatividad e Innovaci\u00f3n\",\"url\":\"https:\/\/blancfestival.com\/\",\"logo\":{\"@type\":\"ImageObject\",\"inLanguage\":\"en-US\",\"@id\":\"https:\/\/blancfestival.com\/#\/schema\/logo\/image\/\",\"url\":\"https:\/\/blancfestival.com\/wp-content\/uploads\/2025\/01\/logo_icono_blanc.jpg\",\"contentUrl\":\"https:\/\/blancfestival.com\/wp-content\/uploads\/2025\/01\/logo_icono_blanc.jpg\",\"width\":2000,\"height\":2000,\"caption\":\"Blanc! Festival de Dise\u00f1o, Creatividad e Innovaci\u00f3n\"},\"image\":{\"@id\":\"https:\/\/blancfestival.com\/#\/schema\/logo\/image\/\"},\"sameAs\":[\"https:\/\/www.facebook.com\/blanc.festivaldissenygrafic\/\",\"https:\/\/x.com\/blancfest\",\"https:\/\/www.instagram.com\/blancfest\/\",\"https:\/\/www.linkedin.com\/company\/blanc-festival\",\"https:\/\/www.pinterest.com\/blancfest\/\",\"https:\/\/www.youtube.com\/channel\/UCM-IjxOFb5gQg4yPgmze3Gg\"]},{\"@type\":\"Person\",\"@id\":\"https:\/\/blancfestival.com\/#\/schema\/person\/88f01ced2f7d3bc13e766efba6f69880\",\"name\":\"Jordi Corella\",\"image\":{\"@type\":\"ImageObject\",\"inLanguage\":\"en-US\",\"@id\":\"https:\/\/blancfestival.com\/#\/schema\/person\/image\/\",\"url\":\"https:\/\/blancfestival.com\/wp-content\/uploads\/2020\/04\/jordi-corella-adnstudio-120x121.jpg\",\"contentUrl\":\"https:\/\/blancfestival.com\/wp-content\/uploads\/2020\/04\/jordi-corella-adnstudio-120x121.jpg\",\"caption\":\"Jordi Corella\"},\"description\":\"\\u2028Director creativo en adn studio\",\"sameAs\":[\"https:\/\/adnstudio.com\/\"]}]}<\/script>\n<!-- \/ Yoast SEO plugin. -->","yoast_head_json":{"title":"Crisis creativa","robots":{"index":"index","follow":"follow","max-snippet":"max-snippet:-1","max-image-preview":"max-image-preview:large","max-video-preview":"max-video-preview:-1"},"canonical":"https:\/\/blancfestival.com\/crisis-creativa\/","og_locale":"en_US","og_type":"article","og_title":"Crisis creativa","og_description":"Hace unos meses que en el gremio de dise\u00f1adores gr\u00e1ficos se empieza a rumorear sobre una crisis sectorial. Todos sabemos que nuestro trabajo, como el de la mayor\u00eda de profesiones del \u00e1mbito cultural, siempre est\u00e1 en crisis. A la nuestra, adem\u00e1s se le suma otra de m\u00e1s recurrente y end\u00e9mica: La crisis creativa. Los dise\u00f1adores&hellip;","og_url":"https:\/\/blancfestival.com\/crisis-creativa\/","og_site_name":"Blanc!","article_publisher":"https:\/\/www.facebook.com\/blanc.festivaldissenygrafic\/","article_published_time":"2021-07-20T10:29:14+00:00","article_modified_time":"2021-07-21T22:20:53+00:00","og_image":[{"width":1382,"height":1037,"url":"https:\/\/blancfestival.com\/wp-content\/uploads\/2021\/07\/ante-hamersmit-U3AKT6ryvic-unsplash2.jpg","type":"image\/jpeg"}],"author":"Jordi Corella","twitter_card":"summary_large_image","twitter_creator":"@blancfest","twitter_site":"@blancfest","twitter_misc":{"Written by":"Jordi Corella","Est. reading time":"4 minutes"},"schema":{"@context":"https:\/\/schema.org","@graph":[{"@type":"Article","@id":"https:\/\/blancfestival.com\/crisis-creativa\/#article","isPartOf":{"@id":"https:\/\/blancfestival.com\/crisis-creativa\/"},"author":{"name":"Jordi Corella","@id":"https:\/\/blancfestival.com\/#\/schema\/person\/88f01ced2f7d3bc13e766efba6f69880"},"headline":"Crisis creativa","datePublished":"2021-07-20T10:29:14+00:00","dateModified":"2021-07-21T22:20:53+00:00","mainEntityOfPage":{"@id":"https:\/\/blancfestival.com\/crisis-creativa\/"},"wordCount":900,"commentCount":0,"publisher":{"@id":"https:\/\/blancfestival.com\/#organization"},"image":{"@id":"https:\/\/blancfestival.com\/crisis-creativa\/#primaryimage"},"thumbnailUrl":"https:\/\/blancfestival.com\/wp-content\/uploads\/2021\/07\/ante-hamersmit-U3AKT6ryvic-unsplash2.jpg","keywords":["crisis creativa","creatividad","crisis","gesti\u00f3n","gesti\u00f3n de equipos de dise\u00f1o","dise\u00f1o"],"articleSection":["Creatividad","Dise\u00f1o"],"inLanguage":"en-US","potentialAction":[{"@type":"CommentAction","name":"Comment","target":["https:\/\/blancfestival.com\/crisis-creativa\/#respond"]}]},{"@type":"WebPage","@id":"https:\/\/blancfestival.com\/crisis-creativa\/","url":"https:\/\/blancfestival.com\/crisis-creativa\/","name":"Crisis creativa","isPartOf":{"@id":"https:\/\/blancfestival.com\/#website"},"primaryImageOfPage":{"@id":"https:\/\/blancfestival.com\/crisis-creativa\/#primaryimage"},"image":{"@id":"https:\/\/blancfestival.com\/crisis-creativa\/#primaryimage"},"thumbnailUrl":"https:\/\/blancfestival.com\/wp-content\/uploads\/2021\/07\/ante-hamersmit-U3AKT6ryvic-unsplash2.jpg","datePublished":"2021-07-20T10:29:14+00:00","dateModified":"2021-07-21T22:20:53+00:00","breadcrumb":{"@id":"https:\/\/blancfestival.com\/crisis-creativa\/#breadcrumb"},"inLanguage":"en-US","potentialAction":[{"@type":"ReadAction","target":["https:\/\/blancfestival.com\/crisis-creativa\/"]}]},{"@type":"ImageObject","inLanguage":"en-US","@id":"https:\/\/blancfestival.com\/crisis-creativa\/#primaryimage","url":"https:\/\/blancfestival.com\/wp-content\/uploads\/2021\/07\/ante-hamersmit-U3AKT6ryvic-unsplash2.jpg","contentUrl":"https:\/\/blancfestival.com\/wp-content\/uploads\/2021\/07\/ante-hamersmit-U3AKT6ryvic-unsplash2.jpg","width":1382,"height":1037,"caption":"Retrato de una persona con caja en la cabeza"},{"@type":"BreadcrumbList","@id":"https:\/\/blancfestival.com\/crisis-creativa\/#breadcrumb","itemListElement":[{"@type":"ListItem","position":1,"name":"Portada","item":"https:\/\/blancfestival.com\/en\/"},{"@type":"ListItem","position":2,"name":"Crisis creativa"}]},{"@type":"WebSite","@id":"https:\/\/blancfestival.com\/#website","url":"https:\/\/blancfestival.com\/","name":"Blanc! Festival","description":"Dise\u00f1o, Creatividad e Innovaci\u00f3n","publisher":{"@id":"https:\/\/blancfestival.com\/#organization"},"potentialAction":[{"@type":"SearchAction","target":{"@type":"EntryPoint","urlTemplate":"https:\/\/blancfestival.com\/?s={search_term_string}"},"query-input":{"@type":"PropertyValueSpecification","valueRequired":true,"valueName":"search_term_string"}}],"inLanguage":"en-US"},{"@type":"Organization","@id":"https:\/\/blancfestival.com\/#organization","name":"Blanc! Festival de Dise\u00f1o, Creatividad e Innovaci\u00f3n","url":"https:\/\/blancfestival.com\/","logo":{"@type":"ImageObject","inLanguage":"en-US","@id":"https:\/\/blancfestival.com\/#\/schema\/logo\/image\/","url":"https:\/\/blancfestival.com\/wp-content\/uploads\/2025\/01\/logo_icono_blanc.jpg","contentUrl":"https:\/\/blancfestival.com\/wp-content\/uploads\/2025\/01\/logo_icono_blanc.jpg","width":2000,"height":2000,"caption":"Blanc! Festival de Dise\u00f1o, Creatividad e Innovaci\u00f3n"},"image":{"@id":"https:\/\/blancfestival.com\/#\/schema\/logo\/image\/"},"sameAs":["https:\/\/www.facebook.com\/blanc.festivaldissenygrafic\/","https:\/\/x.com\/blancfest","https:\/\/www.instagram.com\/blancfest\/","https:\/\/www.linkedin.com\/company\/blanc-festival","https:\/\/www.pinterest.com\/blancfest\/","https:\/\/www.youtube.com\/channel\/UCM-IjxOFb5gQg4yPgmze3Gg"]},{"@type":"Person","@id":"https:\/\/blancfestival.com\/#\/schema\/person\/88f01ced2f7d3bc13e766efba6f69880","name":"Jordi Corella","image":{"@type":"ImageObject","inLanguage":"en-US","@id":"https:\/\/blancfestival.com\/#\/schema\/person\/image\/","url":"https:\/\/blancfestival.com\/wp-content\/uploads\/2020\/04\/jordi-corella-adnstudio-120x121.jpg","contentUrl":"https:\/\/blancfestival.com\/wp-content\/uploads\/2020\/04\/jordi-corella-adnstudio-120x121.jpg","caption":"Jordi Corella"},"description":"\u2028Director creativo en adn studio","sameAs":["https:\/\/adnstudio.com\/"]}]}},"_links":{"self":[{"href":"https:\/\/blancfestival.com\/en\/wp-json\/wp\/v2\/posts\/6424","targetHints":{"allow":["GET"]}}],"collection":[{"href":"https:\/\/blancfestival.com\/en\/wp-json\/wp\/v2\/posts"}],"about":[{"href":"https:\/\/blancfestival.com\/en\/wp-json\/wp\/v2\/types\/post"}],"author":[{"embeddable":true,"href":"https:\/\/blancfestival.com\/en\/wp-json\/wp\/v2\/users\/9"}],"replies":[{"embeddable":true,"href":"https:\/\/blancfestival.com\/en\/wp-json\/wp\/v2\/comments?post=6424"}],"version-history":[{"count":3,"href":"https:\/\/blancfestival.com\/en\/wp-json\/wp\/v2\/posts\/6424\/revisions"}],"predecessor-version":[{"id":6436,"href":"https:\/\/blancfestival.com\/en\/wp-json\/wp\/v2\/posts\/6424\/revisions\/6436"}],"wp:featuredmedia":[{"embeddable":true,"href":"https:\/\/blancfestival.com\/en\/wp-json\/wp\/v2\/media\/6433"}],"wp:attachment":[{"href":"https:\/\/blancfestival.com\/en\/wp-json\/wp\/v2\/media?parent=6424"}],"wp:term":[{"taxonomy":"category","embeddable":true,"href":"https:\/\/blancfestival.com\/en\/wp-json\/wp\/v2\/categories?post=6424"},{"taxonomy":"post_tag","embeddable":true,"href":"https:\/\/blancfestival.com\/en\/wp-json\/wp\/v2\/tags?post=6424"},{"taxonomy":"evento","embeddable":true,"href":"https:\/\/blancfestival.com\/en\/wp-json\/wp\/v2\/evento?post=6424"}],"curies":[{"name":"wp","href":"https:\/\/api.w.org\/{rel}","templated":true}]}}