{"id":6986,"date":"2021-10-06T16:04:51","date_gmt":"2021-10-06T14:04:51","guid":{"rendered":"https:\/\/blancfestival.com\/?p=6986"},"modified":"2021-10-14T13:09:42","modified_gmt":"2021-10-14T11:09:42","slug":"entrevista-a-josep-m-trias-i-folch","status":"publish","type":"post","link":"https:\/\/blancfestival.com\/en\/entrevista-a-josep-m-trias-i-folch\/","title":{"rendered":"Entrevista a Josep M. Trias i Folch: \u00abEl dise\u00f1o cumple una labor social que nunca debemos perder de vista\u00bb"},"content":{"rendered":"<p>Mestre del Blanc! 2021: por su ocupaci\u00f3n, esfuerzo y contribuci\u00f3n en el sector del dise\u00f1o gr\u00e1fico. Trias es otro personaje que supo entender y asumir el oficio como dise\u00f1ador en una \u00e9poca donde se estaba intentando erigir el pa\u00eds, en la conocida Transici\u00f3n espa\u00f1ola. Su trabajo se expande en el marco internacional y nacional, haciendo grandes aportaciones en el imaginario colectivo espa\u00f1ol. Su mayor participaci\u00f3n ha sido en el paisaje visual de Catalu\u00f1a y especialmente en el de la ciudad condal.<\/p>\n<p><img loading=\"lazy\" decoding=\"async\" width=\"700\" height=\"875\" class=\"aligncenter size-large wp-image-6988\" src=\"https:\/\/blancfestival.com\/wp-content\/uploads\/2021\/10\/Josep_Ma_Trias_Blanc_2021_Rube\u0301n_Vaquero_01r-700x875.jpg\" alt=\"Retrato de Josep Maria Trias\" srcset=\"https:\/\/blancfestival.com\/wp-content\/uploads\/2021\/10\/Josep_Ma_Trias_Blanc_2021_Rube\u0301n_Vaquero_01r-700x875.jpg 700w, https:\/\/blancfestival.com\/wp-content\/uploads\/2021\/10\/Josep_Ma_Trias_Blanc_2021_Rube\u0301n_Vaquero_01r-250x313.jpg 250w, https:\/\/blancfestival.com\/wp-content\/uploads\/2021\/10\/Josep_Ma_Trias_Blanc_2021_Rube\u0301n_Vaquero_01r-768x960.jpg 768w, https:\/\/blancfestival.com\/wp-content\/uploads\/2021\/10\/Josep_Ma_Trias_Blanc_2021_Rube\u0301n_Vaquero_01r-120x150.jpg 120w, https:\/\/blancfestival.com\/wp-content\/uploads\/2021\/10\/Josep_Ma_Trias_Blanc_2021_Rube\u0301n_Vaquero_01r.jpg 960w\" sizes=\"auto, (max-width: 700px) 100vw, 700px\" \/><\/p>\n<h2><\/h2>\n<h2>Para empezar, \u00bfcu\u00e1l es tu primer recuerdo referente al dise\u00f1o?, \u00bftuviste alguna influencia clara?<\/h2>\n<p>Mi primer recuerdo se centra en los folletos de propaganda (publicidad-dise\u00f1o) que mi padre como m\u00e9dico recib\u00eda diariamente en casa. Me impresion\u00f3 y me atrajo la diversidad de elementos comunicativos que se encontraban en aquellos documentos, que mi padre me daba a ver y a explorar. Los mejores eran los de Josep Pla-Narbona y los de Enric Huguet, por lo que recuerdo.<\/p>\n<h2>Te iniciaste en el \u00e1mbito como aprendiz en el estudio del respetado Josep Pla-Narbona, \u00bfqu\u00e9 se desprend\u00eda en dicho estudio y c\u00f3mo fueron tus primeros pasos?<\/h2>\n<p>Empec\u00e9 como ayudante para todo, o sea, aprendiz. Barrer los papeles del suelo, abrir puertas, atender a entregas, ir a la composici\u00f3n de textos al quinto pino, preparar l\u00edquidos en el laboratorio de fotograf\u00eda anal\u00f3gica que ten\u00edamos en el estudio, y poco a poco ir aprendiendo de mis compa\u00f1eros y de mi jefe.<\/p>\n<p><img loading=\"lazy\" decoding=\"async\" width=\"700\" height=\"467\" class=\"aligncenter size-large wp-image-6998\" src=\"https:\/\/blancfestival.com\/wp-content\/uploads\/2021\/10\/MESTRE2021_E03-700x467.jpg\" alt=\"Josep M Trias hablando\" srcset=\"https:\/\/blancfestival.com\/wp-content\/uploads\/2021\/10\/MESTRE2021_E03-700x467.jpg 700w, https:\/\/blancfestival.com\/wp-content\/uploads\/2021\/10\/MESTRE2021_E03-250x167.jpg 250w, https:\/\/blancfestival.com\/wp-content\/uploads\/2021\/10\/MESTRE2021_E03-768x512.jpg 768w, https:\/\/blancfestival.com\/wp-content\/uploads\/2021\/10\/MESTRE2021_E03-120x80.jpg 120w, https:\/\/blancfestival.com\/wp-content\/uploads\/2021\/10\/MESTRE2021_E03-272x182.jpg 272w, https:\/\/blancfestival.com\/wp-content\/uploads\/2021\/10\/MESTRE2021_E03.jpg 1200w\" sizes=\"auto, (max-width: 700px) 100vw, 700px\" \/><\/p>\n<h2><\/h2>\n<h2>Adem\u00e1s de tu formaci\u00f3n pr\u00e1ctica, \u00bfqu\u00e9 ha significado para ti la ense\u00f1anza en dise\u00f1o? \u00bfCrees que es importante o es superflua?<\/h2>\n<p>Si te refieres a las ense\u00f1anzas que yo recib\u00ed en cuanto a Dise\u00f1o, te dir\u00e9 que aprend\u00ed m\u00e1s ense\u00f1ando en las diversas escuelas de dise\u00f1o, escuelas de negocios y universidades, que estudiando en Artes y Oficios y en Bellas Artes, que l\u00f3gicamente eran escuelas que estaban m\u00e1s encaminadas a ense\u00f1anzas art\u00edsticas. De todas formas la ense\u00f1anza siempre es importante si puedes acceder a una buena escuela que est\u00e9 dotada de buenos profesores con experiencia docente y profesional. A veces nos parece que no \u201caprendemos\u201d mientras estamos en la escuela y, posteriormente, recordamos muchas de las ense\u00f1anzas positivas y aprovechables recibidas.<\/p>\n<h2>En la manera de concebir el dise\u00f1o por un\/a profesional por medio de su trabajo, \u00bfes responsable de lo que su labor causa en la vida de las personas? \u00bfQu\u00e9 consejos imprescindibles dar\u00edas?<\/h2>\n<p>Pienso que el Dise\u00f1o forma parte de un conjunto de actividades t\u00e9cnico-art\u00edsticas destinadas todas ellas (urbanismo, arquitectura, dise\u00f1o de interiores, dise\u00f1o de producto y dise\u00f1o gr\u00e1fico) a incrementar la calidad de vida de la sociedad, en cuanto a habitabilidad, confort esencial, ergonom\u00eda, comprensi\u00f3n y confort visual, facilidad de uso de los productos, y conciencia eco-social, a todo lo dicho, podr\u00edamos denominar como responsabilidad social del Dise\u00f1o. El Dise\u00f1o cumple una labor social que nunca debemos perder de vista. Mi consejo ser\u00eda tener siempre presente que nuestro destinatario es la sociedad, a trav\u00e9s de la cultura, la comunicaci\u00f3n y el medio ambiente, y por tanto, no se trata de hacer \u201ccosas m\u00e1s o menos bonitas\u201d sino de tratar de \u201cservir\u201d a las necesidades de informaci\u00f3n, persuasi\u00f3n y comunicaci\u00f3n de nuestra sociedad, hoy ya global.<\/p>\n<p><img loading=\"lazy\" decoding=\"async\" width=\"700\" height=\"467\" class=\"aligncenter size-large wp-image-6991\" src=\"https:\/\/blancfestival.com\/wp-content\/uploads\/2021\/10\/MESTRE2021_E01-700x467.jpg\" alt=\"Josep M Trias y Vicent Almi\u00f1ana\" srcset=\"https:\/\/blancfestival.com\/wp-content\/uploads\/2021\/10\/MESTRE2021_E01-700x467.jpg 700w, https:\/\/blancfestival.com\/wp-content\/uploads\/2021\/10\/MESTRE2021_E01-250x167.jpg 250w, https:\/\/blancfestival.com\/wp-content\/uploads\/2021\/10\/MESTRE2021_E01-768x512.jpg 768w, https:\/\/blancfestival.com\/wp-content\/uploads\/2021\/10\/MESTRE2021_E01-120x80.jpg 120w, https:\/\/blancfestival.com\/wp-content\/uploads\/2021\/10\/MESTRE2021_E01-272x182.jpg 272w, https:\/\/blancfestival.com\/wp-content\/uploads\/2021\/10\/MESTRE2021_E01.jpg 1200w\" sizes=\"auto, (max-width: 700px) 100vw, 700px\" \/><\/p>\n<h2>Has hablado en m\u00e1s de una ocasi\u00f3n de un sue\u00f1o que ten\u00edas dividido en tres, cu\u00e9ntanos un poco al respecto y que pas\u00f3 una vez vivida esta fantas\u00eda.<\/h2>\n<p>En mis inicios como dise\u00f1ador, y a la vista de los proyectos reales que iban emergiendo en el mundo y que yo tuve ocasi\u00f3n de conocer, me sent\u00ed fuertemente interesado por intentar conseguir realizar tres proyectos-sue\u00f1o, que luego, afortunadamente, se convirtieron en realidad: dise\u00f1ar la Imagen Corporativa y la Se\u00f1alizaci\u00f3n el Metro de Barcelona, dise\u00f1ar la imagen gr\u00e1fica y global de unos Juegos Ol\u00edmpicos (en Barcelona o donde fuera) y finalmente dise\u00f1ar la Imagen Corporativa de una Cadena de Televisi\u00f3n. Creo que estos tres proyectos abarcan un porcentaje alt\u00edsimo de la disciplina del Dise\u00f1o Gr\u00e1fico.<\/p>\n<p>&nbsp;<\/p>\n<blockquote><p><em>\u00abLxs dise\u00f1adorxs deben formarse m\u00e1s y mejor para dar respuestas de alta calidad en un mundo ya inevitablemente global\u00bb<\/em><\/p>\n<p>&nbsp;<\/p><\/blockquote>\n<h2><img loading=\"lazy\" decoding=\"async\" width=\"700\" height=\"467\" class=\"aligncenter size-large wp-image-6994\" src=\"https:\/\/blancfestival.com\/wp-content\/uploads\/2021\/10\/MESTRE2021_E02-700x467.jpg\" alt=\"Josep M Trias hablando con Vicent Almi\u00f1ana\" srcset=\"https:\/\/blancfestival.com\/wp-content\/uploads\/2021\/10\/MESTRE2021_E02-700x467.jpg 700w, https:\/\/blancfestival.com\/wp-content\/uploads\/2021\/10\/MESTRE2021_E02-250x167.jpg 250w, https:\/\/blancfestival.com\/wp-content\/uploads\/2021\/10\/MESTRE2021_E02-768x512.jpg 768w, https:\/\/blancfestival.com\/wp-content\/uploads\/2021\/10\/MESTRE2021_E02-120x80.jpg 120w, https:\/\/blancfestival.com\/wp-content\/uploads\/2021\/10\/MESTRE2021_E02-272x182.jpg 272w, https:\/\/blancfestival.com\/wp-content\/uploads\/2021\/10\/MESTRE2021_E02.jpg 1200w\" sizes=\"auto, (max-width: 700px) 100vw, 700px\" \/><\/h2>\n<h2><\/h2>\n<h2>Desde tus inicios has sido consciente del oficio y de su evoluci\u00f3n con una visi\u00f3n clara de negocio y perspectiva sociopol\u00edtica. \u00bfDe d\u00f3nde nace la idea de crear un estudio multidisciplinar a principios de los a\u00f1os ochenta?<\/h2>\n<p>Nace de una necesidad clar\u00edsima que detectamos un grupo de profesionales independientes, que hab\u00edamos trabajado juntos en proyectos multidisciplinares, promovidos la mayor\u00eda de ellos por el BCD Centro de Dise\u00f1o de Barcelona. La sociedad necesitaba de equipos multidisciplinares potentes y completos desde el punto de vista de disciplinas, que abarcan desde el marketing, pasando por la arquitectura, la arquitectura de interiores, el dise\u00f1o industrial o de producto y el dise\u00f1o gr\u00e1fico, que pudieran dar respuestas de calidad y seguridad a proyectos que iban emergiendo. Quod Dise\u00f1o y Marketing, SA, fue la configuraci\u00f3n nominal de la empresa que constituimos, aglomerando tres equipos ya formados y con amplia experiencia.<\/p>\n<h2>Durante tu trayectoria profesional has producido muchas identidades corporativas de gran trascendencia, \u00bfcu\u00e1l ha sido la identidad visual que m\u00e1s has disfrutado? \u00bfTe qued\u00f3 alguna pendiente que te hubiese gustado hacer?<\/h2>\n<p>A lo largo de mi trayectoria profesional he resuelto (junto a mi equipo, claro est\u00e1) m\u00e1s de 4.000 proyectos de dise\u00f1o gr\u00e1fico, con o sin intervenci\u00f3n de otras disciplinas. Me cuesta mucho concretar en un solo proyecto, pero si debo hacerlo, puede que el del Dise\u00f1o de todo lo visual de los Juegos Ol\u00edmpicos de Barcelona, haya sido uno de los proyectos m\u00e1s amplios, m\u00e1s excitantes y tambi\u00e9n m\u00e1s emotivos. En cuanto a si me ha quedado alg\u00fan proyecto \u201cpendiente\u201d, dir\u00eda que s\u00ed, y este ser\u00eda (a\u00fan habi\u00e9ndolo intentado) el dise\u00f1o para las nuevas tecnolog\u00edas: el w.w.w., y la animaci\u00f3n, en las que ya no pude internarme como hubiera deseado debido a el cambio generacional de todo un equipo.<\/p>\n<p><img loading=\"lazy\" decoding=\"async\" width=\"700\" height=\"467\" class=\"aligncenter size-large wp-image-7002\" src=\"https:\/\/blancfestival.com\/wp-content\/uploads\/2021\/10\/MESTRE2021_E04-700x467.jpg\" alt=\"Libro de Josep M. Trias\" srcset=\"https:\/\/blancfestival.com\/wp-content\/uploads\/2021\/10\/MESTRE2021_E04-700x467.jpg 700w, https:\/\/blancfestival.com\/wp-content\/uploads\/2021\/10\/MESTRE2021_E04-250x167.jpg 250w, https:\/\/blancfestival.com\/wp-content\/uploads\/2021\/10\/MESTRE2021_E04-768x512.jpg 768w, https:\/\/blancfestival.com\/wp-content\/uploads\/2021\/10\/MESTRE2021_E04-120x80.jpg 120w, https:\/\/blancfestival.com\/wp-content\/uploads\/2021\/10\/MESTRE2021_E04-272x182.jpg 272w, https:\/\/blancfestival.com\/wp-content\/uploads\/2021\/10\/MESTRE2021_E04.jpg 1200w\" sizes=\"auto, (max-width: 700px) 100vw, 700px\" \/><\/p>\n<h2><\/h2>\n<h2>Para terminar, sabemos que has tenido dos grandes pasiones en la vida, el dise\u00f1o y la m\u00fasica. Una de ellas con plena dedicaci\u00f3n y la otra con menor pretensi\u00f3n. Si pudieras volver atr\u00e1s, \u00bfelegir\u00edas el mismo camino trazado o por el contrario indagar\u00edas por nuevas sendas?<\/h2>\n<p>Hoy la profesi\u00f3n del Dise\u00f1o Gr\u00e1fico difiere mucho de la que yo conoc\u00ed en mis inicios y en mi plenitud profesional. Y las nuevas tecnolog\u00edas exigen otro tipo de profesionales al servicio de las necesidades de comunicaci\u00f3n global. Aun estando satisfecho de mi trabajo como dise\u00f1ador gr\u00e1fico, creo que s\u00ed que me lo pensar\u00eda dos veces antes de reemprender de nuevo un camino como dise\u00f1ador gr\u00e1fico. La tecnolog\u00eda y su inmediatez han permitido generar mucha m\u00e1s mierda en un m\u00ednimo de tiempo, y esto es lo que menos me gusta de lo que veo en los medios en estos momentos, al lado de realizaciones extraordinariamente bien hechas, que por descontado tambi\u00e9n se encuentran. Lxs dise\u00f1adorxs deben formarse m\u00e1s y mejor para dar respuestas de alta calidad en un mundo ya inevitablemente global.<\/p>\n<p>&nbsp;<\/p>\n<p>Fotograf\u00edas: Rub\u00e9n Vaquero, 2021. Librer\u00eda La Central del Raval, Barcelona.<\/p>\n","protected":false},"excerpt":{"rendered":"Mestre del Blanc! 2021: por su ocupaci\u00f3n, esfuerzo y contribuci\u00f3n en el sector del dise\u00f1o gr\u00e1fico. Trias es otro personaje que supo entender y asumir el oficio como dise\u00f1ador en una \u00e9poca donde se estaba intentando erigir el pa\u00eds, en la conocida Transici\u00f3n espa\u00f1ola. Su trabajo se expande en el marco internacional y nacional, haciendo&hellip;","protected":false},"author":11,"featured_media":6988,"comment_status":"open","ping_status":"open","sticky":false,"template":"","format":"standard","meta":{"_acf_changed":false,"footnotes":""},"categories":[3,2,1],"tags":[261,260,158,60],"evento":[],"class_list":["post-6986","post","type-post","status-publish","format-standard","has-post-thumbnail","hentry","category-creatividad","category-diseno","category-diseno-grafico","tag-mestre","tag-josep-m-trias","tag-maestro","tag-diseno"],"acf":[],"yoast_head":"<!-- This site is optimized with the Yoast SEO plugin v23.7 - https:\/\/yoast.com\/wordpress\/plugins\/seo\/ -->\n<title>Entrevista a Josep M. Trias i Folch: &quot;El dise\u00f1o cumple una labor social&quot;<\/title>\n<meta name=\"description\" content=\"Trias supo entender y asumir el oficio como dise\u00f1ador en una \u00e9poca donde se estaba intentando erigir el pa\u00eds, en la conocida Transici\u00f3n.\" \/>\n<meta name=\"robots\" content=\"index, follow, max-snippet:-1, max-image-preview:large, max-video-preview:-1\" \/>\n<link rel=\"canonical\" href=\"https:\/\/blancfestival.com\/en\/entrevista-a-josep-m-trias-i-folch\/\" \/>\n<meta property=\"og:locale\" content=\"en_US\" \/>\n<meta property=\"og:type\" content=\"article\" \/>\n<meta property=\"og:title\" content=\"Entrevista a Josep M. Trias i Folch: &quot;El dise\u00f1o cumple una labor social&quot;\" \/>\n<meta property=\"og:description\" content=\"Trias supo entender y asumir el oficio como dise\u00f1ador en una \u00e9poca donde se estaba intentando erigir el pa\u00eds, en la conocida Transici\u00f3n.\" \/>\n<meta property=\"og:url\" content=\"https:\/\/blancfestival.com\/en\/entrevista-a-josep-m-trias-i-folch\/\" \/>\n<meta property=\"og:site_name\" content=\"Blanc!\" \/>\n<meta property=\"article:publisher\" content=\"https:\/\/www.facebook.com\/blanc.festivaldissenygrafic\/\" \/>\n<meta property=\"article:published_time\" content=\"2021-10-06T14:04:51+00:00\" \/>\n<meta property=\"article:modified_time\" content=\"2021-10-14T11:09:42+00:00\" \/>\n<meta property=\"og:image\" content=\"https:\/\/blancfestival.com\/wp-content\/uploads\/2021\/10\/Josep_Ma_Trias_Blanc_2021_Rube\u0301n_Vaquero_01r.jpg\" \/>\n\t<meta property=\"og:image:width\" content=\"960\" \/>\n\t<meta property=\"og:image:height\" content=\"1200\" \/>\n\t<meta property=\"og:image:type\" content=\"image\/jpeg\" \/>\n<meta name=\"author\" content=\"Vicent Almi\u00f1ana\" \/>\n<meta name=\"twitter:card\" content=\"summary_large_image\" \/>\n<meta name=\"twitter:creator\" content=\"@blancfest\" \/>\n<meta name=\"twitter:site\" content=\"@blancfest\" \/>\n<meta name=\"twitter:label1\" content=\"Written by\" \/>\n\t<meta name=\"twitter:data1\" content=\"Vicent Almi\u00f1ana\" \/>\n\t<meta name=\"twitter:label2\" content=\"Est. reading time\" \/>\n\t<meta name=\"twitter:data2\" content=\"6 minutes\" \/>\n<script type=\"application\/ld+json\" class=\"yoast-schema-graph\">{\"@context\":\"https:\/\/schema.org\",\"@graph\":[{\"@type\":\"Article\",\"@id\":\"https:\/\/blancfestival.com\/en\/entrevista-a-josep-m-trias-i-folch\/#article\",\"isPartOf\":{\"@id\":\"https:\/\/blancfestival.com\/en\/entrevista-a-josep-m-trias-i-folch\/\"},\"author\":{\"name\":\"Vicent Almi\u00f1ana\",\"@id\":\"https:\/\/blancfestival.com\/#\/schema\/person\/cefc56543155b30cc9cfa1801fb912bf\"},\"headline\":\"Entrevista a Josep M. Trias i Folch: \u00abEl dise\u00f1o cumple una labor social que nunca debemos perder de vista\u00bb\",\"datePublished\":\"2021-10-06T14:04:51+00:00\",\"dateModified\":\"2021-10-14T11:09:42+00:00\",\"mainEntityOfPage\":{\"@id\":\"https:\/\/blancfestival.com\/en\/entrevista-a-josep-m-trias-i-folch\/\"},\"wordCount\":1313,\"commentCount\":0,\"publisher\":{\"@id\":\"https:\/\/blancfestival.com\/#organization\"},\"image\":{\"@id\":\"https:\/\/blancfestival.com\/en\/entrevista-a-josep-m-trias-i-folch\/#primaryimage\"},\"thumbnailUrl\":\"https:\/\/blancfestival.com\/wp-content\/uploads\/2021\/10\/Josep_Ma_Trias_Blanc_2021_Rube\u0301n_Vaquero_01r.jpg\",\"keywords\":[\"mestre\",\"Josep M Trias\",\"maestro\",\"dise\u00f1o\"],\"articleSection\":[\"Creatividad\",\"Dise\u00f1o\",\"Dise\u00f1o Gr\u00e1fico\"],\"inLanguage\":\"en-US\",\"potentialAction\":[{\"@type\":\"CommentAction\",\"name\":\"Comment\",\"target\":[\"https:\/\/blancfestival.com\/en\/entrevista-a-josep-m-trias-i-folch\/#respond\"]}]},{\"@type\":\"WebPage\",\"@id\":\"https:\/\/blancfestival.com\/en\/entrevista-a-josep-m-trias-i-folch\/\",\"url\":\"https:\/\/blancfestival.com\/en\/entrevista-a-josep-m-trias-i-folch\/\",\"name\":\"Entrevista a Josep M. Trias i Folch: \\\"El dise\u00f1o cumple una labor social\\\"\",\"isPartOf\":{\"@id\":\"https:\/\/blancfestival.com\/#website\"},\"primaryImageOfPage\":{\"@id\":\"https:\/\/blancfestival.com\/en\/entrevista-a-josep-m-trias-i-folch\/#primaryimage\"},\"image\":{\"@id\":\"https:\/\/blancfestival.com\/en\/entrevista-a-josep-m-trias-i-folch\/#primaryimage\"},\"thumbnailUrl\":\"https:\/\/blancfestival.com\/wp-content\/uploads\/2021\/10\/Josep_Ma_Trias_Blanc_2021_Rube\u0301n_Vaquero_01r.jpg\",\"datePublished\":\"2021-10-06T14:04:51+00:00\",\"dateModified\":\"2021-10-14T11:09:42+00:00\",\"description\":\"Trias supo entender y asumir el oficio como dise\u00f1ador en una \u00e9poca donde se estaba intentando erigir el pa\u00eds, en la conocida Transici\u00f3n.\",\"breadcrumb\":{\"@id\":\"https:\/\/blancfestival.com\/en\/entrevista-a-josep-m-trias-i-folch\/#breadcrumb\"},\"inLanguage\":\"en-US\",\"potentialAction\":[{\"@type\":\"ReadAction\",\"target\":[\"https:\/\/blancfestival.com\/en\/entrevista-a-josep-m-trias-i-folch\/\"]}]},{\"@type\":\"ImageObject\",\"inLanguage\":\"en-US\",\"@id\":\"https:\/\/blancfestival.com\/en\/entrevista-a-josep-m-trias-i-folch\/#primaryimage\",\"url\":\"https:\/\/blancfestival.com\/wp-content\/uploads\/2021\/10\/Josep_Ma_Trias_Blanc_2021_Rube\u0301n_Vaquero_01r.jpg\",\"contentUrl\":\"https:\/\/blancfestival.com\/wp-content\/uploads\/2021\/10\/Josep_Ma_Trias_Blanc_2021_Rube\u0301n_Vaquero_01r.jpg\",\"width\":960,\"height\":1200,\"caption\":\"Retrato de Josep Maria Trias\"},{\"@type\":\"BreadcrumbList\",\"@id\":\"https:\/\/blancfestival.com\/en\/entrevista-a-josep-m-trias-i-folch\/#breadcrumb\",\"itemListElement\":[{\"@type\":\"ListItem\",\"position\":1,\"name\":\"Portada\",\"item\":\"https:\/\/blancfestival.com\/en\/\"},{\"@type\":\"ListItem\",\"position\":2,\"name\":\"Entrevista a Josep M. Trias i Folch: \u00abEl dise\u00f1o cumple una labor social que nunca debemos perder de vista\u00bb\"}]},{\"@type\":\"WebSite\",\"@id\":\"https:\/\/blancfestival.com\/#website\",\"url\":\"https:\/\/blancfestival.com\/\",\"name\":\"Blanc! Festival\",\"description\":\"Dise\u00f1o, Creatividad e Innovaci\u00f3n\",\"publisher\":{\"@id\":\"https:\/\/blancfestival.com\/#organization\"},\"potentialAction\":[{\"@type\":\"SearchAction\",\"target\":{\"@type\":\"EntryPoint\",\"urlTemplate\":\"https:\/\/blancfestival.com\/?s={search_term_string}\"},\"query-input\":{\"@type\":\"PropertyValueSpecification\",\"valueRequired\":true,\"valueName\":\"search_term_string\"}}],\"inLanguage\":\"en-US\"},{\"@type\":\"Organization\",\"@id\":\"https:\/\/blancfestival.com\/#organization\",\"name\":\"Blanc! Festival de Dise\u00f1o, Creatividad e Innovaci\u00f3n\",\"url\":\"https:\/\/blancfestival.com\/\",\"logo\":{\"@type\":\"ImageObject\",\"inLanguage\":\"en-US\",\"@id\":\"https:\/\/blancfestival.com\/#\/schema\/logo\/image\/\",\"url\":\"https:\/\/blancfestival.com\/wp-content\/uploads\/2025\/01\/logo_icono_blanc.jpg\",\"contentUrl\":\"https:\/\/blancfestival.com\/wp-content\/uploads\/2025\/01\/logo_icono_blanc.jpg\",\"width\":2000,\"height\":2000,\"caption\":\"Blanc! Festival de Dise\u00f1o, Creatividad e Innovaci\u00f3n\"},\"image\":{\"@id\":\"https:\/\/blancfestival.com\/#\/schema\/logo\/image\/\"},\"sameAs\":[\"https:\/\/www.facebook.com\/blanc.festivaldissenygrafic\/\",\"https:\/\/x.com\/blancfest\",\"https:\/\/www.instagram.com\/blancfest\/\",\"https:\/\/www.linkedin.com\/company\/blanc-festival\",\"https:\/\/www.pinterest.com\/blancfest\/\",\"https:\/\/www.youtube.com\/channel\/UCM-IjxOFb5gQg4yPgmze3Gg\"]},{\"@type\":\"Person\",\"@id\":\"https:\/\/blancfestival.com\/#\/schema\/person\/cefc56543155b30cc9cfa1801fb912bf\",\"name\":\"Vicent Almi\u00f1ana\",\"image\":{\"@type\":\"ImageObject\",\"inLanguage\":\"en-US\",\"@id\":\"https:\/\/blancfestival.com\/#\/schema\/person\/image\/\",\"url\":\"https:\/\/blancfestival.com\/wp-content\/uploads\/2020\/04\/Vicent_3_web-e1587308297166-150x150.jpg\",\"contentUrl\":\"https:\/\/blancfestival.com\/wp-content\/uploads\/2020\/04\/Vicent_3_web-e1587308297166-150x150.jpg\",\"caption\":\"Vicent Almi\u00f1ana\"},\"description\":\"Dise\u00f1ador gr\u00e1fico, docente y comisario de exposiciones. Con fuerte inter\u00e9s por la defensa del dise\u00f1o y las artes visuales. Responsable de la secci\u00f3n\u00a0Mestres del Blanc!\"}]}<\/script>\n<!-- \/ Yoast SEO plugin. -->","yoast_head_json":{"title":"Entrevista a Josep M. Trias i Folch: \"El dise\u00f1o cumple una labor social\"","description":"Trias supo entender y asumir el oficio como dise\u00f1ador en una \u00e9poca donde se estaba intentando erigir el pa\u00eds, en la conocida Transici\u00f3n.","robots":{"index":"index","follow":"follow","max-snippet":"max-snippet:-1","max-image-preview":"max-image-preview:large","max-video-preview":"max-video-preview:-1"},"canonical":"https:\/\/blancfestival.com\/en\/entrevista-a-josep-m-trias-i-folch\/","og_locale":"en_US","og_type":"article","og_title":"Entrevista a Josep M. Trias i Folch: \"El dise\u00f1o cumple una labor social\"","og_description":"Trias supo entender y asumir el oficio como dise\u00f1ador en una \u00e9poca donde se estaba intentando erigir el pa\u00eds, en la conocida Transici\u00f3n.","og_url":"https:\/\/blancfestival.com\/en\/entrevista-a-josep-m-trias-i-folch\/","og_site_name":"Blanc!","article_publisher":"https:\/\/www.facebook.com\/blanc.festivaldissenygrafic\/","article_published_time":"2021-10-06T14:04:51+00:00","article_modified_time":"2021-10-14T11:09:42+00:00","og_image":[{"width":960,"height":1200,"url":"https:\/\/blancfestival.com\/wp-content\/uploads\/2021\/10\/Josep_Ma_Trias_Blanc_2021_Rube\u0301n_Vaquero_01r.jpg","type":"image\/jpeg"}],"author":"Vicent Almi\u00f1ana","twitter_card":"summary_large_image","twitter_creator":"@blancfest","twitter_site":"@blancfest","twitter_misc":{"Written by":"Vicent Almi\u00f1ana","Est. reading time":"6 minutes"},"schema":{"@context":"https:\/\/schema.org","@graph":[{"@type":"Article","@id":"https:\/\/blancfestival.com\/en\/entrevista-a-josep-m-trias-i-folch\/#article","isPartOf":{"@id":"https:\/\/blancfestival.com\/en\/entrevista-a-josep-m-trias-i-folch\/"},"author":{"name":"Vicent Almi\u00f1ana","@id":"https:\/\/blancfestival.com\/#\/schema\/person\/cefc56543155b30cc9cfa1801fb912bf"},"headline":"Entrevista a Josep M. Trias i Folch: \u00abEl dise\u00f1o cumple una labor social que nunca debemos perder de vista\u00bb","datePublished":"2021-10-06T14:04:51+00:00","dateModified":"2021-10-14T11:09:42+00:00","mainEntityOfPage":{"@id":"https:\/\/blancfestival.com\/en\/entrevista-a-josep-m-trias-i-folch\/"},"wordCount":1313,"commentCount":0,"publisher":{"@id":"https:\/\/blancfestival.com\/#organization"},"image":{"@id":"https:\/\/blancfestival.com\/en\/entrevista-a-josep-m-trias-i-folch\/#primaryimage"},"thumbnailUrl":"https:\/\/blancfestival.com\/wp-content\/uploads\/2021\/10\/Josep_Ma_Trias_Blanc_2021_Rube\u0301n_Vaquero_01r.jpg","keywords":["mestre","Josep M Trias","maestro","dise\u00f1o"],"articleSection":["Creatividad","Dise\u00f1o","Dise\u00f1o Gr\u00e1fico"],"inLanguage":"en-US","potentialAction":[{"@type":"CommentAction","name":"Comment","target":["https:\/\/blancfestival.com\/en\/entrevista-a-josep-m-trias-i-folch\/#respond"]}]},{"@type":"WebPage","@id":"https:\/\/blancfestival.com\/en\/entrevista-a-josep-m-trias-i-folch\/","url":"https:\/\/blancfestival.com\/en\/entrevista-a-josep-m-trias-i-folch\/","name":"Entrevista a Josep M. Trias i Folch: \"El dise\u00f1o cumple una labor social\"","isPartOf":{"@id":"https:\/\/blancfestival.com\/#website"},"primaryImageOfPage":{"@id":"https:\/\/blancfestival.com\/en\/entrevista-a-josep-m-trias-i-folch\/#primaryimage"},"image":{"@id":"https:\/\/blancfestival.com\/en\/entrevista-a-josep-m-trias-i-folch\/#primaryimage"},"thumbnailUrl":"https:\/\/blancfestival.com\/wp-content\/uploads\/2021\/10\/Josep_Ma_Trias_Blanc_2021_Rube\u0301n_Vaquero_01r.jpg","datePublished":"2021-10-06T14:04:51+00:00","dateModified":"2021-10-14T11:09:42+00:00","description":"Trias supo entender y asumir el oficio como dise\u00f1ador en una \u00e9poca donde se estaba intentando erigir el pa\u00eds, en la conocida Transici\u00f3n.","breadcrumb":{"@id":"https:\/\/blancfestival.com\/en\/entrevista-a-josep-m-trias-i-folch\/#breadcrumb"},"inLanguage":"en-US","potentialAction":[{"@type":"ReadAction","target":["https:\/\/blancfestival.com\/en\/entrevista-a-josep-m-trias-i-folch\/"]}]},{"@type":"ImageObject","inLanguage":"en-US","@id":"https:\/\/blancfestival.com\/en\/entrevista-a-josep-m-trias-i-folch\/#primaryimage","url":"https:\/\/blancfestival.com\/wp-content\/uploads\/2021\/10\/Josep_Ma_Trias_Blanc_2021_Rube\u0301n_Vaquero_01r.jpg","contentUrl":"https:\/\/blancfestival.com\/wp-content\/uploads\/2021\/10\/Josep_Ma_Trias_Blanc_2021_Rube\u0301n_Vaquero_01r.jpg","width":960,"height":1200,"caption":"Retrato de Josep Maria Trias"},{"@type":"BreadcrumbList","@id":"https:\/\/blancfestival.com\/en\/entrevista-a-josep-m-trias-i-folch\/#breadcrumb","itemListElement":[{"@type":"ListItem","position":1,"name":"Portada","item":"https:\/\/blancfestival.com\/en\/"},{"@type":"ListItem","position":2,"name":"Entrevista a Josep M. Trias i Folch: \u00abEl dise\u00f1o cumple una labor social que nunca debemos perder de vista\u00bb"}]},{"@type":"WebSite","@id":"https:\/\/blancfestival.com\/#website","url":"https:\/\/blancfestival.com\/","name":"Blanc! Festival","description":"Dise\u00f1o, Creatividad e Innovaci\u00f3n","publisher":{"@id":"https:\/\/blancfestival.com\/#organization"},"potentialAction":[{"@type":"SearchAction","target":{"@type":"EntryPoint","urlTemplate":"https:\/\/blancfestival.com\/?s={search_term_string}"},"query-input":{"@type":"PropertyValueSpecification","valueRequired":true,"valueName":"search_term_string"}}],"inLanguage":"en-US"},{"@type":"Organization","@id":"https:\/\/blancfestival.com\/#organization","name":"Blanc! Festival de Dise\u00f1o, Creatividad e Innovaci\u00f3n","url":"https:\/\/blancfestival.com\/","logo":{"@type":"ImageObject","inLanguage":"en-US","@id":"https:\/\/blancfestival.com\/#\/schema\/logo\/image\/","url":"https:\/\/blancfestival.com\/wp-content\/uploads\/2025\/01\/logo_icono_blanc.jpg","contentUrl":"https:\/\/blancfestival.com\/wp-content\/uploads\/2025\/01\/logo_icono_blanc.jpg","width":2000,"height":2000,"caption":"Blanc! Festival de Dise\u00f1o, Creatividad e Innovaci\u00f3n"},"image":{"@id":"https:\/\/blancfestival.com\/#\/schema\/logo\/image\/"},"sameAs":["https:\/\/www.facebook.com\/blanc.festivaldissenygrafic\/","https:\/\/x.com\/blancfest","https:\/\/www.instagram.com\/blancfest\/","https:\/\/www.linkedin.com\/company\/blanc-festival","https:\/\/www.pinterest.com\/blancfest\/","https:\/\/www.youtube.com\/channel\/UCM-IjxOFb5gQg4yPgmze3Gg"]},{"@type":"Person","@id":"https:\/\/blancfestival.com\/#\/schema\/person\/cefc56543155b30cc9cfa1801fb912bf","name":"Vicent Almi\u00f1ana","image":{"@type":"ImageObject","inLanguage":"en-US","@id":"https:\/\/blancfestival.com\/#\/schema\/person\/image\/","url":"https:\/\/blancfestival.com\/wp-content\/uploads\/2020\/04\/Vicent_3_web-e1587308297166-150x150.jpg","contentUrl":"https:\/\/blancfestival.com\/wp-content\/uploads\/2020\/04\/Vicent_3_web-e1587308297166-150x150.jpg","caption":"Vicent Almi\u00f1ana"},"description":"Dise\u00f1ador gr\u00e1fico, docente y comisario de exposiciones. Con fuerte inter\u00e9s por la defensa del dise\u00f1o y las artes visuales. Responsable de la secci\u00f3n\u00a0Mestres del Blanc!"}]}},"_links":{"self":[{"href":"https:\/\/blancfestival.com\/en\/wp-json\/wp\/v2\/posts\/6986","targetHints":{"allow":["GET"]}}],"collection":[{"href":"https:\/\/blancfestival.com\/en\/wp-json\/wp\/v2\/posts"}],"about":[{"href":"https:\/\/blancfestival.com\/en\/wp-json\/wp\/v2\/types\/post"}],"author":[{"embeddable":true,"href":"https:\/\/blancfestival.com\/en\/wp-json\/wp\/v2\/users\/11"}],"replies":[{"embeddable":true,"href":"https:\/\/blancfestival.com\/en\/wp-json\/wp\/v2\/comments?post=6986"}],"version-history":[{"count":4,"href":"https:\/\/blancfestival.com\/en\/wp-json\/wp\/v2\/posts\/6986\/revisions"}],"predecessor-version":[{"id":7005,"href":"https:\/\/blancfestival.com\/en\/wp-json\/wp\/v2\/posts\/6986\/revisions\/7005"}],"wp:featuredmedia":[{"embeddable":true,"href":"https:\/\/blancfestival.com\/en\/wp-json\/wp\/v2\/media\/6988"}],"wp:attachment":[{"href":"https:\/\/blancfestival.com\/en\/wp-json\/wp\/v2\/media?parent=6986"}],"wp:term":[{"taxonomy":"category","embeddable":true,"href":"https:\/\/blancfestival.com\/en\/wp-json\/wp\/v2\/categories?post=6986"},{"taxonomy":"post_tag","embeddable":true,"href":"https:\/\/blancfestival.com\/en\/wp-json\/wp\/v2\/tags?post=6986"},{"taxonomy":"evento","embeddable":true,"href":"https:\/\/blancfestival.com\/en\/wp-json\/wp\/v2\/evento?post=6986"}],"curies":[{"name":"wp","href":"https:\/\/api.w.org\/{rel}","templated":true}]}}