{"id":7010,"date":"2021-10-12T18:17:00","date_gmt":"2021-10-12T16:17:00","guid":{"rendered":"https:\/\/blancfestival.com\/?p=7010"},"modified":"2021-11-09T17:38:46","modified_gmt":"2021-11-09T16:38:46","slug":"blanc-cumple-13-anos","status":"publish","type":"post","link":"https:\/\/blancfestival.com\/en\/blanc-cumple-13-anos\/","title":{"rendered":"Blanc! cumple 13 a\u00f1os"},"content":{"rendered":"<p>Este a\u00f1o 2021 (a veces es necesario pensar en el a\u00f1o que estamos, parece que el 2020 ha desaparecido de los calendarios) Blanc! cumple 13 a\u00f1os\u2026<br \/>\n\u00a1Madre m\u00eda! 13 ediciones son unas cuantas\u2026<\/p>\n<p><img loading=\"lazy\" decoding=\"async\" width=\"700\" height=\"533\" class=\"alignnone size-large wp-image-7023\" src=\"https:\/\/blancfestival.com\/wp-content\/uploads\/2021\/10\/image5-700x533.png\" alt=\"\" srcset=\"https:\/\/blancfestival.com\/wp-content\/uploads\/2021\/10\/image5-700x533.png 700w, https:\/\/blancfestival.com\/wp-content\/uploads\/2021\/10\/image5-250x190.png 250w, https:\/\/blancfestival.com\/wp-content\/uploads\/2021\/10\/image5-768x585.png 768w, https:\/\/blancfestival.com\/wp-content\/uploads\/2021\/10\/image5-120x91.png 120w, https:\/\/blancfestival.com\/wp-content\/uploads\/2021\/10\/image5.png 1376w\" sizes=\"auto, (max-width: 700px) 100vw, 700px\" \/><\/p>\n<p>Y ante ese estado de pre-adolescencia y escenario de continuos cambios, el n\u00famero 13 parece que haya de estar casi obligatoriamente ligado a la superstici\u00f3n, a la magia y al misterio.<br \/>\nY buscamos un concepto, un hilo del que estirar para dar identidad a la edici\u00f3n de este a\u00f1o.<\/p>\n<p>&nbsp;<\/p>\n<h2>\u00bfPero, qu\u00e9 m\u00e1s envuelve al n\u00famero 13?<\/h2>\n<p>As\u00ed que casi de manera autom\u00e1tica e intuitiva ponemos a trabajar a San Google para que nos aporte algo de luz a tanta oscuridad y empieza a volcarnos datos:<\/p>\n<h3><\/h3>\n<h3>13: Octavo t\u00e9rmio de la seucesi\u00f3n de Fibonacci<\/h3>\n<p>\u00a1Ah si! Aquella secuencia de n\u00fameros naturales infinita, en el que cada n\u00famero es igual a la suma de sus dos anteriores.<\/p>\n<p><strong>1 1 2 3 5 8 13 21 34 55 &#8230;<\/strong><\/p>\n<p>Super presente en la naturaleza, las plantas, el universo\u2026 y en el arte. Creo que sal\u00eda en una pel\u00edcula sobre Leonardo&#8230;<\/p>\n<p>&nbsp;<\/p>\n<p><img loading=\"lazy\" decoding=\"async\" width=\"700\" height=\"439\" class=\"alignnone size-large wp-image-7035\" src=\"https:\/\/blancfestival.com\/wp-content\/uploads\/2021\/10\/image9-700x439.png\" alt=\"\" srcset=\"https:\/\/blancfestival.com\/wp-content\/uploads\/2021\/10\/image9-700x439.png 700w, https:\/\/blancfestival.com\/wp-content\/uploads\/2021\/10\/image9-250x157.png 250w, https:\/\/blancfestival.com\/wp-content\/uploads\/2021\/10\/image9-768x481.png 768w, https:\/\/blancfestival.com\/wp-content\/uploads\/2021\/10\/image9-1536x962.png 1536w, https:\/\/blancfestival.com\/wp-content\/uploads\/2021\/10\/image9-120x75.png 120w, https:\/\/blancfestival.com\/wp-content\/uploads\/2021\/10\/image9.png 1564w\" sizes=\"auto, (max-width: 700px) 100vw, 700px\" \/><\/p>\n<p>&nbsp;<\/p>\n<h2>N\u00ba at\u00f3mico del aluminio<\/h2>\n<p>Bueno&#8230; para quien le pueda hacer falta.<\/p>\n<p><img loading=\"lazy\" decoding=\"async\" width=\"686\" height=\"522\" class=\"alignnone size-full wp-image-7014\" src=\"https:\/\/blancfestival.com\/wp-content\/uploads\/2021\/10\/image2.png\" alt=\"\" srcset=\"https:\/\/blancfestival.com\/wp-content\/uploads\/2021\/10\/image2.png 686w, https:\/\/blancfestival.com\/wp-content\/uploads\/2021\/10\/image2-250x190.png 250w, https:\/\/blancfestival.com\/wp-content\/uploads\/2021\/10\/image2-120x91.png 120w\" sizes=\"auto, (max-width: 686px) 100vw, 686px\" \/><\/p>\n<h2>Los 13 s\u00f3lidos de Arqu\u00edmedes<\/h2>\n<p>Tiene buena pinta:<br \/>\nJuguemos con la geometr\u00eda: Se tratan de poliedros convexos formados por poligonos regulares de dos o m\u00e1s tipos. En concreto los tipos de pol\u00edgonos que los forman son:<br \/>\nDEC\u00c1GONOS, OCT\u00d3GONOS, HEX\u00c1GONOS, PENT\u00c1GONOS, CUADRADOS Y TRI\u00c1NGULOS, todos ellos regulares. Sus v\u00e9rtices son uniformes, es decir, confluyen el mismo n\u00famero de pol\u00edgonos en todos ellos.<\/p>\n<p>A ver\u2026. que me lo tengo que volver a leer\u2026.<br \/>\nAdem\u00e1s, todos sus v\u00e9rtices se circunscriben en una esfera\u2026. (emoji de cabeza explosiva)<\/p>\n<p>&nbsp;<\/p>\n<p><img loading=\"lazy\" decoding=\"async\" width=\"700\" height=\"434\" class=\"alignnone size-large wp-image-7029\" src=\"https:\/\/blancfestival.com\/wp-content\/uploads\/2021\/10\/image7-700x434.png\" alt=\"\" srcset=\"https:\/\/blancfestival.com\/wp-content\/uploads\/2021\/10\/image7-700x434.png 700w, https:\/\/blancfestival.com\/wp-content\/uploads\/2021\/10\/image7-250x155.png 250w, https:\/\/blancfestival.com\/wp-content\/uploads\/2021\/10\/image7-768x476.png 768w, https:\/\/blancfestival.com\/wp-content\/uploads\/2021\/10\/image7-1536x953.png 1536w, https:\/\/blancfestival.com\/wp-content\/uploads\/2021\/10\/image7-120x74.png 120w, https:\/\/blancfestival.com\/wp-content\/uploads\/2021\/10\/image7.png 1999w\" sizes=\"auto, (max-width: 700px) 100vw, 700px\" \/><\/p>\n<p>&nbsp;<\/p>\n<h2>El signo zodiacal n\u00ba13<\/h2>\n<p>&#8211; Ofiuco, el treceaavo pasajero<br \/>\n&#8211; \u00bfC\u00f3mo? \u00bf13 signos zodiacales??<br \/>\n&#8211; \u00bfOFIUCO? \u00bfQu\u00e9 es eso? (carita de pensar) ?<\/p>\n<p>Adem\u00e1s, se presenta a la vez Gerard, con la noticia: <em>\u201cT\u00edos, acabo de leer una noticia en prensa de que hay un signo del zodiaco desconocido por un fallo de c\u00e1lculo y no son 12\u2026 son 13!\u00a1Y encima est\u00e1 avalado por LA NASA!<\/em><\/p>\n<p>\u00a1SE ACABABAN DE ALINEAR LOS ASTROS!<\/p>\n<p>&nbsp;<\/p>\n<p><img loading=\"lazy\" decoding=\"async\" width=\"692\" height=\"720\" class=\"alignnone size-full wp-image-7047\" src=\"https:\/\/blancfestival.com\/wp-content\/uploads\/2021\/10\/image13.png\" alt=\"\" srcset=\"https:\/\/blancfestival.com\/wp-content\/uploads\/2021\/10\/image13.png 692w, https:\/\/blancfestival.com\/wp-content\/uploads\/2021\/10\/image13-250x260.png 250w, https:\/\/blancfestival.com\/wp-content\/uploads\/2021\/10\/image13-120x125.png 120w\" sizes=\"auto, (max-width: 692px) 100vw, 692px\" \/><\/p>\n<p>Pero&#8230; \u00bfentonces? \u00bfY qui\u00e9n pertenece a\u00a0 OFIUCO? A lo mejor has dejado de ser PISCIS O SAGITARIO y tu signo es el escogido! \u00bfSer\u00e9 yo? \u00bfAlguien del equipo?<\/p>\n<p>\u00bfY c\u00f3mo son los OFIUCOS? \u00bfPodr\u00eda ser el signo de los dise\u00f1adores? Un perfil creativo, de personas con inquietudes, con buena dosis de curiosidad, de personalidad muy sensible y con una alta dosis de imaginaci\u00f3n&#8230; y adem\u00e1s con fortuna en el amor y un desastre con el dinero? \u00bfSi? \u00bfEstamos hablando de ti? ?<\/p>\n<p>&nbsp;<\/p>\n<h2>Ofiuco, \u00bfqui\u00e9n es ese tipo?<\/h2>\n<p>El serpentario o el cazador de serpientes.<br \/>\nSe trata de una de las 88 constelaciones modernas. La constelacio\u0301n queda flanqueada por las dos constelaciones: cabeza de serpiente \u201cSerpens Caput\u201d y cola de serpiente \u201cSerpens Cauda\u201d.<\/p>\n<p>Esta puede ser considerada como una u\u0301nica constelacio\u0301n, \u201cSerpens\u201d, que la atraviesa.<br \/>\nEl conjunto resultante es un hombre rodeado por una serpiente.<\/p>\n<p><img loading=\"lazy\" decoding=\"async\" width=\"700\" height=\"711\" class=\"alignnone size-large wp-image-7032\" src=\"https:\/\/blancfestival.com\/wp-content\/uploads\/2021\/10\/image8-700x711.png\" alt=\"\" srcset=\"https:\/\/blancfestival.com\/wp-content\/uploads\/2021\/10\/image8-700x711.png 700w, https:\/\/blancfestival.com\/wp-content\/uploads\/2021\/10\/image8-250x254.png 250w, https:\/\/blancfestival.com\/wp-content\/uploads\/2021\/10\/image8-768x780.png 768w, https:\/\/blancfestival.com\/wp-content\/uploads\/2021\/10\/image8-120x122.png 120w, https:\/\/blancfestival.com\/wp-content\/uploads\/2021\/10\/image8.png 912w\" sizes=\"auto, (max-width: 700px) 100vw, 700px\" \/><\/p>\n<p>&nbsp;<\/p>\n<h2>Los griegos ya lo sab\u00edan<\/h2>\n<p>Para la mitolog\u00eda griega, Ofiuco se corresponde con Asclepio, hijo del dios Apolo y la mortal Coro\u0301nide. Desarrollo\u0301 tal habilidad en medicina, que se deci\u0301a que era capaz incluso de resucitar a los muertos.<\/p>\n<p><img loading=\"lazy\" decoding=\"async\" width=\"700\" height=\"670\" class=\"alignnone size-large wp-image-7020\" src=\"https:\/\/blancfestival.com\/wp-content\/uploads\/2021\/10\/image4-700x670.png\" alt=\"\" srcset=\"https:\/\/blancfestival.com\/wp-content\/uploads\/2021\/10\/image4-700x670.png 700w, https:\/\/blancfestival.com\/wp-content\/uploads\/2021\/10\/image4-250x239.png 250w, https:\/\/blancfestival.com\/wp-content\/uploads\/2021\/10\/image4-768x735.png 768w, https:\/\/blancfestival.com\/wp-content\/uploads\/2021\/10\/image4-120x115.png 120w, https:\/\/blancfestival.com\/wp-content\/uploads\/2021\/10\/image4.png 848w\" sizes=\"auto, (max-width: 700px) 100vw, 700px\" \/><\/p>\n<h2>La teor\u00eda de los 13 signos<\/h2>\n<p>Tiremos un poco de hemeroteca<\/p>\n<h3>1970<\/h3>\n<p>En 1970, Steven Schmidt argumento\u0301 en su libro \u201cAstrology 14: How to Cast and Interpret It\u201d sobre la existencia de 14 signos zodiacales. Basa\u0301ndose en el tra\u0301nsito del Sol en las constelaciones de la ecli\u0301ptica, postulo\u0301 la idea de an\u0303adir dos nuevos signos astrolo\u0301gicos a los doce de la astrologi\u0301a occidental: Ofiuco y Cetus.<\/p>\n<h2>1995<\/h2>\n<p>En ese an\u0303o la idea fue retomada por el astro\u0301logo brita\u0301nico Walter Berg cuando publico\u0301 su libro \u201cThe 13 Signs of the Zodiac\u201c. Berg se atribuye la fundacio\u0301n del zodiaco de trece signos como parte de una astrologi\u0301a sideral.<\/p>\n<p><img loading=\"lazy\" decoding=\"async\" width=\"700\" height=\"613\" class=\"alignnone size-large wp-image-7038\" src=\"https:\/\/blancfestival.com\/wp-content\/uploads\/2021\/10\/image10-700x613.png\" alt=\"\" srcset=\"https:\/\/blancfestival.com\/wp-content\/uploads\/2021\/10\/image10-700x613.png 700w, https:\/\/blancfestival.com\/wp-content\/uploads\/2021\/10\/image10-250x219.png 250w, https:\/\/blancfestival.com\/wp-content\/uploads\/2021\/10\/image10-768x672.png 768w, https:\/\/blancfestival.com\/wp-content\/uploads\/2021\/10\/image10-1536x1345.png 1536w, https:\/\/blancfestival.com\/wp-content\/uploads\/2021\/10\/image10-120x105.png 120w, https:\/\/blancfestival.com\/wp-content\/uploads\/2021\/10\/image10.png 1592w\" sizes=\"auto, (max-width: 700px) 100vw, 700px\" \/><\/p>\n<h2>Y otro art\u00edculo<\/h2>\n<p>Jacqueline Mitton ( El Pai\u0301s, \u201cCiencia\u201d)<br \/>\nEn 1995, la astro\u0301noma Jacqueline Mitton de la Real Sociedad de Astronomi\u0301a brita\u0301nica, anunciaba en una serie de divulgacio\u0301n de la BBC que los 12 signos del zodi\u0301aco no solo estaban erro\u0301neamente adelantados, por los efectos de precesio\u0301n que sufre la Tierra, sino que en realidad eran 13. Mitton explicaba que la ecli\u0301ptica, el aparente recorrido anual del Sol por los cielos, atraviesa una decimotercera constelacio\u0301n: Ofiuco. Y siempre la habri\u0301a atravesado, solo cambian las fechas con los siglos.<\/p>\n<p><img loading=\"lazy\" decoding=\"async\" width=\"700\" height=\"665\" class=\"alignnone size-large wp-image-7044\" src=\"https:\/\/blancfestival.com\/wp-content\/uploads\/2021\/10\/image12-700x665.png\" alt=\"\" srcset=\"https:\/\/blancfestival.com\/wp-content\/uploads\/2021\/10\/image12-700x665.png 700w, https:\/\/blancfestival.com\/wp-content\/uploads\/2021\/10\/image12-250x238.png 250w, https:\/\/blancfestival.com\/wp-content\/uploads\/2021\/10\/image12-120x114.png 120w, https:\/\/blancfestival.com\/wp-content\/uploads\/2021\/10\/image12.png 730w\" sizes=\"auto, (max-width: 700px) 100vw, 700px\" \/><\/p>\n<h2>El desaguisado astral<\/h2>\n<p>Te explicamos c\u00f3mo funciona:<br \/>\nEl zodi\u0301aco astrono\u0301mico, es un cinturo\u0301n imaginario que se distribuye en el ecuador celeste y sobre el que se situ\u0301an las 12 antiguas constelaciones.<br \/>\nOfiuco probablemente no se tuvo en cuenta porque, adema\u0301s de no gustarles el nu\u0301mero 13, dividir la banda zodiacal de 360\u00ba entre 13 constelaciones no dari\u0301a un nu\u0301mero exacto, y si\u0301 entre 12 uniendo Escorpio\u0301n y Ofiuco.<\/p>\n<p>&nbsp;<\/p>\n<h2><\/h2>\n<h2>\nEl calendario astron\u00f3mico real<\/h2>\n<p><img loading=\"lazy\" decoding=\"async\" class=\"alignnone wp-image-7041 size-large\" src=\"https:\/\/blancfestival.com\/wp-content\/uploads\/2021\/10\/image11-700x331.png\" alt=\"\" width=\"700\" height=\"331\" srcset=\"https:\/\/blancfestival.com\/wp-content\/uploads\/2021\/10\/image11-700x331.png 700w, https:\/\/blancfestival.com\/wp-content\/uploads\/2021\/10\/image11-250x118.png 250w, https:\/\/blancfestival.com\/wp-content\/uploads\/2021\/10\/image11-768x363.png 768w, https:\/\/blancfestival.com\/wp-content\/uploads\/2021\/10\/image11-1536x725.png 1536w, https:\/\/blancfestival.com\/wp-content\/uploads\/2021\/10\/image11-120x57.png 120w, https:\/\/blancfestival.com\/wp-content\/uploads\/2021\/10\/image11.png 1999w\" sizes=\"auto, (max-width: 700px) 100vw, 700px\" \/><\/p>\n<h2><\/h2>\n<h2>Y ahora el fake astron\u00f3mico<\/h2>\n<p>El zodi\u0301aco astrolo\u0301gico que nos han vendido, por su parte, esta\u0301 dividido en 12 porciones iguales de 30 grados, a cada una de las cuales le corresponde un signo: Aries, Tauro, Ge\u0301minis, Ca\u0301ncer, Leo, Virgo, Libra, Escorpio\u0301n, Sagitario, Capricornio, Acuario y Piscis.<\/p>\n<p><img loading=\"lazy\" decoding=\"async\" width=\"700\" height=\"651\" class=\"alignnone size-large wp-image-7011\" src=\"https:\/\/blancfestival.com\/wp-content\/uploads\/2021\/10\/image1-700x651.png\" alt=\"\" srcset=\"https:\/\/blancfestival.com\/wp-content\/uploads\/2021\/10\/image1-700x651.png 700w, https:\/\/blancfestival.com\/wp-content\/uploads\/2021\/10\/image1-250x232.png 250w, https:\/\/blancfestival.com\/wp-content\/uploads\/2021\/10\/image1-768x714.png 768w, https:\/\/blancfestival.com\/wp-content\/uploads\/2021\/10\/image1-120x112.png 120w, https:\/\/blancfestival.com\/wp-content\/uploads\/2021\/10\/image1.png 1510w\" sizes=\"auto, (max-width: 700px) 100vw, 700px\" \/><\/p>\n<p>&nbsp;<\/p>\n<p><img loading=\"lazy\" decoding=\"async\" width=\"700\" height=\"284\" class=\"alignnone size-large wp-image-7050\" src=\"https:\/\/blancfestival.com\/wp-content\/uploads\/2021\/10\/image14-700x284.png\" alt=\"\" srcset=\"https:\/\/blancfestival.com\/wp-content\/uploads\/2021\/10\/image14-700x284.png 700w, https:\/\/blancfestival.com\/wp-content\/uploads\/2021\/10\/image14-250x101.png 250w, https:\/\/blancfestival.com\/wp-content\/uploads\/2021\/10\/image14-768x312.png 768w, https:\/\/blancfestival.com\/wp-content\/uploads\/2021\/10\/image14-1536x623.png 1536w, https:\/\/blancfestival.com\/wp-content\/uploads\/2021\/10\/image14-120x49.png 120w, https:\/\/blancfestival.com\/wp-content\/uploads\/2021\/10\/image14.png 1999w\" sizes=\"auto, (max-width: 700px) 100vw, 700px\" \/><\/p>\n<h3><em>\u201cLa introduccio\u0301n de Ofiuco desbarata toda la creencia hasta ahora implantada de la astrologi\u0301a supersticiosa\u201d<\/em><\/h3>\n<h3><em>\u201cLa reivindicacio\u0301n de Ofiuco como constelacio\u0301n zodiacal entre Escorpio\u0301n y Sagitario se debe al trazado del mapa celeste cla\u0301sico\u201d \u00a1O sea que se saltaron una!<\/em><\/h3>\n<p>&nbsp;<\/p>\n<h2>Entonces, \u00bfc\u00f3mo son esas personas ofiucas?<\/h2>\n<p>Toma buena nota porque podr\u00edamos ser cualquiera que pertenezca a la comunidad del dise\u00f1o&#8230; SOIS (yo soy leo, sorry\u2026) : ermitan\u0303_s, sabi_s, fila\u0301ntrop_s, ecologistas, amantes de los animales; siempre defendiendo sus ideales, con grandes valores, odian la rutina; apasionad_s, creativ_s y curios_s.<\/p>\n<p>&nbsp;<\/p>\n<h3>Y a\u00fan m\u00e1s&#8230;<b><br \/>\n<\/b><\/h3>\n<p>A menudo se trata de personas idealistas que suen\u0303an despiertas y piensan ma\u0301s con el corazo\u0301n que con la razo\u0301n ?; suelen usar el sarcasmo para herir a las personas; y ser un poco irresponsables. ?<br \/>\nAdem\u00e1s, por si te vale de algo, su elemento es el AGUA.<\/p>\n<p>&nbsp;<\/p>\n<h3><\/h3>\n<h3>ATENCI\u00d3N!!<br \/>\nWARNING!! WARNING!!<\/h3>\n<p>Los seres nacidos bajo este signo OFIUCO se van a llevar a las mil maravillas con otros Ofiucos, Capricornio, Ca\u0301ncer, Piscis o Libra<\/p>\n<p>Pero nunca les metas en un mismo saco con Aries, Leo, Sagitario\u00a0 y por lo que m\u00e1s quieras, nunca les des de comer a media noche\u2026<\/p>\n<p>&nbsp;<\/p>\n<h2>Pero no todo queda aqu\u00ed\u2026<\/h2>\n<p>Revisa tus emojis de WHATSAPP porque sin que lo sepamos, OFIUCO ha estado viajando contigo desde el principio:<\/p>\n<p><img loading=\"lazy\" decoding=\"async\" width=\"180\" height=\"180\" class=\"alignnone size-full wp-image-7026\" src=\"https:\/\/blancfestival.com\/wp-content\/uploads\/2021\/10\/image6.png\" alt=\"\" srcset=\"https:\/\/blancfestival.com\/wp-content\/uploads\/2021\/10\/image6.png 180w, https:\/\/blancfestival.com\/wp-content\/uploads\/2021\/10\/image6-150x150.png 150w, https:\/\/blancfestival.com\/wp-content\/uploads\/2021\/10\/image6-120x120.png 120w\" sizes=\"auto, (max-width: 180px) 100vw, 180px\" \/><\/p>\n<p>\u00bfNo es maravilloso?<\/p>\n<p>&nbsp;<\/p>\n","protected":false},"excerpt":{"rendered":"Este a\u00f1o 2021 (a veces es necesario pensar en el a\u00f1o que estamos, parece que el 2020 ha desaparecido de los calendarios) Blanc! cumple 13 a\u00f1os\u2026 \u00a1Madre m\u00eda! 13 ediciones son unas cuantas\u2026 Y ante ese estado de pre-adolescencia y escenario de continuos cambios, el n\u00famero 13 parece que haya de estar casi obligatoriamente ligado&hellip;","protected":false},"author":4,"featured_media":7032,"comment_status":"open","ping_status":"open","sticky":false,"template":"","format":"standard","meta":{"_acf_changed":false,"footnotes":""},"categories":[2],"tags":[],"evento":[],"class_list":["post-7010","post","type-post","status-publish","format-standard","has-post-thumbnail","hentry","category-diseno"],"acf":[],"yoast_head":"<!-- This site is optimized with the Yoast SEO plugin v23.7 - https:\/\/yoast.com\/wordpress\/plugins\/seo\/ -->\n<title>Blanc! cumple 13 a\u00f1os<\/title>\n<meta name=\"description\" content=\"21, 22 y 23 de Octubre. Museu del Disseny de Barcelona. Un evento virtual, tres d\u00edas con conferencias, masterclasses y actividades en torno al dise\u00f1o y la creatividad profesional.\" \/>\n<meta name=\"robots\" content=\"index, follow, max-snippet:-1, max-image-preview:large, max-video-preview:-1\" \/>\n<link rel=\"canonical\" href=\"https:\/\/blancfestival.com\/blanc-cumple-13-anos\/\" \/>\n<meta property=\"og:locale\" content=\"en_US\" \/>\n<meta property=\"og:type\" content=\"article\" \/>\n<meta property=\"og:title\" content=\"Blanc! cumple 13 a\u00f1os\" \/>\n<meta property=\"og:description\" content=\"21, 22 y 23 de Octubre. Museu del Disseny de Barcelona. Un evento virtual, tres d\u00edas con conferencias, masterclasses y actividades en torno al dise\u00f1o y la creatividad profesional.\" \/>\n<meta property=\"og:url\" content=\"https:\/\/blancfestival.com\/blanc-cumple-13-anos\/\" \/>\n<meta property=\"og:site_name\" content=\"Blanc!\" \/>\n<meta property=\"article:publisher\" content=\"https:\/\/www.facebook.com\/blanc.festivaldissenygrafic\/\" \/>\n<meta property=\"article:published_time\" content=\"2021-10-12T16:17:00+00:00\" \/>\n<meta property=\"article:modified_time\" content=\"2021-11-09T16:38:46+00:00\" \/>\n<meta property=\"og:image\" content=\"https:\/\/blancfestival.com\/wp-content\/uploads\/2021\/10\/image8.png\" \/>\n\t<meta property=\"og:image:width\" content=\"912\" \/>\n\t<meta property=\"og:image:height\" content=\"926\" \/>\n\t<meta property=\"og:image:type\" content=\"image\/png\" \/>\n<meta name=\"author\" content=\"Toni Cabrera\" \/>\n<meta name=\"twitter:card\" content=\"summary_large_image\" \/>\n<meta name=\"twitter:creator\" content=\"@blancfest\" \/>\n<meta name=\"twitter:site\" content=\"@blancfest\" \/>\n<meta name=\"twitter:label1\" content=\"Written by\" \/>\n\t<meta name=\"twitter:data1\" content=\"Toni Cabrera\" \/>\n\t<meta name=\"twitter:label2\" content=\"Est. reading time\" \/>\n\t<meta name=\"twitter:data2\" content=\"6 minutes\" \/>\n<script type=\"application\/ld+json\" class=\"yoast-schema-graph\">{\"@context\":\"https:\/\/schema.org\",\"@graph\":[{\"@type\":\"Article\",\"@id\":\"https:\/\/blancfestival.com\/blanc-cumple-13-anos\/#article\",\"isPartOf\":{\"@id\":\"https:\/\/blancfestival.com\/blanc-cumple-13-anos\/\"},\"author\":{\"name\":\"Toni Cabrera\",\"@id\":\"https:\/\/blancfestival.com\/#\/schema\/person\/ab0b57ee3661aea96cc4037978e1b8a0\"},\"headline\":\"Blanc! cumple 13 a\u00f1os\",\"datePublished\":\"2021-10-12T16:17:00+00:00\",\"dateModified\":\"2021-11-09T16:38:46+00:00\",\"mainEntityOfPage\":{\"@id\":\"https:\/\/blancfestival.com\/blanc-cumple-13-anos\/\"},\"wordCount\":1152,\"commentCount\":0,\"publisher\":{\"@id\":\"https:\/\/blancfestival.com\/#organization\"},\"image\":{\"@id\":\"https:\/\/blancfestival.com\/blanc-cumple-13-anos\/#primaryimage\"},\"thumbnailUrl\":\"https:\/\/blancfestival.com\/wp-content\/uploads\/2021\/10\/image8.png\",\"articleSection\":[\"Dise\u00f1o\"],\"inLanguage\":\"en-US\",\"potentialAction\":[{\"@type\":\"CommentAction\",\"name\":\"Comment\",\"target\":[\"https:\/\/blancfestival.com\/blanc-cumple-13-anos\/#respond\"]}]},{\"@type\":\"WebPage\",\"@id\":\"https:\/\/blancfestival.com\/blanc-cumple-13-anos\/\",\"url\":\"https:\/\/blancfestival.com\/blanc-cumple-13-anos\/\",\"name\":\"Blanc! cumple 13 a\u00f1os\",\"isPartOf\":{\"@id\":\"https:\/\/blancfestival.com\/#website\"},\"primaryImageOfPage\":{\"@id\":\"https:\/\/blancfestival.com\/blanc-cumple-13-anos\/#primaryimage\"},\"image\":{\"@id\":\"https:\/\/blancfestival.com\/blanc-cumple-13-anos\/#primaryimage\"},\"thumbnailUrl\":\"https:\/\/blancfestival.com\/wp-content\/uploads\/2021\/10\/image8.png\",\"datePublished\":\"2021-10-12T16:17:00+00:00\",\"dateModified\":\"2021-11-09T16:38:46+00:00\",\"description\":\"21, 22 y 23 de Octubre. Museu del Disseny de Barcelona. Un evento virtual, tres d\u00edas con conferencias, masterclasses y actividades en torno al dise\u00f1o y la creatividad profesional.\",\"breadcrumb\":{\"@id\":\"https:\/\/blancfestival.com\/blanc-cumple-13-anos\/#breadcrumb\"},\"inLanguage\":\"en-US\",\"potentialAction\":[{\"@type\":\"ReadAction\",\"target\":[\"https:\/\/blancfestival.com\/blanc-cumple-13-anos\/\"]}]},{\"@type\":\"ImageObject\",\"inLanguage\":\"en-US\",\"@id\":\"https:\/\/blancfestival.com\/blanc-cumple-13-anos\/#primaryimage\",\"url\":\"https:\/\/blancfestival.com\/wp-content\/uploads\/2021\/10\/image8.png\",\"contentUrl\":\"https:\/\/blancfestival.com\/wp-content\/uploads\/2021\/10\/image8.png\",\"width\":912,\"height\":926},{\"@type\":\"BreadcrumbList\",\"@id\":\"https:\/\/blancfestival.com\/blanc-cumple-13-anos\/#breadcrumb\",\"itemListElement\":[{\"@type\":\"ListItem\",\"position\":1,\"name\":\"Portada\",\"item\":\"https:\/\/blancfestival.com\/en\/\"},{\"@type\":\"ListItem\",\"position\":2,\"name\":\"Blanc! cumple 13 a\u00f1os\"}]},{\"@type\":\"WebSite\",\"@id\":\"https:\/\/blancfestival.com\/#website\",\"url\":\"https:\/\/blancfestival.com\/\",\"name\":\"Blanc! Festival\",\"description\":\"Dise\u00f1o, Creatividad e Innovaci\u00f3n\",\"publisher\":{\"@id\":\"https:\/\/blancfestival.com\/#organization\"},\"potentialAction\":[{\"@type\":\"SearchAction\",\"target\":{\"@type\":\"EntryPoint\",\"urlTemplate\":\"https:\/\/blancfestival.com\/?s={search_term_string}\"},\"query-input\":{\"@type\":\"PropertyValueSpecification\",\"valueRequired\":true,\"valueName\":\"search_term_string\"}}],\"inLanguage\":\"en-US\"},{\"@type\":\"Organization\",\"@id\":\"https:\/\/blancfestival.com\/#organization\",\"name\":\"Blanc! Festival de Dise\u00f1o, Creatividad e Innovaci\u00f3n\",\"url\":\"https:\/\/blancfestival.com\/\",\"logo\":{\"@type\":\"ImageObject\",\"inLanguage\":\"en-US\",\"@id\":\"https:\/\/blancfestival.com\/#\/schema\/logo\/image\/\",\"url\":\"https:\/\/blancfestival.com\/wp-content\/uploads\/2025\/01\/logo_icono_blanc.jpg\",\"contentUrl\":\"https:\/\/blancfestival.com\/wp-content\/uploads\/2025\/01\/logo_icono_blanc.jpg\",\"width\":2000,\"height\":2000,\"caption\":\"Blanc! Festival de Dise\u00f1o, Creatividad e Innovaci\u00f3n\"},\"image\":{\"@id\":\"https:\/\/blancfestival.com\/#\/schema\/logo\/image\/\"},\"sameAs\":[\"https:\/\/www.facebook.com\/blanc.festivaldissenygrafic\/\",\"https:\/\/x.com\/blancfest\",\"https:\/\/www.instagram.com\/blancfest\/\",\"https:\/\/www.linkedin.com\/company\/blanc-festival\",\"https:\/\/www.pinterest.com\/blancfest\/\",\"https:\/\/www.youtube.com\/channel\/UCM-IjxOFb5gQg4yPgmze3Gg\"]},{\"@type\":\"Person\",\"@id\":\"https:\/\/blancfestival.com\/#\/schema\/person\/ab0b57ee3661aea96cc4037978e1b8a0\",\"name\":\"Toni Cabrera\",\"image\":{\"@type\":\"ImageObject\",\"inLanguage\":\"en-US\",\"@id\":\"https:\/\/blancfestival.com\/#\/schema\/person\/image\/\",\"url\":\"https:\/\/blancfestival.com\/wp-content\/uploads\/2020\/02\/toni-1-120x120.jpg\",\"contentUrl\":\"https:\/\/blancfestival.com\/wp-content\/uploads\/2020\/02\/toni-1-120x120.jpg\",\"caption\":\"Toni Cabrera\"},\"description\":\"Director de espacios en Blanc! y socio dise\u00f1ador en mistercarton\",\"sameAs\":[\"http:\/\/mistercarton.net\"]}]}<\/script>\n<!-- \/ Yoast SEO plugin. -->","yoast_head_json":{"title":"Blanc! cumple 13 a\u00f1os","description":"21, 22 y 23 de Octubre. Museu del Disseny de Barcelona. Un evento virtual, tres d\u00edas con conferencias, masterclasses y actividades en torno al dise\u00f1o y la creatividad profesional.","robots":{"index":"index","follow":"follow","max-snippet":"max-snippet:-1","max-image-preview":"max-image-preview:large","max-video-preview":"max-video-preview:-1"},"canonical":"https:\/\/blancfestival.com\/blanc-cumple-13-anos\/","og_locale":"en_US","og_type":"article","og_title":"Blanc! cumple 13 a\u00f1os","og_description":"21, 22 y 23 de Octubre. Museu del Disseny de Barcelona. Un evento virtual, tres d\u00edas con conferencias, masterclasses y actividades en torno al dise\u00f1o y la creatividad profesional.","og_url":"https:\/\/blancfestival.com\/blanc-cumple-13-anos\/","og_site_name":"Blanc!","article_publisher":"https:\/\/www.facebook.com\/blanc.festivaldissenygrafic\/","article_published_time":"2021-10-12T16:17:00+00:00","article_modified_time":"2021-11-09T16:38:46+00:00","og_image":[{"width":912,"height":926,"url":"https:\/\/blancfestival.com\/wp-content\/uploads\/2021\/10\/image8.png","type":"image\/png"}],"author":"Toni Cabrera","twitter_card":"summary_large_image","twitter_creator":"@blancfest","twitter_site":"@blancfest","twitter_misc":{"Written by":"Toni Cabrera","Est. reading time":"6 minutes"},"schema":{"@context":"https:\/\/schema.org","@graph":[{"@type":"Article","@id":"https:\/\/blancfestival.com\/blanc-cumple-13-anos\/#article","isPartOf":{"@id":"https:\/\/blancfestival.com\/blanc-cumple-13-anos\/"},"author":{"name":"Toni Cabrera","@id":"https:\/\/blancfestival.com\/#\/schema\/person\/ab0b57ee3661aea96cc4037978e1b8a0"},"headline":"Blanc! cumple 13 a\u00f1os","datePublished":"2021-10-12T16:17:00+00:00","dateModified":"2021-11-09T16:38:46+00:00","mainEntityOfPage":{"@id":"https:\/\/blancfestival.com\/blanc-cumple-13-anos\/"},"wordCount":1152,"commentCount":0,"publisher":{"@id":"https:\/\/blancfestival.com\/#organization"},"image":{"@id":"https:\/\/blancfestival.com\/blanc-cumple-13-anos\/#primaryimage"},"thumbnailUrl":"https:\/\/blancfestival.com\/wp-content\/uploads\/2021\/10\/image8.png","articleSection":["Dise\u00f1o"],"inLanguage":"en-US","potentialAction":[{"@type":"CommentAction","name":"Comment","target":["https:\/\/blancfestival.com\/blanc-cumple-13-anos\/#respond"]}]},{"@type":"WebPage","@id":"https:\/\/blancfestival.com\/blanc-cumple-13-anos\/","url":"https:\/\/blancfestival.com\/blanc-cumple-13-anos\/","name":"Blanc! cumple 13 a\u00f1os","isPartOf":{"@id":"https:\/\/blancfestival.com\/#website"},"primaryImageOfPage":{"@id":"https:\/\/blancfestival.com\/blanc-cumple-13-anos\/#primaryimage"},"image":{"@id":"https:\/\/blancfestival.com\/blanc-cumple-13-anos\/#primaryimage"},"thumbnailUrl":"https:\/\/blancfestival.com\/wp-content\/uploads\/2021\/10\/image8.png","datePublished":"2021-10-12T16:17:00+00:00","dateModified":"2021-11-09T16:38:46+00:00","description":"21, 22 y 23 de Octubre. Museu del Disseny de Barcelona. Un evento virtual, tres d\u00edas con conferencias, masterclasses y actividades en torno al dise\u00f1o y la creatividad profesional.","breadcrumb":{"@id":"https:\/\/blancfestival.com\/blanc-cumple-13-anos\/#breadcrumb"},"inLanguage":"en-US","potentialAction":[{"@type":"ReadAction","target":["https:\/\/blancfestival.com\/blanc-cumple-13-anos\/"]}]},{"@type":"ImageObject","inLanguage":"en-US","@id":"https:\/\/blancfestival.com\/blanc-cumple-13-anos\/#primaryimage","url":"https:\/\/blancfestival.com\/wp-content\/uploads\/2021\/10\/image8.png","contentUrl":"https:\/\/blancfestival.com\/wp-content\/uploads\/2021\/10\/image8.png","width":912,"height":926},{"@type":"BreadcrumbList","@id":"https:\/\/blancfestival.com\/blanc-cumple-13-anos\/#breadcrumb","itemListElement":[{"@type":"ListItem","position":1,"name":"Portada","item":"https:\/\/blancfestival.com\/en\/"},{"@type":"ListItem","position":2,"name":"Blanc! cumple 13 a\u00f1os"}]},{"@type":"WebSite","@id":"https:\/\/blancfestival.com\/#website","url":"https:\/\/blancfestival.com\/","name":"Blanc! Festival","description":"Dise\u00f1o, Creatividad e Innovaci\u00f3n","publisher":{"@id":"https:\/\/blancfestival.com\/#organization"},"potentialAction":[{"@type":"SearchAction","target":{"@type":"EntryPoint","urlTemplate":"https:\/\/blancfestival.com\/?s={search_term_string}"},"query-input":{"@type":"PropertyValueSpecification","valueRequired":true,"valueName":"search_term_string"}}],"inLanguage":"en-US"},{"@type":"Organization","@id":"https:\/\/blancfestival.com\/#organization","name":"Blanc! Festival de Dise\u00f1o, Creatividad e Innovaci\u00f3n","url":"https:\/\/blancfestival.com\/","logo":{"@type":"ImageObject","inLanguage":"en-US","@id":"https:\/\/blancfestival.com\/#\/schema\/logo\/image\/","url":"https:\/\/blancfestival.com\/wp-content\/uploads\/2025\/01\/logo_icono_blanc.jpg","contentUrl":"https:\/\/blancfestival.com\/wp-content\/uploads\/2025\/01\/logo_icono_blanc.jpg","width":2000,"height":2000,"caption":"Blanc! Festival de Dise\u00f1o, Creatividad e Innovaci\u00f3n"},"image":{"@id":"https:\/\/blancfestival.com\/#\/schema\/logo\/image\/"},"sameAs":["https:\/\/www.facebook.com\/blanc.festivaldissenygrafic\/","https:\/\/x.com\/blancfest","https:\/\/www.instagram.com\/blancfest\/","https:\/\/www.linkedin.com\/company\/blanc-festival","https:\/\/www.pinterest.com\/blancfest\/","https:\/\/www.youtube.com\/channel\/UCM-IjxOFb5gQg4yPgmze3Gg"]},{"@type":"Person","@id":"https:\/\/blancfestival.com\/#\/schema\/person\/ab0b57ee3661aea96cc4037978e1b8a0","name":"Toni Cabrera","image":{"@type":"ImageObject","inLanguage":"en-US","@id":"https:\/\/blancfestival.com\/#\/schema\/person\/image\/","url":"https:\/\/blancfestival.com\/wp-content\/uploads\/2020\/02\/toni-1-120x120.jpg","contentUrl":"https:\/\/blancfestival.com\/wp-content\/uploads\/2020\/02\/toni-1-120x120.jpg","caption":"Toni Cabrera"},"description":"Director de espacios en Blanc! y socio dise\u00f1ador en mistercarton","sameAs":["http:\/\/mistercarton.net"]}]}},"_links":{"self":[{"href":"https:\/\/blancfestival.com\/en\/wp-json\/wp\/v2\/posts\/7010","targetHints":{"allow":["GET"]}}],"collection":[{"href":"https:\/\/blancfestival.com\/en\/wp-json\/wp\/v2\/posts"}],"about":[{"href":"https:\/\/blancfestival.com\/en\/wp-json\/wp\/v2\/types\/post"}],"author":[{"embeddable":true,"href":"https:\/\/blancfestival.com\/en\/wp-json\/wp\/v2\/users\/4"}],"replies":[{"embeddable":true,"href":"https:\/\/blancfestival.com\/en\/wp-json\/wp\/v2\/comments?post=7010"}],"version-history":[{"count":8,"href":"https:\/\/blancfestival.com\/en\/wp-json\/wp\/v2\/posts\/7010\/revisions"}],"predecessor-version":[{"id":7060,"href":"https:\/\/blancfestival.com\/en\/wp-json\/wp\/v2\/posts\/7010\/revisions\/7060"}],"wp:featuredmedia":[{"embeddable":true,"href":"https:\/\/blancfestival.com\/en\/wp-json\/wp\/v2\/media\/7032"}],"wp:attachment":[{"href":"https:\/\/blancfestival.com\/en\/wp-json\/wp\/v2\/media?parent=7010"}],"wp:term":[{"taxonomy":"category","embeddable":true,"href":"https:\/\/blancfestival.com\/en\/wp-json\/wp\/v2\/categories?post=7010"},{"taxonomy":"post_tag","embeddable":true,"href":"https:\/\/blancfestival.com\/en\/wp-json\/wp\/v2\/tags?post=7010"},{"taxonomy":"evento","embeddable":true,"href":"https:\/\/blancfestival.com\/en\/wp-json\/wp\/v2\/evento?post=7010"}],"curies":[{"name":"wp","href":"https:\/\/api.w.org\/{rel}","templated":true}]}}