{"id":7329,"date":"2021-11-02T10:00:27","date_gmt":"2021-11-02T09:00:27","guid":{"rendered":"https:\/\/blancfestival.com\/?p=7329"},"modified":"2021-11-17T14:34:12","modified_gmt":"2021-11-17T13:34:12","slug":"type-to-image-una-exposicion-de-marta-cerda","status":"publish","type":"post","link":"https:\/\/blancfestival.com\/en\/type-to-image-una-exposicion-de-marta-cerda\/","title":{"rendered":"&#8220;Type to image&#8221; Una exposici\u00f3n de Marta Cerd\u00e0"},"content":{"rendered":"<p>Hasta el 2 de enero de 2022, exposici\u00f3n &#8220;Type to Image&#8221; de <a href=\"https:\/\/martacerda.com\/\" target=\"_blank\" rel=\"noopener\">Marta Cerd\u00e0<\/a> en el <a href=\"https:\/\/www.lasalavng.cat\/\" target=\"_blank\" rel=\"noopener\">Centre d&#8217;Art Contemporani La Sala<\/a> de Vilanova i la Geltr\u00fa.<\/p>\n<p>Las fronteras que separan las diferentes especialidades del dise\u00f1o gr\u00e1fico contempor\u00e1neo se est\u00e1n erosionando. La tipograf\u00eda es multimodal y se encuentra integrada con otros sistemas sensibles a la comunicaci\u00f3n, como el color, la textura, la tridimensionalidad o el movimiento.<\/p>\n<p>El terreno que explora Marta Cerd\u00e0 se encuentra en los l\u00edmites entre ilustraci\u00f3n y tipograf\u00eda. Una mirada a su trabajo es como perderse en un mapa geogr\u00e1fico y temporal: tanto el uso de tipograf\u00eda vintage como las diferentes y ecl\u00e9cticas referencias hist\u00f3ricas son fundamentales para comprenderlo.<\/p>\n<p>Letterings gigantes, escrituras imaginarias, palabras tridimensionales que dejan ver las partes ocultas de las letras o un retrato hecho de l\u00edneas de colores, forman parte de esta exposici\u00f3n que cuestiona los l\u00edmites entre tipograf\u00eda e ilustraci\u00f3n.<\/p>\n<p>&nbsp;<\/p>\n<p><img loading=\"lazy\" decoding=\"async\" class=\"alignnone wp-image-7355 size-full\" src=\"https:\/\/blancfestival.com\/wp-content\/uploads\/2021\/11\/news-1.jpg\" alt=\"\" width=\"680\" height=\"680\" srcset=\"https:\/\/blancfestival.com\/wp-content\/uploads\/2021\/11\/news-1.jpg 680w, https:\/\/blancfestival.com\/wp-content\/uploads\/2021\/11\/news-1-250x250.jpg 250w, https:\/\/blancfestival.com\/wp-content\/uploads\/2021\/11\/news-1-150x150.jpg 150w, https:\/\/blancfestival.com\/wp-content\/uploads\/2021\/11\/news-1-120x120.jpg 120w\" sizes=\"auto, (max-width: 680px) 100vw, 680px\" \/><\/p>\n<p>&nbsp;<\/p>\n<h2>Caligraf\u00eda y tipograf\u00eda<\/h2>\n<p>La caligraf\u00eda es a menudo el punto de partida para dibujar letras, puesto que no s\u00f3lo proporciona una fuente de inspiraci\u00f3n interminable, sino, sobre todo, una comprensi\u00f3n de la naturaleza de las letras y de su comportamiento original. Justo es decir que tanto el digital como el artesanal tiene un gran impacto en el trabajo de la letra, puesto que acostumbra a introducirlos en todos los proyectos. Si bien la caligraf\u00eda est\u00e1 relacionada con la escritura, las letras se relacionan con el dibujo. En en el trabajo de Marta, la relaci\u00f3n m\u00e1s estrecha entre ilustraci\u00f3n y tipograf\u00eda normalmente empezar\u00eda aqu\u00ed, dibujando letras, no escribi\u00e9ndolas.<\/p>\n<p>A menudo tambi\u00e9n dise\u00f1a tipograf\u00edas personalizadas para revistas o campa\u00f1as donde el texto se tiene que mostrar en medidas grandes. La ventaja de este formato es que las letras pueden tener mucho m\u00e1s detalle y pueden ser m\u00e1s exc\u00e9ntricas que las que se utilicen para el grosor de texto porque, por sus dimensiones, la legibilidad no es un problema tan grande. Cuando trabaja con tipograf\u00eda, normalmente tiene como objetivo comunicar valores espec\u00edficos que se ajustan a una marca o al tema de la revista. Sus componentes altamente expresivos est\u00e1n dise\u00f1ados espec\u00edficamente para persuadir y destacar en los quioscos o en bibliotecas, porque su primera funci\u00f3n es llamar la atenci\u00f3n del lector y animarlo a leer el texto principal. Reducir estas letras a una medida m\u00e1s peque\u00f1a para usarla como cuerpo de texto ser\u00eda un desastre. No lo intent\u00e1is en casa.<\/p>\n<p>&nbsp;<\/p>\n<p><img loading=\"lazy\" decoding=\"async\" width=\"600\" height=\"829\" class=\"alignnone size-full wp-image-7334\" src=\"https:\/\/blancfestival.com\/wp-content\/uploads\/2021\/11\/caligrafia-tipografia.jpg\" alt=\"\" srcset=\"https:\/\/blancfestival.com\/wp-content\/uploads\/2021\/11\/caligrafia-tipografia.jpg 600w, https:\/\/blancfestival.com\/wp-content\/uploads\/2021\/11\/caligrafia-tipografia-250x345.jpg 250w, https:\/\/blancfestival.com\/wp-content\/uploads\/2021\/11\/caligrafia-tipografia-120x166.jpg 120w\" sizes=\"auto, (max-width: 600px) 100vw, 600px\" \/><\/p>\n<p>&nbsp;<\/p>\n<h2>Efectos digitales<\/h2>\n<p>En la expo encontrar\u00e9is elementos decorativos creados digitalmente a\u00f1adidos en una forma de letra cl\u00e1sica. El objetivo de estos efectos es aumentar el nivel de expresi\u00f3n y convertir una pieza en algo inesperado. De hecho, se han usado elementos decorativos a lo largo de la historia de la escritura para ayudar a mejorar la narrativa del texto y el storytelling, permitiendo al lector pasar de entender a creer.<\/p>\n<p>Por otro lado, las letras tambi\u00e9n se pueden convertir en piedra, goma, cuerda, cinta adhesiva, ne\u00f3n, vidrio o gas. Ya no se trata de algo a\u00f1adida a la parte superior o en el interior de las letras, sino a las mismas letras. Las formas de letra aqu\u00ed se tienen que modelar como arcilla para comportarse como un objeto real, cosa que a menudo hace que lograr un buen grado de legibilidad acontezca un aut\u00e9ntico dolor de cabeza. A pesar de que, de nuevo en este caso, la legibilidad no es necesariamente la funci\u00f3n principal, sino m\u00e1s bien ilustrar el significado dentro de la palabra<\/p>\n<p>&nbsp;<\/p>\n<p><img loading=\"lazy\" decoding=\"async\" width=\"600\" height=\"770\" class=\"alignnone size-full wp-image-7337\" src=\"https:\/\/blancfestival.com\/wp-content\/uploads\/2021\/11\/efectos.jpg\" alt=\"\" srcset=\"https:\/\/blancfestival.com\/wp-content\/uploads\/2021\/11\/efectos.jpg 600w, https:\/\/blancfestival.com\/wp-content\/uploads\/2021\/11\/efectos-250x321.jpg 250w, https:\/\/blancfestival.com\/wp-content\/uploads\/2021\/11\/efectos-120x154.jpg 120w\" sizes=\"auto, (max-width: 600px) 100vw, 600px\" \/><\/p>\n<p>&nbsp;<\/p>\n<h2>Lettering 3D, ilustraci\u00f3n y animaci\u00f3n<\/h2>\n<p>En las obras de esta categor\u00eda, la ilustraci\u00f3n se impone a la letra. La abstracci\u00f3n aumenta cuando m\u00e1s se mezclan, puesto que las dos tienen que convivir sin matarse. No es una tarea f\u00e1cil. Empezando por una cara hecha de letras o una animaci\u00f3n abstracta de formas b\u00e1sicas; el objetivo de estas piezas es que el p\u00fablico primero \u2018lea\u2019 la imagen y despu\u00e9s la letra, la cual requiere m\u00e1s esfuerzo por parte del espectador, pero a cambio, ofrece una mayor recompensa.<\/p>\n<p>La ilustraci\u00f3n es una disciplina que es un juego para Marta, donde no hay problemas de legibilidad que restrinjan la pieza. Nunca se ha considerado una ilustradora, sino una dise\u00f1adora gr\u00e1fica que utiliza la ilustraci\u00f3n para expresar ideas visuales. De hecho, ella misma se considera una muy mala dibujante, pero usa otras t\u00e9cnicas como la tecnolog\u00eda CGI para esconderlo. La ilustraci\u00f3n le abri\u00f3 una gran ventana cuando empez\u00f3 a trabajar como dise\u00f1adora gr\u00e1fica, puesto que es una gran herramienta para mejorar la comunicaci\u00f3n emocional con el p\u00fablico.<\/p>\n<p>&nbsp;<\/p>\n<p><img loading=\"lazy\" decoding=\"async\" width=\"600\" height=\"837\" class=\"alignnone size-full wp-image-7331\" src=\"https:\/\/blancfestival.com\/wp-content\/uploads\/2021\/11\/3d.jpg\" alt=\"\" srcset=\"https:\/\/blancfestival.com\/wp-content\/uploads\/2021\/11\/3d.jpg 600w, https:\/\/blancfestival.com\/wp-content\/uploads\/2021\/11\/3d-250x349.jpg 250w, https:\/\/blancfestival.com\/wp-content\/uploads\/2021\/11\/3d-120x167.jpg 120w\" sizes=\"auto, (max-width: 600px) 100vw, 600px\" \/><\/p>\n<p>&nbsp;<\/p>\n<p>&nbsp;<\/p>\n<h3>Organitzen:<\/h3>\n<p>Blanc!<br \/>\n<a href=\"https:\/\/www.lasalavng.cat\/\" target=\"_blank\" rel=\"noopener\">Centre d\u2019art contemporani LA SALA<\/a><\/p>\n<h3>Comissariat:<\/h3>\n<p><a href=\"https:\/\/misterio.studio\/\">Misterio Studio<\/a><\/p>\n<p>&nbsp;<\/p>\n<h3>D\u00f3nde<\/h3>\n<p><strong>Centre d\u2019Art Contemporani LA SALA<\/strong><br \/>\nC. Joaquim Mir, 12<br \/>\nVilanova i la Geltr\u00fa<br \/>\n93 816 90 01<\/p>\n<p>De martes a s\u00e1bados de 18 a 20h.<br \/>\nS\u00e1bados, domingos y festivos\u00a0 de 11 a 14h.<\/p>\n","protected":false},"excerpt":{"rendered":"Hasta el 2 de enero de 2022, exposici\u00f3n &#8220;Type to Image&#8221; de Marta Cerd\u00e0 en el Centre d&#8217;Art Contemporani La Sala de Vilanova i la Geltr\u00fa. Las fronteras que separan las diferentes especialidades del dise\u00f1o gr\u00e1fico contempor\u00e1neo se est\u00e1n erosionando. La tipograf\u00eda es multimodal y se encuentra integrada con otros sistemas sensibles a la comunicaci\u00f3n,&hellip;","protected":false},"author":1,"featured_media":7355,"comment_status":"open","ping_status":"open","sticky":false,"template":"","format":"standard","meta":{"_acf_changed":false,"footnotes":""},"categories":[1],"tags":[],"evento":[],"class_list":["post-7329","post","type-post","status-publish","format-standard","has-post-thumbnail","hentry","category-diseno-grafico"],"acf":[],"yoast_head":"<!-- This site is optimized with the Yoast SEO plugin v23.7 - https:\/\/yoast.com\/wordpress\/plugins\/seo\/ -->\n<title>&quot;Type to image&quot; Una exposici\u00f3n de Marta Cerd\u00e0<\/title>\n<meta name=\"robots\" content=\"index, follow, max-snippet:-1, max-image-preview:large, max-video-preview:-1\" \/>\n<link rel=\"canonical\" href=\"https:\/\/blancfestival.com\/type-to-image-una-exposicion-de-marta-cerda\/\" \/>\n<meta property=\"og:locale\" content=\"en_US\" \/>\n<meta property=\"og:type\" content=\"article\" \/>\n<meta property=\"og:title\" content=\"&quot;Type to image&quot; Una exposici\u00f3n de Marta Cerd\u00e0\" \/>\n<meta property=\"og:description\" content=\"Hasta el 2 de enero de 2022, exposici\u00f3n &#8220;Type to Image&#8221; de Marta Cerd\u00e0 en el Centre d&#8217;Art Contemporani La Sala de Vilanova i la Geltr\u00fa. Las fronteras que separan las diferentes especialidades del dise\u00f1o gr\u00e1fico contempor\u00e1neo se est\u00e1n erosionando. La tipograf\u00eda es multimodal y se encuentra integrada con otros sistemas sensibles a la comunicaci\u00f3n,&hellip;\" \/>\n<meta property=\"og:url\" content=\"https:\/\/blancfestival.com\/type-to-image-una-exposicion-de-marta-cerda\/\" \/>\n<meta property=\"og:site_name\" content=\"Blanc!\" \/>\n<meta property=\"article:publisher\" content=\"https:\/\/www.facebook.com\/blanc.festivaldissenygrafic\/\" \/>\n<meta property=\"article:published_time\" content=\"2021-11-02T09:00:27+00:00\" \/>\n<meta property=\"article:modified_time\" content=\"2021-11-17T13:34:12+00:00\" \/>\n<meta property=\"og:image\" content=\"https:\/\/blancfestival.com\/wp-content\/uploads\/2021\/11\/news-1.jpg\" \/>\n\t<meta property=\"og:image:width\" content=\"680\" \/>\n\t<meta property=\"og:image:height\" content=\"680\" \/>\n\t<meta property=\"og:image:type\" content=\"image\/jpeg\" \/>\n<meta name=\"author\" content=\"David D&#039;Eboli\" \/>\n<meta name=\"twitter:card\" content=\"summary_large_image\" \/>\n<meta name=\"twitter:creator\" content=\"@blancfest\" \/>\n<meta name=\"twitter:site\" content=\"@blancfest\" \/>\n<meta name=\"twitter:label1\" content=\"Written by\" \/>\n\t<meta name=\"twitter:data1\" content=\"David D&#039;Eboli\" \/>\n\t<meta name=\"twitter:label2\" content=\"Est. reading time\" \/>\n\t<meta name=\"twitter:data2\" content=\"4 minutes\" \/>\n<script type=\"application\/ld+json\" class=\"yoast-schema-graph\">{\"@context\":\"https:\/\/schema.org\",\"@graph\":[{\"@type\":\"Article\",\"@id\":\"https:\/\/blancfestival.com\/type-to-image-una-exposicion-de-marta-cerda\/#article\",\"isPartOf\":{\"@id\":\"https:\/\/blancfestival.com\/type-to-image-una-exposicion-de-marta-cerda\/\"},\"author\":{\"name\":\"David D'Eboli\",\"@id\":\"https:\/\/blancfestival.com\/#\/schema\/person\/ba98f9f2040d99954c0d1218e4580f7d\"},\"headline\":\"&#8220;Type to image&#8221; Una exposici\u00f3n de Marta Cerd\u00e0\",\"datePublished\":\"2021-11-02T09:00:27+00:00\",\"dateModified\":\"2021-11-17T13:34:12+00:00\",\"mainEntityOfPage\":{\"@id\":\"https:\/\/blancfestival.com\/type-to-image-una-exposicion-de-marta-cerda\/\"},\"wordCount\":884,\"commentCount\":0,\"publisher\":{\"@id\":\"https:\/\/blancfestival.com\/#organization\"},\"image\":{\"@id\":\"https:\/\/blancfestival.com\/type-to-image-una-exposicion-de-marta-cerda\/#primaryimage\"},\"thumbnailUrl\":\"https:\/\/blancfestival.com\/wp-content\/uploads\/2021\/11\/news-1.jpg\",\"articleSection\":[\"Dise\u00f1o Gr\u00e1fico\"],\"inLanguage\":\"en-US\",\"potentialAction\":[{\"@type\":\"CommentAction\",\"name\":\"Comment\",\"target\":[\"https:\/\/blancfestival.com\/type-to-image-una-exposicion-de-marta-cerda\/#respond\"]}]},{\"@type\":\"WebPage\",\"@id\":\"https:\/\/blancfestival.com\/type-to-image-una-exposicion-de-marta-cerda\/\",\"url\":\"https:\/\/blancfestival.com\/type-to-image-una-exposicion-de-marta-cerda\/\",\"name\":\"\\\"Type to image\\\" Una exposici\u00f3n de Marta Cerd\u00e0\",\"isPartOf\":{\"@id\":\"https:\/\/blancfestival.com\/#website\"},\"primaryImageOfPage\":{\"@id\":\"https:\/\/blancfestival.com\/type-to-image-una-exposicion-de-marta-cerda\/#primaryimage\"},\"image\":{\"@id\":\"https:\/\/blancfestival.com\/type-to-image-una-exposicion-de-marta-cerda\/#primaryimage\"},\"thumbnailUrl\":\"https:\/\/blancfestival.com\/wp-content\/uploads\/2021\/11\/news-1.jpg\",\"datePublished\":\"2021-11-02T09:00:27+00:00\",\"dateModified\":\"2021-11-17T13:34:12+00:00\",\"breadcrumb\":{\"@id\":\"https:\/\/blancfestival.com\/type-to-image-una-exposicion-de-marta-cerda\/#breadcrumb\"},\"inLanguage\":\"en-US\",\"potentialAction\":[{\"@type\":\"ReadAction\",\"target\":[\"https:\/\/blancfestival.com\/type-to-image-una-exposicion-de-marta-cerda\/\"]}]},{\"@type\":\"ImageObject\",\"inLanguage\":\"en-US\",\"@id\":\"https:\/\/blancfestival.com\/type-to-image-una-exposicion-de-marta-cerda\/#primaryimage\",\"url\":\"https:\/\/blancfestival.com\/wp-content\/uploads\/2021\/11\/news-1.jpg\",\"contentUrl\":\"https:\/\/blancfestival.com\/wp-content\/uploads\/2021\/11\/news-1.jpg\",\"width\":680,\"height\":680},{\"@type\":\"BreadcrumbList\",\"@id\":\"https:\/\/blancfestival.com\/type-to-image-una-exposicion-de-marta-cerda\/#breadcrumb\",\"itemListElement\":[{\"@type\":\"ListItem\",\"position\":1,\"name\":\"Portada\",\"item\":\"https:\/\/blancfestival.com\/en\/\"},{\"@type\":\"ListItem\",\"position\":2,\"name\":\"\u00abType to image\u00bb Una exposici\u00f3n de Marta Cerd\u00e0\"}]},{\"@type\":\"WebSite\",\"@id\":\"https:\/\/blancfestival.com\/#website\",\"url\":\"https:\/\/blancfestival.com\/\",\"name\":\"Blanc! Festival\",\"description\":\"Dise\u00f1o, Creatividad e Innovaci\u00f3n\",\"publisher\":{\"@id\":\"https:\/\/blancfestival.com\/#organization\"},\"potentialAction\":[{\"@type\":\"SearchAction\",\"target\":{\"@type\":\"EntryPoint\",\"urlTemplate\":\"https:\/\/blancfestival.com\/?s={search_term_string}\"},\"query-input\":{\"@type\":\"PropertyValueSpecification\",\"valueRequired\":true,\"valueName\":\"search_term_string\"}}],\"inLanguage\":\"en-US\"},{\"@type\":\"Organization\",\"@id\":\"https:\/\/blancfestival.com\/#organization\",\"name\":\"Blanc! Festival de Dise\u00f1o, Creatividad e Innovaci\u00f3n\",\"url\":\"https:\/\/blancfestival.com\/\",\"logo\":{\"@type\":\"ImageObject\",\"inLanguage\":\"en-US\",\"@id\":\"https:\/\/blancfestival.com\/#\/schema\/logo\/image\/\",\"url\":\"https:\/\/blancfestival.com\/wp-content\/uploads\/2025\/01\/logo_icono_blanc.jpg\",\"contentUrl\":\"https:\/\/blancfestival.com\/wp-content\/uploads\/2025\/01\/logo_icono_blanc.jpg\",\"width\":2000,\"height\":2000,\"caption\":\"Blanc! Festival de Dise\u00f1o, Creatividad e Innovaci\u00f3n\"},\"image\":{\"@id\":\"https:\/\/blancfestival.com\/#\/schema\/logo\/image\/\"},\"sameAs\":[\"https:\/\/www.facebook.com\/blanc.festivaldissenygrafic\/\",\"https:\/\/x.com\/blancfest\",\"https:\/\/www.instagram.com\/blancfest\/\",\"https:\/\/www.linkedin.com\/company\/blanc-festival\",\"https:\/\/www.pinterest.com\/blancfest\/\",\"https:\/\/www.youtube.com\/channel\/UCM-IjxOFb5gQg4yPgmze3Gg\"]},{\"@type\":\"Person\",\"@id\":\"https:\/\/blancfestival.com\/#\/schema\/person\/ba98f9f2040d99954c0d1218e4580f7d\",\"name\":\"David D'Eboli\",\"image\":{\"@type\":\"ImageObject\",\"inLanguage\":\"en-US\",\"@id\":\"https:\/\/blancfestival.com\/#\/schema\/person\/image\/\",\"url\":\"https:\/\/blancfestival.com\/wp-content\/uploads\/2020\/01\/avatar-david-120x120.jpg\",\"contentUrl\":\"https:\/\/blancfestival.com\/wp-content\/uploads\/2020\/01\/avatar-david-120x120.jpg\",\"caption\":\"David D'Eboli\"},\"description\":\"Fundador y CEO de Blanc!\"}]}<\/script>\n<!-- \/ Yoast SEO plugin. -->","yoast_head_json":{"title":"\"Type to image\" Una exposici\u00f3n de Marta Cerd\u00e0","robots":{"index":"index","follow":"follow","max-snippet":"max-snippet:-1","max-image-preview":"max-image-preview:large","max-video-preview":"max-video-preview:-1"},"canonical":"https:\/\/blancfestival.com\/type-to-image-una-exposicion-de-marta-cerda\/","og_locale":"en_US","og_type":"article","og_title":"\"Type to image\" Una exposici\u00f3n de Marta Cerd\u00e0","og_description":"Hasta el 2 de enero de 2022, exposici\u00f3n &#8220;Type to Image&#8221; de Marta Cerd\u00e0 en el Centre d&#8217;Art Contemporani La Sala de Vilanova i la Geltr\u00fa. Las fronteras que separan las diferentes especialidades del dise\u00f1o gr\u00e1fico contempor\u00e1neo se est\u00e1n erosionando. La tipograf\u00eda es multimodal y se encuentra integrada con otros sistemas sensibles a la comunicaci\u00f3n,&hellip;","og_url":"https:\/\/blancfestival.com\/type-to-image-una-exposicion-de-marta-cerda\/","og_site_name":"Blanc!","article_publisher":"https:\/\/www.facebook.com\/blanc.festivaldissenygrafic\/","article_published_time":"2021-11-02T09:00:27+00:00","article_modified_time":"2021-11-17T13:34:12+00:00","og_image":[{"width":680,"height":680,"url":"https:\/\/blancfestival.com\/wp-content\/uploads\/2021\/11\/news-1.jpg","type":"image\/jpeg"}],"author":"David D'Eboli","twitter_card":"summary_large_image","twitter_creator":"@blancfest","twitter_site":"@blancfest","twitter_misc":{"Written by":"David D'Eboli","Est. reading time":"4 minutes"},"schema":{"@context":"https:\/\/schema.org","@graph":[{"@type":"Article","@id":"https:\/\/blancfestival.com\/type-to-image-una-exposicion-de-marta-cerda\/#article","isPartOf":{"@id":"https:\/\/blancfestival.com\/type-to-image-una-exposicion-de-marta-cerda\/"},"author":{"name":"David D'Eboli","@id":"https:\/\/blancfestival.com\/#\/schema\/person\/ba98f9f2040d99954c0d1218e4580f7d"},"headline":"&#8220;Type to image&#8221; Una exposici\u00f3n de Marta Cerd\u00e0","datePublished":"2021-11-02T09:00:27+00:00","dateModified":"2021-11-17T13:34:12+00:00","mainEntityOfPage":{"@id":"https:\/\/blancfestival.com\/type-to-image-una-exposicion-de-marta-cerda\/"},"wordCount":884,"commentCount":0,"publisher":{"@id":"https:\/\/blancfestival.com\/#organization"},"image":{"@id":"https:\/\/blancfestival.com\/type-to-image-una-exposicion-de-marta-cerda\/#primaryimage"},"thumbnailUrl":"https:\/\/blancfestival.com\/wp-content\/uploads\/2021\/11\/news-1.jpg","articleSection":["Dise\u00f1o Gr\u00e1fico"],"inLanguage":"en-US","potentialAction":[{"@type":"CommentAction","name":"Comment","target":["https:\/\/blancfestival.com\/type-to-image-una-exposicion-de-marta-cerda\/#respond"]}]},{"@type":"WebPage","@id":"https:\/\/blancfestival.com\/type-to-image-una-exposicion-de-marta-cerda\/","url":"https:\/\/blancfestival.com\/type-to-image-una-exposicion-de-marta-cerda\/","name":"\"Type to image\" Una exposici\u00f3n de Marta Cerd\u00e0","isPartOf":{"@id":"https:\/\/blancfestival.com\/#website"},"primaryImageOfPage":{"@id":"https:\/\/blancfestival.com\/type-to-image-una-exposicion-de-marta-cerda\/#primaryimage"},"image":{"@id":"https:\/\/blancfestival.com\/type-to-image-una-exposicion-de-marta-cerda\/#primaryimage"},"thumbnailUrl":"https:\/\/blancfestival.com\/wp-content\/uploads\/2021\/11\/news-1.jpg","datePublished":"2021-11-02T09:00:27+00:00","dateModified":"2021-11-17T13:34:12+00:00","breadcrumb":{"@id":"https:\/\/blancfestival.com\/type-to-image-una-exposicion-de-marta-cerda\/#breadcrumb"},"inLanguage":"en-US","potentialAction":[{"@type":"ReadAction","target":["https:\/\/blancfestival.com\/type-to-image-una-exposicion-de-marta-cerda\/"]}]},{"@type":"ImageObject","inLanguage":"en-US","@id":"https:\/\/blancfestival.com\/type-to-image-una-exposicion-de-marta-cerda\/#primaryimage","url":"https:\/\/blancfestival.com\/wp-content\/uploads\/2021\/11\/news-1.jpg","contentUrl":"https:\/\/blancfestival.com\/wp-content\/uploads\/2021\/11\/news-1.jpg","width":680,"height":680},{"@type":"BreadcrumbList","@id":"https:\/\/blancfestival.com\/type-to-image-una-exposicion-de-marta-cerda\/#breadcrumb","itemListElement":[{"@type":"ListItem","position":1,"name":"Portada","item":"https:\/\/blancfestival.com\/en\/"},{"@type":"ListItem","position":2,"name":"\u00abType to image\u00bb Una exposici\u00f3n de Marta Cerd\u00e0"}]},{"@type":"WebSite","@id":"https:\/\/blancfestival.com\/#website","url":"https:\/\/blancfestival.com\/","name":"Blanc! Festival","description":"Dise\u00f1o, Creatividad e Innovaci\u00f3n","publisher":{"@id":"https:\/\/blancfestival.com\/#organization"},"potentialAction":[{"@type":"SearchAction","target":{"@type":"EntryPoint","urlTemplate":"https:\/\/blancfestival.com\/?s={search_term_string}"},"query-input":{"@type":"PropertyValueSpecification","valueRequired":true,"valueName":"search_term_string"}}],"inLanguage":"en-US"},{"@type":"Organization","@id":"https:\/\/blancfestival.com\/#organization","name":"Blanc! Festival de Dise\u00f1o, Creatividad e Innovaci\u00f3n","url":"https:\/\/blancfestival.com\/","logo":{"@type":"ImageObject","inLanguage":"en-US","@id":"https:\/\/blancfestival.com\/#\/schema\/logo\/image\/","url":"https:\/\/blancfestival.com\/wp-content\/uploads\/2025\/01\/logo_icono_blanc.jpg","contentUrl":"https:\/\/blancfestival.com\/wp-content\/uploads\/2025\/01\/logo_icono_blanc.jpg","width":2000,"height":2000,"caption":"Blanc! Festival de Dise\u00f1o, Creatividad e Innovaci\u00f3n"},"image":{"@id":"https:\/\/blancfestival.com\/#\/schema\/logo\/image\/"},"sameAs":["https:\/\/www.facebook.com\/blanc.festivaldissenygrafic\/","https:\/\/x.com\/blancfest","https:\/\/www.instagram.com\/blancfest\/","https:\/\/www.linkedin.com\/company\/blanc-festival","https:\/\/www.pinterest.com\/blancfest\/","https:\/\/www.youtube.com\/channel\/UCM-IjxOFb5gQg4yPgmze3Gg"]},{"@type":"Person","@id":"https:\/\/blancfestival.com\/#\/schema\/person\/ba98f9f2040d99954c0d1218e4580f7d","name":"David D'Eboli","image":{"@type":"ImageObject","inLanguage":"en-US","@id":"https:\/\/blancfestival.com\/#\/schema\/person\/image\/","url":"https:\/\/blancfestival.com\/wp-content\/uploads\/2020\/01\/avatar-david-120x120.jpg","contentUrl":"https:\/\/blancfestival.com\/wp-content\/uploads\/2020\/01\/avatar-david-120x120.jpg","caption":"David D'Eboli"},"description":"Fundador y CEO de Blanc!"}]}},"_links":{"self":[{"href":"https:\/\/blancfestival.com\/en\/wp-json\/wp\/v2\/posts\/7329","targetHints":{"allow":["GET"]}}],"collection":[{"href":"https:\/\/blancfestival.com\/en\/wp-json\/wp\/v2\/posts"}],"about":[{"href":"https:\/\/blancfestival.com\/en\/wp-json\/wp\/v2\/types\/post"}],"author":[{"embeddable":true,"href":"https:\/\/blancfestival.com\/en\/wp-json\/wp\/v2\/users\/1"}],"replies":[{"embeddable":true,"href":"https:\/\/blancfestival.com\/en\/wp-json\/wp\/v2\/comments?post=7329"}],"version-history":[{"count":12,"href":"https:\/\/blancfestival.com\/en\/wp-json\/wp\/v2\/posts\/7329\/revisions"}],"predecessor-version":[{"id":7401,"href":"https:\/\/blancfestival.com\/en\/wp-json\/wp\/v2\/posts\/7329\/revisions\/7401"}],"wp:featuredmedia":[{"embeddable":true,"href":"https:\/\/blancfestival.com\/en\/wp-json\/wp\/v2\/media\/7355"}],"wp:attachment":[{"href":"https:\/\/blancfestival.com\/en\/wp-json\/wp\/v2\/media?parent=7329"}],"wp:term":[{"taxonomy":"category","embeddable":true,"href":"https:\/\/blancfestival.com\/en\/wp-json\/wp\/v2\/categories?post=7329"},{"taxonomy":"post_tag","embeddable":true,"href":"https:\/\/blancfestival.com\/en\/wp-json\/wp\/v2\/tags?post=7329"},{"taxonomy":"evento","embeddable":true,"href":"https:\/\/blancfestival.com\/en\/wp-json\/wp\/v2\/evento?post=7329"}],"curies":[{"name":"wp","href":"https:\/\/api.w.org\/{rel}","templated":true}]}}