{"id":7378,"date":"2021-11-17T13:56:17","date_gmt":"2021-11-17T12:56:17","guid":{"rendered":"https:\/\/blancfestival.com\/?p=7378"},"modified":"2021-12-03T12:12:32","modified_gmt":"2021-12-03T11:12:32","slug":"la-trascendencia-de-la-ilustracion","status":"publish","type":"post","link":"https:\/\/blancfestival.com\/en\/la-trascendencia-de-la-ilustracion\/","title":{"rendered":"La trascendencia de la ilustraci\u00f3n"},"content":{"rendered":"<p>Me encanta el trabajo de Malika Favre. Me transporta a la infancia, a las portadas de discos de Duran Duran y a las portadas de la revista Cairo. A las camisetas ochenteras en tiendecitas de pueblos de playa. Pero tambi\u00e9n me aporta modernidad y relevancia de una manera dif\u00edcil de definir.<\/p>\n<p>Cuando descubr\u00ed que trasladaba su residencia a Barcelona despu\u00e9s de vivir en Par\u00eds y Londres me alegr\u00e9 mucho por lo que pod\u00eda significar para el mundo de la ilustraci\u00f3n local. Poco me imaginaba que su arte pronto llegar\u00eda a los carteles de las Fiestas de la Merc\u00e8, pese a tener todo el sentido del mundo. Su mezcla de Pop Art y OpArt, su estilo reconocible y sofisticado, su uso inteligente de la figura y el espacio negativo, es perfecta para una campa\u00f1a de comunicaci\u00f3n como la de las fiestas barcelonesas.<\/p>\n<p>&nbsp;<\/p>\n<p><img loading=\"lazy\" decoding=\"async\" width=\"700\" height=\"394\" class=\"alignnone size-large wp-image-7382\" src=\"https:\/\/blancfestival.com\/wp-content\/uploads\/2021\/11\/malika-merce-700x394.jpg\" alt=\"\" srcset=\"https:\/\/blancfestival.com\/wp-content\/uploads\/2021\/11\/malika-merce-700x394.jpg 700w, https:\/\/blancfestival.com\/wp-content\/uploads\/2021\/11\/malika-merce-250x141.jpg 250w, https:\/\/blancfestival.com\/wp-content\/uploads\/2021\/11\/malika-merce-768x432.jpg 768w, https:\/\/blancfestival.com\/wp-content\/uploads\/2021\/11\/malika-merce-1536x864.jpg 1536w, https:\/\/blancfestival.com\/wp-content\/uploads\/2021\/11\/malika-merce-120x68.jpg 120w, https:\/\/blancfestival.com\/wp-content\/uploads\/2021\/11\/malika-merce.jpg 1920w\" sizes=\"auto, (max-width: 700px) 100vw, 700px\" \/><\/p>\n<p>&nbsp;<\/p>\n<p>La pieza en cuesti\u00f3n y todas sus variantes son un ejercicio de estilo y sem\u00e1ntica fant\u00e1stico, lleno de detalles y homenajes sentidos a la capital catalana. Es un trabajo delicado que a\u00fana pasado y presente, con una personificaci\u00f3n de la Merc\u00e8 que merec\u00edamos todas las barcelonesas.<\/p>\n<p>Pero lo que me interesa m\u00e1s de la pieza es su proyecci\u00f3n m\u00e1s all\u00e1 de la campa\u00f1a. No s\u00e9 si por accidente o simplemente por su calidad indiscutible, se ha convertido en parte de la historia gr\u00e1fica de la ciudad. Recordaremos este cartel durante muchos a\u00f1os. El Ayuntamiento, muy \u00e1gil, ha dado la posibilidad de recoger el cartel en varios puntos de la ciudad para que la ciudadan\u00eda lo disfrute en casa. Se han visto hilos de Twitter analizando punto por punto los detalles de la pieza.<\/p>\n<p>&nbsp;<\/p>\n<p><img loading=\"lazy\" decoding=\"async\" width=\"700\" height=\"467\" class=\"alignnone size-full wp-image-7385\" src=\"https:\/\/blancfestival.com\/wp-content\/uploads\/2021\/11\/malika-merce-2.jpg\" alt=\"\" srcset=\"https:\/\/blancfestival.com\/wp-content\/uploads\/2021\/11\/malika-merce-2.jpg 700w, https:\/\/blancfestival.com\/wp-content\/uploads\/2021\/11\/malika-merce-2-250x167.jpg 250w, https:\/\/blancfestival.com\/wp-content\/uploads\/2021\/11\/malika-merce-2-120x80.jpg 120w, https:\/\/blancfestival.com\/wp-content\/uploads\/2021\/11\/malika-merce-2-272x182.jpg 272w\" sizes=\"auto, (max-width: 700px) 100vw, 700px\" \/><\/p>\n<p>&nbsp;<\/p>\n<p>Hay variantes en las calles de una Merc\u00e8 Favresca vamp\u00edrica, cuestionando la ciudad y sus pol\u00edticas. La obra ha trascendido, ha pasado a formar parte de todo el mundo.<\/p>\n<p>Me pregunto qu\u00e9 hace que una ilustraci\u00f3n haga este salto hacia la posteridad. Creo que tiene que ver con la naturaleza cercana e inmediata de este \u00e1mbito, algo que a veces juega a la contra del mundo de la ilustraci\u00f3n, siempre tildado de infantil y menor respecto a otras artes. Y estoy seguro que la conjunci\u00f3n con el mensaje y el dise\u00f1o gr\u00e1fico tambi\u00e9n contribuye. Este tipo de cosas son las que exploramos en las clases de ilustraci\u00f3n del <a href=\"https:\/\/www.lcibarcelona.com\/escuela-diseno-grafico\/grado-en-diseno-grafico\" target=\"_blank\" rel=\"noopener\">Grado de Dise\u00f1o Gr\u00e1fico en LCI.<\/a><\/p>\n<p>La ilustraci\u00f3n no es ajena a este tipo de accidentes felices. Me vienen a la cabeza ejemplos recientes como la ilustraci\u00f3n \u201cLove Life\u201d de Adrian Tomine para The New Yorker o la serie sobre Acci\u00f3n de Gracias de Chris Ware, tambi\u00e9n para The New Yorker. O tambi\u00e9n otros m\u00e1s lejanos en el tiempo como \u201cThe Problem We All Live With\u201d de Norman Rockwell, el \u201cWe Can Do it!\u201d De J.<br \/>\nHoward Miller o el T\u00edo Sam del \u201cI Want You&#8221; de James Montgomery Flagg.<\/p>\n<p>&nbsp;<\/p>\n<p><img loading=\"lazy\" decoding=\"async\" width=\"700\" height=\"514\" class=\"alignnone size-large wp-image-7391\" src=\"https:\/\/blancfestival.com\/wp-content\/uploads\/2021\/11\/new-yorker-1-700x514.jpg\" alt=\"\" srcset=\"https:\/\/blancfestival.com\/wp-content\/uploads\/2021\/11\/new-yorker-1-700x514.jpg 700w, https:\/\/blancfestival.com\/wp-content\/uploads\/2021\/11\/new-yorker-1-250x184.jpg 250w, https:\/\/blancfestival.com\/wp-content\/uploads\/2021\/11\/new-yorker-1-768x564.jpg 768w, https:\/\/blancfestival.com\/wp-content\/uploads\/2021\/11\/new-yorker-1-120x88.jpg 120w, https:\/\/blancfestival.com\/wp-content\/uploads\/2021\/11\/new-yorker-1.jpg 1500w\" sizes=\"auto, (max-width: 700px) 100vw, 700px\" \/><\/p>\n<p><img loading=\"lazy\" decoding=\"async\" width=\"700\" height=\"457\" class=\"alignnone size-large wp-image-7394\" src=\"https:\/\/blancfestival.com\/wp-content\/uploads\/2021\/11\/antics-700x457.jpg\" alt=\"\" srcset=\"https:\/\/blancfestival.com\/wp-content\/uploads\/2021\/11\/antics-700x457.jpg 700w, https:\/\/blancfestival.com\/wp-content\/uploads\/2021\/11\/antics-250x163.jpg 250w, https:\/\/blancfestival.com\/wp-content\/uploads\/2021\/11\/antics-768x502.jpg 768w, https:\/\/blancfestival.com\/wp-content\/uploads\/2021\/11\/antics-120x78.jpg 120w, https:\/\/blancfestival.com\/wp-content\/uploads\/2021\/11\/antics.jpg 1477w\" sizes=\"auto, (max-width: 700px) 100vw, 700px\" \/><\/p>\n<p>&nbsp;<\/p>\n<p>Me fascina cuando estas piezas reivindican nuestra profesi\u00f3n. De manera humilde pero atronadora. Cuando nos saca de la etiqueta de arte funcional y tal vez superado, para situarnos de nuevo en la mente del gran p\u00fablico. Y tambi\u00e9n me provoca m\u00e1s preguntas sobre c\u00f3mo no hay m\u00e1s comunicaciones que usen la ilustraci\u00f3n como veh\u00edculo, viendo la capacidad que tiene de llegar al coraz\u00f3n de los que la disfrutan. Y mientras me hago estas preguntas espero a la pr\u00f3xima pieza ilustrada que nos emocione de la misma manera. Gracias Malika, gr\u00e0cies Merc\u00e8.<\/p>\n","protected":false},"excerpt":{"rendered":"Me encanta el trabajo de Malika Favre. Me transporta a la infancia, a las portadas de discos de Duran Duran y a las portadas de la revista Cairo. A las camisetas ochenteras en tiendecitas de pueblos de playa. Pero tambi\u00e9n me aporta modernidad y relevancia de una manera dif\u00edcil de definir. Cuando descubr\u00ed que trasladaba&hellip;","protected":false},"author":19,"featured_media":7382,"comment_status":"open","ping_status":"open","sticky":false,"template":"","format":"standard","meta":{"_acf_changed":false,"footnotes":""},"categories":[2,1],"tags":[],"evento":[],"class_list":["post-7378","post","type-post","status-publish","format-standard","has-post-thumbnail","hentry","category-diseno","category-diseno-grafico"],"acf":[],"yoast_head":"<!-- This site is optimized with the Yoast SEO plugin v23.7 - https:\/\/yoast.com\/wordpress\/plugins\/seo\/ -->\n<title>La trascendencia de la ilustraci\u00f3n<\/title>\n<meta name=\"description\" content=\"Cuando descubr\u00ed que trasladaba su residencia a Barcelona despu\u00e9s de vivir en Par\u00eds y Londres me alegr\u00e9 mucho por lo que pod\u00eda significar para el mundo de la ilustraci\u00f3n local.\" \/>\n<meta name=\"robots\" content=\"index, follow, max-snippet:-1, max-image-preview:large, max-video-preview:-1\" \/>\n<link rel=\"canonical\" href=\"https:\/\/blancfestival.com\/ca\/la-trascendencia-de-la-ilustracion\/\" \/>\n<meta property=\"og:locale\" content=\"en_US\" \/>\n<meta property=\"og:type\" content=\"article\" \/>\n<meta property=\"og:title\" content=\"La trascendencia de la ilustraci\u00f3n\" \/>\n<meta property=\"og:description\" content=\"Cuando descubr\u00ed que trasladaba su residencia a Barcelona despu\u00e9s de vivir en Par\u00eds y Londres me alegr\u00e9 mucho por lo que pod\u00eda significar para el mundo de la ilustraci\u00f3n local.\" \/>\n<meta property=\"og:url\" content=\"https:\/\/blancfestival.com\/ca\/la-trascendencia-de-la-ilustracion\/\" \/>\n<meta property=\"og:site_name\" content=\"Blanc!\" \/>\n<meta property=\"article:publisher\" content=\"https:\/\/www.facebook.com\/blanc.festivaldissenygrafic\/\" \/>\n<meta property=\"article:published_time\" content=\"2021-11-17T12:56:17+00:00\" \/>\n<meta property=\"article:modified_time\" content=\"2021-12-03T11:12:32+00:00\" \/>\n<meta property=\"og:image\" content=\"https:\/\/blancfestival.com\/wp-content\/uploads\/2021\/11\/malika-merce.jpg\" \/>\n\t<meta property=\"og:image:width\" content=\"1920\" \/>\n\t<meta property=\"og:image:height\" content=\"1080\" \/>\n\t<meta property=\"og:image:type\" content=\"image\/jpeg\" \/>\n<meta name=\"author\" content=\"Joan Guardiet\" \/>\n<meta name=\"twitter:card\" content=\"summary_large_image\" \/>\n<meta name=\"twitter:creator\" content=\"@blancfest\" \/>\n<meta name=\"twitter:site\" content=\"@blancfest\" \/>\n<meta name=\"twitter:label1\" content=\"Written by\" \/>\n\t<meta name=\"twitter:data1\" content=\"Joan Guardiet\" \/>\n\t<meta name=\"twitter:label2\" content=\"Est. reading time\" \/>\n\t<meta name=\"twitter:data2\" content=\"3 minutes\" \/>\n<script type=\"application\/ld+json\" class=\"yoast-schema-graph\">{\"@context\":\"https:\/\/schema.org\",\"@graph\":[{\"@type\":\"Article\",\"@id\":\"https:\/\/blancfestival.com\/ca\/la-trascendencia-de-la-ilustracion\/#article\",\"isPartOf\":{\"@id\":\"https:\/\/blancfestival.com\/ca\/la-trascendencia-de-la-ilustracion\/\"},\"author\":{\"name\":\"Joan Guardiet\",\"@id\":\"https:\/\/blancfestival.com\/#\/schema\/person\/6277cda604e49e602bd5e5eb50b2a69b\"},\"headline\":\"La trascendencia de la ilustraci\u00f3n\",\"datePublished\":\"2021-11-17T12:56:17+00:00\",\"dateModified\":\"2021-12-03T11:12:32+00:00\",\"mainEntityOfPage\":{\"@id\":\"https:\/\/blancfestival.com\/ca\/la-trascendencia-de-la-ilustracion\/\"},\"wordCount\":626,\"commentCount\":0,\"publisher\":{\"@id\":\"https:\/\/blancfestival.com\/#organization\"},\"image\":{\"@id\":\"https:\/\/blancfestival.com\/ca\/la-trascendencia-de-la-ilustracion\/#primaryimage\"},\"thumbnailUrl\":\"https:\/\/blancfestival.com\/wp-content\/uploads\/2021\/11\/malika-merce.jpg\",\"articleSection\":[\"Dise\u00f1o\",\"Dise\u00f1o Gr\u00e1fico\"],\"inLanguage\":\"en-US\",\"potentialAction\":[{\"@type\":\"CommentAction\",\"name\":\"Comment\",\"target\":[\"https:\/\/blancfestival.com\/ca\/la-trascendencia-de-la-ilustracion\/#respond\"]}]},{\"@type\":\"WebPage\",\"@id\":\"https:\/\/blancfestival.com\/ca\/la-trascendencia-de-la-ilustracion\/\",\"url\":\"https:\/\/blancfestival.com\/ca\/la-trascendencia-de-la-ilustracion\/\",\"name\":\"La trascendencia de la ilustraci\u00f3n\",\"isPartOf\":{\"@id\":\"https:\/\/blancfestival.com\/#website\"},\"primaryImageOfPage\":{\"@id\":\"https:\/\/blancfestival.com\/ca\/la-trascendencia-de-la-ilustracion\/#primaryimage\"},\"image\":{\"@id\":\"https:\/\/blancfestival.com\/ca\/la-trascendencia-de-la-ilustracion\/#primaryimage\"},\"thumbnailUrl\":\"https:\/\/blancfestival.com\/wp-content\/uploads\/2021\/11\/malika-merce.jpg\",\"datePublished\":\"2021-11-17T12:56:17+00:00\",\"dateModified\":\"2021-12-03T11:12:32+00:00\",\"description\":\"Cuando descubr\u00ed que trasladaba su residencia a Barcelona despu\u00e9s de vivir en Par\u00eds y Londres me alegr\u00e9 mucho por lo que pod\u00eda significar para el mundo de la ilustraci\u00f3n local.\",\"breadcrumb\":{\"@id\":\"https:\/\/blancfestival.com\/ca\/la-trascendencia-de-la-ilustracion\/#breadcrumb\"},\"inLanguage\":\"en-US\",\"potentialAction\":[{\"@type\":\"ReadAction\",\"target\":[\"https:\/\/blancfestival.com\/ca\/la-trascendencia-de-la-ilustracion\/\"]}]},{\"@type\":\"ImageObject\",\"inLanguage\":\"en-US\",\"@id\":\"https:\/\/blancfestival.com\/ca\/la-trascendencia-de-la-ilustracion\/#primaryimage\",\"url\":\"https:\/\/blancfestival.com\/wp-content\/uploads\/2021\/11\/malika-merce.jpg\",\"contentUrl\":\"https:\/\/blancfestival.com\/wp-content\/uploads\/2021\/11\/malika-merce.jpg\",\"width\":1920,\"height\":1080},{\"@type\":\"BreadcrumbList\",\"@id\":\"https:\/\/blancfestival.com\/ca\/la-trascendencia-de-la-ilustracion\/#breadcrumb\",\"itemListElement\":[{\"@type\":\"ListItem\",\"position\":1,\"name\":\"Portada\",\"item\":\"https:\/\/blancfestival.com\/en\/\"},{\"@type\":\"ListItem\",\"position\":2,\"name\":\"La trascendencia de la ilustraci\u00f3n\"}]},{\"@type\":\"WebSite\",\"@id\":\"https:\/\/blancfestival.com\/#website\",\"url\":\"https:\/\/blancfestival.com\/\",\"name\":\"Blanc! Festival\",\"description\":\"Dise\u00f1o, Creatividad e Innovaci\u00f3n\",\"publisher\":{\"@id\":\"https:\/\/blancfestival.com\/#organization\"},\"potentialAction\":[{\"@type\":\"SearchAction\",\"target\":{\"@type\":\"EntryPoint\",\"urlTemplate\":\"https:\/\/blancfestival.com\/?s={search_term_string}\"},\"query-input\":{\"@type\":\"PropertyValueSpecification\",\"valueRequired\":true,\"valueName\":\"search_term_string\"}}],\"inLanguage\":\"en-US\"},{\"@type\":\"Organization\",\"@id\":\"https:\/\/blancfestival.com\/#organization\",\"name\":\"Blanc! Festival de Dise\u00f1o, Creatividad e Innovaci\u00f3n\",\"url\":\"https:\/\/blancfestival.com\/\",\"logo\":{\"@type\":\"ImageObject\",\"inLanguage\":\"en-US\",\"@id\":\"https:\/\/blancfestival.com\/#\/schema\/logo\/image\/\",\"url\":\"https:\/\/blancfestival.com\/wp-content\/uploads\/2025\/01\/logo_icono_blanc.jpg\",\"contentUrl\":\"https:\/\/blancfestival.com\/wp-content\/uploads\/2025\/01\/logo_icono_blanc.jpg\",\"width\":2000,\"height\":2000,\"caption\":\"Blanc! Festival de Dise\u00f1o, Creatividad e Innovaci\u00f3n\"},\"image\":{\"@id\":\"https:\/\/blancfestival.com\/#\/schema\/logo\/image\/\"},\"sameAs\":[\"https:\/\/www.facebook.com\/blanc.festivaldissenygrafic\/\",\"https:\/\/x.com\/blancfest\",\"https:\/\/www.instagram.com\/blancfest\/\",\"https:\/\/www.linkedin.com\/company\/blanc-festival\",\"https:\/\/www.pinterest.com\/blancfest\/\",\"https:\/\/www.youtube.com\/channel\/UCM-IjxOFb5gQg4yPgmze3Gg\"]},{\"@type\":\"Person\",\"@id\":\"https:\/\/blancfestival.com\/#\/schema\/person\/6277cda604e49e602bd5e5eb50b2a69b\",\"name\":\"Joan Guardiet\",\"image\":{\"@type\":\"ImageObject\",\"inLanguage\":\"en-US\",\"@id\":\"https:\/\/blancfestival.com\/#\/schema\/person\/image\/\",\"url\":\"https:\/\/blancfestival.com\/wp-content\/uploads\/2021\/11\/name4_variant-low-120x120.jpg\",\"contentUrl\":\"https:\/\/blancfestival.com\/wp-content\/uploads\/2021\/11\/name4_variant-low-120x120.jpg\",\"caption\":\"Joan Guardiet\"},\"description\":\"Ilustrador y docente de\u00a0T\u00e9cnicas de ilustraci\u00f3n I y Creatividad y expresi\u00f3n de la forma II del Grado en Dise\u00f1o Gr\u00e1fico en LCI Barcelona\",\"sameAs\":[\"https:\/\/bit.ly\/3ujJEWC\"]}]}<\/script>\n<!-- \/ Yoast SEO plugin. -->","yoast_head_json":{"title":"La trascendencia de la ilustraci\u00f3n","description":"Cuando descubr\u00ed que trasladaba su residencia a Barcelona despu\u00e9s de vivir en Par\u00eds y Londres me alegr\u00e9 mucho por lo que pod\u00eda significar para el mundo de la ilustraci\u00f3n local.","robots":{"index":"index","follow":"follow","max-snippet":"max-snippet:-1","max-image-preview":"max-image-preview:large","max-video-preview":"max-video-preview:-1"},"canonical":"https:\/\/blancfestival.com\/ca\/la-trascendencia-de-la-ilustracion\/","og_locale":"en_US","og_type":"article","og_title":"La trascendencia de la ilustraci\u00f3n","og_description":"Cuando descubr\u00ed que trasladaba su residencia a Barcelona despu\u00e9s de vivir en Par\u00eds y Londres me alegr\u00e9 mucho por lo que pod\u00eda significar para el mundo de la ilustraci\u00f3n local.","og_url":"https:\/\/blancfestival.com\/ca\/la-trascendencia-de-la-ilustracion\/","og_site_name":"Blanc!","article_publisher":"https:\/\/www.facebook.com\/blanc.festivaldissenygrafic\/","article_published_time":"2021-11-17T12:56:17+00:00","article_modified_time":"2021-12-03T11:12:32+00:00","og_image":[{"width":1920,"height":1080,"url":"https:\/\/blancfestival.com\/wp-content\/uploads\/2021\/11\/malika-merce.jpg","type":"image\/jpeg"}],"author":"Joan Guardiet","twitter_card":"summary_large_image","twitter_creator":"@blancfest","twitter_site":"@blancfest","twitter_misc":{"Written by":"Joan Guardiet","Est. reading time":"3 minutes"},"schema":{"@context":"https:\/\/schema.org","@graph":[{"@type":"Article","@id":"https:\/\/blancfestival.com\/ca\/la-trascendencia-de-la-ilustracion\/#article","isPartOf":{"@id":"https:\/\/blancfestival.com\/ca\/la-trascendencia-de-la-ilustracion\/"},"author":{"name":"Joan Guardiet","@id":"https:\/\/blancfestival.com\/#\/schema\/person\/6277cda604e49e602bd5e5eb50b2a69b"},"headline":"La trascendencia de la ilustraci\u00f3n","datePublished":"2021-11-17T12:56:17+00:00","dateModified":"2021-12-03T11:12:32+00:00","mainEntityOfPage":{"@id":"https:\/\/blancfestival.com\/ca\/la-trascendencia-de-la-ilustracion\/"},"wordCount":626,"commentCount":0,"publisher":{"@id":"https:\/\/blancfestival.com\/#organization"},"image":{"@id":"https:\/\/blancfestival.com\/ca\/la-trascendencia-de-la-ilustracion\/#primaryimage"},"thumbnailUrl":"https:\/\/blancfestival.com\/wp-content\/uploads\/2021\/11\/malika-merce.jpg","articleSection":["Dise\u00f1o","Dise\u00f1o Gr\u00e1fico"],"inLanguage":"en-US","potentialAction":[{"@type":"CommentAction","name":"Comment","target":["https:\/\/blancfestival.com\/ca\/la-trascendencia-de-la-ilustracion\/#respond"]}]},{"@type":"WebPage","@id":"https:\/\/blancfestival.com\/ca\/la-trascendencia-de-la-ilustracion\/","url":"https:\/\/blancfestival.com\/ca\/la-trascendencia-de-la-ilustracion\/","name":"La trascendencia de la ilustraci\u00f3n","isPartOf":{"@id":"https:\/\/blancfestival.com\/#website"},"primaryImageOfPage":{"@id":"https:\/\/blancfestival.com\/ca\/la-trascendencia-de-la-ilustracion\/#primaryimage"},"image":{"@id":"https:\/\/blancfestival.com\/ca\/la-trascendencia-de-la-ilustracion\/#primaryimage"},"thumbnailUrl":"https:\/\/blancfestival.com\/wp-content\/uploads\/2021\/11\/malika-merce.jpg","datePublished":"2021-11-17T12:56:17+00:00","dateModified":"2021-12-03T11:12:32+00:00","description":"Cuando descubr\u00ed que trasladaba su residencia a Barcelona despu\u00e9s de vivir en Par\u00eds y Londres me alegr\u00e9 mucho por lo que pod\u00eda significar para el mundo de la ilustraci\u00f3n local.","breadcrumb":{"@id":"https:\/\/blancfestival.com\/ca\/la-trascendencia-de-la-ilustracion\/#breadcrumb"},"inLanguage":"en-US","potentialAction":[{"@type":"ReadAction","target":["https:\/\/blancfestival.com\/ca\/la-trascendencia-de-la-ilustracion\/"]}]},{"@type":"ImageObject","inLanguage":"en-US","@id":"https:\/\/blancfestival.com\/ca\/la-trascendencia-de-la-ilustracion\/#primaryimage","url":"https:\/\/blancfestival.com\/wp-content\/uploads\/2021\/11\/malika-merce.jpg","contentUrl":"https:\/\/blancfestival.com\/wp-content\/uploads\/2021\/11\/malika-merce.jpg","width":1920,"height":1080},{"@type":"BreadcrumbList","@id":"https:\/\/blancfestival.com\/ca\/la-trascendencia-de-la-ilustracion\/#breadcrumb","itemListElement":[{"@type":"ListItem","position":1,"name":"Portada","item":"https:\/\/blancfestival.com\/en\/"},{"@type":"ListItem","position":2,"name":"La trascendencia de la ilustraci\u00f3n"}]},{"@type":"WebSite","@id":"https:\/\/blancfestival.com\/#website","url":"https:\/\/blancfestival.com\/","name":"Blanc! Festival","description":"Dise\u00f1o, Creatividad e Innovaci\u00f3n","publisher":{"@id":"https:\/\/blancfestival.com\/#organization"},"potentialAction":[{"@type":"SearchAction","target":{"@type":"EntryPoint","urlTemplate":"https:\/\/blancfestival.com\/?s={search_term_string}"},"query-input":{"@type":"PropertyValueSpecification","valueRequired":true,"valueName":"search_term_string"}}],"inLanguage":"en-US"},{"@type":"Organization","@id":"https:\/\/blancfestival.com\/#organization","name":"Blanc! Festival de Dise\u00f1o, Creatividad e Innovaci\u00f3n","url":"https:\/\/blancfestival.com\/","logo":{"@type":"ImageObject","inLanguage":"en-US","@id":"https:\/\/blancfestival.com\/#\/schema\/logo\/image\/","url":"https:\/\/blancfestival.com\/wp-content\/uploads\/2025\/01\/logo_icono_blanc.jpg","contentUrl":"https:\/\/blancfestival.com\/wp-content\/uploads\/2025\/01\/logo_icono_blanc.jpg","width":2000,"height":2000,"caption":"Blanc! Festival de Dise\u00f1o, Creatividad e Innovaci\u00f3n"},"image":{"@id":"https:\/\/blancfestival.com\/#\/schema\/logo\/image\/"},"sameAs":["https:\/\/www.facebook.com\/blanc.festivaldissenygrafic\/","https:\/\/x.com\/blancfest","https:\/\/www.instagram.com\/blancfest\/","https:\/\/www.linkedin.com\/company\/blanc-festival","https:\/\/www.pinterest.com\/blancfest\/","https:\/\/www.youtube.com\/channel\/UCM-IjxOFb5gQg4yPgmze3Gg"]},{"@type":"Person","@id":"https:\/\/blancfestival.com\/#\/schema\/person\/6277cda604e49e602bd5e5eb50b2a69b","name":"Joan Guardiet","image":{"@type":"ImageObject","inLanguage":"en-US","@id":"https:\/\/blancfestival.com\/#\/schema\/person\/image\/","url":"https:\/\/blancfestival.com\/wp-content\/uploads\/2021\/11\/name4_variant-low-120x120.jpg","contentUrl":"https:\/\/blancfestival.com\/wp-content\/uploads\/2021\/11\/name4_variant-low-120x120.jpg","caption":"Joan Guardiet"},"description":"Ilustrador y docente de\u00a0T\u00e9cnicas de ilustraci\u00f3n I y Creatividad y expresi\u00f3n de la forma II del Grado en Dise\u00f1o Gr\u00e1fico en LCI Barcelona","sameAs":["https:\/\/bit.ly\/3ujJEWC"]}]}},"_links":{"self":[{"href":"https:\/\/blancfestival.com\/en\/wp-json\/wp\/v2\/posts\/7378","targetHints":{"allow":["GET"]}}],"collection":[{"href":"https:\/\/blancfestival.com\/en\/wp-json\/wp\/v2\/posts"}],"about":[{"href":"https:\/\/blancfestival.com\/en\/wp-json\/wp\/v2\/types\/post"}],"author":[{"embeddable":true,"href":"https:\/\/blancfestival.com\/en\/wp-json\/wp\/v2\/users\/19"}],"replies":[{"embeddable":true,"href":"https:\/\/blancfestival.com\/en\/wp-json\/wp\/v2\/comments?post=7378"}],"version-history":[{"count":4,"href":"https:\/\/blancfestival.com\/en\/wp-json\/wp\/v2\/posts\/7378\/revisions"}],"predecessor-version":[{"id":7400,"href":"https:\/\/blancfestival.com\/en\/wp-json\/wp\/v2\/posts\/7378\/revisions\/7400"}],"wp:featuredmedia":[{"embeddable":true,"href":"https:\/\/blancfestival.com\/en\/wp-json\/wp\/v2\/media\/7382"}],"wp:attachment":[{"href":"https:\/\/blancfestival.com\/en\/wp-json\/wp\/v2\/media?parent=7378"}],"wp:term":[{"taxonomy":"category","embeddable":true,"href":"https:\/\/blancfestival.com\/en\/wp-json\/wp\/v2\/categories?post=7378"},{"taxonomy":"post_tag","embeddable":true,"href":"https:\/\/blancfestival.com\/en\/wp-json\/wp\/v2\/tags?post=7378"},{"taxonomy":"evento","embeddable":true,"href":"https:\/\/blancfestival.com\/en\/wp-json\/wp\/v2\/evento?post=7378"}],"curies":[{"name":"wp","href":"https:\/\/api.w.org\/{rel}","templated":true}]}}