{"id":7488,"date":"2021-12-03T11:54:44","date_gmt":"2021-12-03T10:54:44","guid":{"rendered":"https:\/\/blancfestival.com\/?p=7488"},"modified":"2021-12-13T17:19:38","modified_gmt":"2021-12-13T16:19:38","slug":"masterminds","status":"publish","type":"post","link":"https:\/\/blancfestival.com\/en\/masterminds\/","title":{"rendered":"Masterminds"},"content":{"rendered":"<p><a href=\"https:\/\/es.wikipedia.org\/wiki\/Aleks%C3%A9i_Brod%C3%B3vich\" target=\"_blank\" rel=\"nofollow noopener\">Alexey Brodovitch<\/a> y <a href=\"https:\/\/es.wikipedia.org\/wiki\/Alexander_Liberman\" target=\"_blank\" rel=\"nofollow noopener\">Alexander Liberman<\/a> sembraron y cultivaron el germen de la prensa de moda. Marcaron su evoluci\u00f3n y desarrollo haciendo de la creatividad el abono para el crecimiento.<\/p>\n<p>El arte marcaba las pautas visuales y se hac\u00eda gu\u00eda de modernidad. La libertad de crear sin condicionantes, solo la inspiraci\u00f3n de lo que no existe previamente, les permiti\u00f3 desarrollar esa visi\u00f3n \u00fanica que marc\u00f3 un antes y un despu\u00e9s en el mundo editorial.<\/p>\n<p>La figura del director de arte se ocupaba de plasmar un concepto de forma visual. Daba voz a la inquietud de j\u00f3venes fot\u00f3grafos en pleno desarrollo que llegaron a ser maestros y de esta forma completaba esa vertiente art\u00edstica como eje central en el mundo de la moda.<\/p>\n<p>&nbsp;<\/p>\n<h2><img loading=\"lazy\" decoding=\"async\" width=\"700\" height=\"461\" class=\"alignnone size-large wp-image-7489\" src=\"https:\/\/blancfestival.com\/wp-content\/uploads\/2021\/12\/thumbnail_Imagen-Blanc-LibermanPenn-1946-mayo-BrodovitchAvedon-1959-diciembre-700x461.jpg\" alt=\"\" srcset=\"https:\/\/blancfestival.com\/wp-content\/uploads\/2021\/12\/thumbnail_Imagen-Blanc-LibermanPenn-1946-mayo-BrodovitchAvedon-1959-diciembre-700x461.jpg 700w, https:\/\/blancfestival.com\/wp-content\/uploads\/2021\/12\/thumbnail_Imagen-Blanc-LibermanPenn-1946-mayo-BrodovitchAvedon-1959-diciembre-250x165.jpg 250w, https:\/\/blancfestival.com\/wp-content\/uploads\/2021\/12\/thumbnail_Imagen-Blanc-LibermanPenn-1946-mayo-BrodovitchAvedon-1959-diciembre-768x506.jpg 768w, https:\/\/blancfestival.com\/wp-content\/uploads\/2021\/12\/thumbnail_Imagen-Blanc-LibermanPenn-1946-mayo-BrodovitchAvedon-1959-diciembre-120x79.jpg 120w, https:\/\/blancfestival.com\/wp-content\/uploads\/2021\/12\/thumbnail_Imagen-Blanc-LibermanPenn-1946-mayo-BrodovitchAvedon-1959-diciembre.jpg 1280w\" sizes=\"auto, (max-width: 700px) 100vw, 700px\" \/><\/h2>\n<p>&nbsp;<\/p>\n<h2>Alexey Brodovitch<\/h2>\n<p>Con toda una tradici\u00f3n rusa a sus espaldas supo aportar ese conocimiento y esa curiosidad a su trabajo como director creativo y como dise\u00f1ador gr\u00e1fico. Las m\u00faltiples referencias a las artes eran en todo momento el impulso para desarrollar aquella gr\u00e1fica din\u00e1mica que har\u00eda de Harper&#8217;s Bazaar, durante sus a\u00f1os en la publicaci\u00f3n, un medio de referencia, no solo en su \u00e9poca sino en el futuro. Richard Avedon fue uno de aquellos j\u00f3venes fot\u00f3grafos que bajo la tutela de Brodovitch, sin olvidar a Diana Vreeland como editora de la revista, pudo desarrollar esa visi\u00f3n y desarrollo futuro en el mundo de la fotograf\u00eda hasta alcanzar un estilo propio e inigualable. Como se puede leer en el libro Observations (1959) de Avedon, Brodovitch \u201cha sido en el arte del dise\u00f1o fotogr\u00e1fico y el dise\u00f1o editorial, una profesi\u00f3n que bordea la revoluci\u00f3n, un ojo insuperable y un experiemnto de vanguardia\u201d<\/p>\n<p>&nbsp;<\/p>\n<p><img loading=\"lazy\" decoding=\"async\" width=\"680\" height=\"453\" class=\"alignnone size-full wp-image-7501\" src=\"https:\/\/blancfestival.com\/wp-content\/uploads\/2021\/12\/vogue.jpg\" alt=\"\" srcset=\"https:\/\/blancfestival.com\/wp-content\/uploads\/2021\/12\/vogue.jpg 680w, https:\/\/blancfestival.com\/wp-content\/uploads\/2021\/12\/vogue-250x167.jpg 250w, https:\/\/blancfestival.com\/wp-content\/uploads\/2021\/12\/vogue-120x80.jpg 120w, https:\/\/blancfestival.com\/wp-content\/uploads\/2021\/12\/vogue-272x182.jpg 272w\" sizes=\"auto, (max-width: 680px) 100vw, 680px\" \/><\/p>\n<p>&nbsp;<\/p>\n<h2>Alexander Liberman<\/h2>\n<p>Esa visi\u00f3n creativa fue la que por su parte, Alexander Liberman, tambi\u00e9n nacido en Rusia, sigui\u00f3 para desarrollar su trayectoria en Vogue y apoyar con ello la creatividad y trabajo de Irving Penn. Liberman siempre anim\u00f3 a los fot\u00f3grafos a romper con la tradici\u00f3n y a abrazar la modernidad y Penn, un fot\u00f3grafo que siempre quiso ser pintor, lo consigui\u00f3 a trav\u00e9s de sus fotograf\u00edas. Entre ellos se estableci\u00f3 una relaci\u00f3n de confianza y respeto en el trabajo mutuo que perdur\u00f3 durante d\u00e9cadas. Como dice Irving Penn en las p\u00e1ginas de su libro Passage (1991), \u201cAlgunos de los mejores trabajos para Vogue, aunque pueden llevar mi firma, son de hecho los nuestros, fruto de una colaboraci\u00f3n especial y cercana. El germen de una idea podr\u00eda provenir de \u00e9l, tal vez solo un boceto en miniatura. Yo har\u00eda una fotograf\u00eda. \u00c9l la cuidar\u00eda a trav\u00e9s del proceso editorial hasta la p\u00e1gina impresa.\u201d<\/p>\n<p>&nbsp;<\/p>\n<h2>La relaci\u00f3n entre director de arte y fot\u00f3grafo es b\u00e1sica para el crecimiento mutuo<\/h2>\n<p>&nbsp;<\/p>\n<p>Como muestran estos maestros, la relaci\u00f3n que se establece entre director de arte y fot\u00f3grafo es b\u00e1sica para el crecimiento mutuo, para el desarrollo del medio y para poder crear una impronta que perdure durante a\u00f1os como un sello \u00fanico.<\/p>\n<p>Esta idea de colaboraci\u00f3n interdisciplinar y complementaria es la que se aplica a la hora de desarrollar los contenidos y metodolog\u00edas de diversos m\u00e1steres en LCI Barcelona. <a href=\"https:\/\/www.lcibarcelona.com\/escuela-de-moda-felicidad-duce\/master-en-estilismo-de-moda\" target=\"_blank\" rel=\"noopener\">M\u00e1steres como el de Estilismo en Moda, Publicidad y Medios Audiovisuales<\/a>, del que David Urbano es director, y el de <a href=\"https:\/\/www.lcibarcelona.com\/escuela-diseno-grafico\/direccion-de-arte-y-gestion-de-proyectos-graficos\" target=\"_blank\" rel=\"noopener\">Direcci\u00f3n de arte y Gesti\u00f3n de Proyectos Gr\u00e1ficos<\/a> que potencian esa idea de colaboraci\u00f3n como crecimiento art\u00edstico y profesional.<\/p>\n","protected":false},"excerpt":{"rendered":"Alexey Brodovitch y Alexander Liberman sembraron y cultivaron el germen de la prensa de moda. Marcaron su evoluci\u00f3n y desarrollo haciendo de la creatividad el abono para el crecimiento. El arte marcaba las pautas visuales y se hac\u00eda gu\u00eda de modernidad. La libertad de crear sin condicionantes, solo la inspiraci\u00f3n de lo que no existe&hellip;","protected":false},"author":20,"featured_media":7489,"comment_status":"open","ping_status":"open","sticky":false,"template":"","format":"standard","meta":{"_acf_changed":false,"footnotes":""},"categories":[3,6,1],"tags":[],"evento":[],"class_list":["post-7488","post","type-post","status-publish","format-standard","has-post-thumbnail","hentry","category-creatividad","category-destacado-en-home","category-diseno-grafico"],"acf":[],"yoast_head":"<!-- This site is optimized with the Yoast SEO plugin v23.7 - https:\/\/yoast.com\/wordpress\/plugins\/seo\/ -->\n<title>Masterminds<\/title>\n<meta name=\"description\" content=\"El fot\u00f3grafo y director art\u00edstico David Urbano nos explica la relaci\u00f3n que se establece entre director de arte y fot\u00f3grafo.\" \/>\n<meta name=\"robots\" content=\"index, follow, max-snippet:-1, max-image-preview:large, max-video-preview:-1\" \/>\n<link rel=\"canonical\" href=\"https:\/\/blancfestival.com\/masterminds\/\" \/>\n<meta property=\"og:locale\" content=\"en_US\" \/>\n<meta property=\"og:type\" content=\"article\" \/>\n<meta property=\"og:title\" content=\"Masterminds\" \/>\n<meta property=\"og:description\" content=\"El fot\u00f3grafo y director art\u00edstico David Urbano nos explica la relaci\u00f3n que se establece entre director de arte y fot\u00f3grafo.\" \/>\n<meta property=\"og:url\" content=\"https:\/\/blancfestival.com\/masterminds\/\" \/>\n<meta property=\"og:site_name\" content=\"Blanc!\" \/>\n<meta property=\"article:publisher\" content=\"https:\/\/www.facebook.com\/blanc.festivaldissenygrafic\/\" \/>\n<meta property=\"article:published_time\" content=\"2021-12-03T10:54:44+00:00\" \/>\n<meta property=\"article:modified_time\" content=\"2021-12-13T16:19:38+00:00\" \/>\n<meta property=\"og:image\" content=\"https:\/\/blancfestival.com\/wp-content\/uploads\/2021\/12\/thumbnail_Imagen-Blanc-LibermanPenn-1946-mayo-BrodovitchAvedon-1959-diciembre.jpg\" \/>\n\t<meta property=\"og:image:width\" content=\"1280\" \/>\n\t<meta property=\"og:image:height\" content=\"843\" \/>\n\t<meta property=\"og:image:type\" content=\"image\/jpeg\" \/>\n<meta name=\"author\" content=\"David Urbano\" \/>\n<meta name=\"twitter:card\" content=\"summary_large_image\" \/>\n<meta name=\"twitter:creator\" content=\"@blancfest\" \/>\n<meta name=\"twitter:site\" content=\"@blancfest\" \/>\n<meta name=\"twitter:label1\" content=\"Written by\" \/>\n\t<meta name=\"twitter:data1\" content=\"David Urbano\" \/>\n\t<meta name=\"twitter:label2\" content=\"Est. reading time\" \/>\n\t<meta name=\"twitter:data2\" content=\"3 minutes\" \/>\n<script type=\"application\/ld+json\" class=\"yoast-schema-graph\">{\"@context\":\"https:\/\/schema.org\",\"@graph\":[{\"@type\":\"Article\",\"@id\":\"https:\/\/blancfestival.com\/masterminds\/#article\",\"isPartOf\":{\"@id\":\"https:\/\/blancfestival.com\/masterminds\/\"},\"author\":{\"name\":\"David Urbano\",\"@id\":\"https:\/\/blancfestival.com\/#\/schema\/person\/0cb282cb62b3c33387f9325bced858cc\"},\"headline\":\"Masterminds\",\"datePublished\":\"2021-12-03T10:54:44+00:00\",\"dateModified\":\"2021-12-13T16:19:38+00:00\",\"mainEntityOfPage\":{\"@id\":\"https:\/\/blancfestival.com\/masterminds\/\"},\"wordCount\":610,\"commentCount\":0,\"publisher\":{\"@id\":\"https:\/\/blancfestival.com\/#organization\"},\"image\":{\"@id\":\"https:\/\/blancfestival.com\/masterminds\/#primaryimage\"},\"thumbnailUrl\":\"https:\/\/blancfestival.com\/wp-content\/uploads\/2021\/12\/thumbnail_Imagen-Blanc-LibermanPenn-1946-mayo-BrodovitchAvedon-1959-diciembre.jpg\",\"articleSection\":[\"Creatividad\",\"Destacado en Home\",\"Dise\u00f1o Gr\u00e1fico\"],\"inLanguage\":\"en-US\",\"potentialAction\":[{\"@type\":\"CommentAction\",\"name\":\"Comment\",\"target\":[\"https:\/\/blancfestival.com\/masterminds\/#respond\"]}]},{\"@type\":\"WebPage\",\"@id\":\"https:\/\/blancfestival.com\/masterminds\/\",\"url\":\"https:\/\/blancfestival.com\/masterminds\/\",\"name\":\"Masterminds\",\"isPartOf\":{\"@id\":\"https:\/\/blancfestival.com\/#website\"},\"primaryImageOfPage\":{\"@id\":\"https:\/\/blancfestival.com\/masterminds\/#primaryimage\"},\"image\":{\"@id\":\"https:\/\/blancfestival.com\/masterminds\/#primaryimage\"},\"thumbnailUrl\":\"https:\/\/blancfestival.com\/wp-content\/uploads\/2021\/12\/thumbnail_Imagen-Blanc-LibermanPenn-1946-mayo-BrodovitchAvedon-1959-diciembre.jpg\",\"datePublished\":\"2021-12-03T10:54:44+00:00\",\"dateModified\":\"2021-12-13T16:19:38+00:00\",\"description\":\"El fot\u00f3grafo y director art\u00edstico David Urbano nos explica la relaci\u00f3n que se establece entre director de arte y fot\u00f3grafo.\",\"breadcrumb\":{\"@id\":\"https:\/\/blancfestival.com\/masterminds\/#breadcrumb\"},\"inLanguage\":\"en-US\",\"potentialAction\":[{\"@type\":\"ReadAction\",\"target\":[\"https:\/\/blancfestival.com\/masterminds\/\"]}]},{\"@type\":\"ImageObject\",\"inLanguage\":\"en-US\",\"@id\":\"https:\/\/blancfestival.com\/masterminds\/#primaryimage\",\"url\":\"https:\/\/blancfestival.com\/wp-content\/uploads\/2021\/12\/thumbnail_Imagen-Blanc-LibermanPenn-1946-mayo-BrodovitchAvedon-1959-diciembre.jpg\",\"contentUrl\":\"https:\/\/blancfestival.com\/wp-content\/uploads\/2021\/12\/thumbnail_Imagen-Blanc-LibermanPenn-1946-mayo-BrodovitchAvedon-1959-diciembre.jpg\",\"width\":1280,\"height\":843},{\"@type\":\"BreadcrumbList\",\"@id\":\"https:\/\/blancfestival.com\/masterminds\/#breadcrumb\",\"itemListElement\":[{\"@type\":\"ListItem\",\"position\":1,\"name\":\"Portada\",\"item\":\"https:\/\/blancfestival.com\/en\/\"},{\"@type\":\"ListItem\",\"position\":2,\"name\":\"Masterminds\"}]},{\"@type\":\"WebSite\",\"@id\":\"https:\/\/blancfestival.com\/#website\",\"url\":\"https:\/\/blancfestival.com\/\",\"name\":\"Blanc! Festival\",\"description\":\"Dise\u00f1o, Creatividad e Innovaci\u00f3n\",\"publisher\":{\"@id\":\"https:\/\/blancfestival.com\/#organization\"},\"potentialAction\":[{\"@type\":\"SearchAction\",\"target\":{\"@type\":\"EntryPoint\",\"urlTemplate\":\"https:\/\/blancfestival.com\/?s={search_term_string}\"},\"query-input\":{\"@type\":\"PropertyValueSpecification\",\"valueRequired\":true,\"valueName\":\"search_term_string\"}}],\"inLanguage\":\"en-US\"},{\"@type\":\"Organization\",\"@id\":\"https:\/\/blancfestival.com\/#organization\",\"name\":\"Blanc! Festival de Dise\u00f1o, Creatividad e Innovaci\u00f3n\",\"url\":\"https:\/\/blancfestival.com\/\",\"logo\":{\"@type\":\"ImageObject\",\"inLanguage\":\"en-US\",\"@id\":\"https:\/\/blancfestival.com\/#\/schema\/logo\/image\/\",\"url\":\"https:\/\/blancfestival.com\/wp-content\/uploads\/2025\/01\/logo_icono_blanc.jpg\",\"contentUrl\":\"https:\/\/blancfestival.com\/wp-content\/uploads\/2025\/01\/logo_icono_blanc.jpg\",\"width\":2000,\"height\":2000,\"caption\":\"Blanc! Festival de Dise\u00f1o, Creatividad e Innovaci\u00f3n\"},\"image\":{\"@id\":\"https:\/\/blancfestival.com\/#\/schema\/logo\/image\/\"},\"sameAs\":[\"https:\/\/www.facebook.com\/blanc.festivaldissenygrafic\/\",\"https:\/\/x.com\/blancfest\",\"https:\/\/www.instagram.com\/blancfest\/\",\"https:\/\/www.linkedin.com\/company\/blanc-festival\",\"https:\/\/www.pinterest.com\/blancfest\/\",\"https:\/\/www.youtube.com\/channel\/UCM-IjxOFb5gQg4yPgmze3Gg\"]},{\"@type\":\"Person\",\"@id\":\"https:\/\/blancfestival.com\/#\/schema\/person\/0cb282cb62b3c33387f9325bced858cc\",\"name\":\"David Urbano\",\"image\":{\"@type\":\"ImageObject\",\"inLanguage\":\"en-US\",\"@id\":\"https:\/\/blancfestival.com\/#\/schema\/person\/image\/\",\"url\":\"https:\/\/blancfestival.com\/wp-content\/uploads\/2021\/12\/david-urbano-120x120.jpg\",\"contentUrl\":\"https:\/\/blancfestival.com\/wp-content\/uploads\/2021\/12\/david-urbano-120x120.jpg\",\"caption\":\"David Urbano\"},\"description\":\"Fot\u00f3grafo, director creativo y director del M\u00e1ster en Estilismo en Moda, Publicidad y Medios Audiovisuales en LCI Barcelona.\",\"sameAs\":[\"https:\/\/www.lcibarcelona.com\/escuela-de-moda-felicidad-duce\/master-en-estilismo-de-moda\"]}]}<\/script>\n<!-- \/ Yoast SEO plugin. -->","yoast_head_json":{"title":"Masterminds","description":"El fot\u00f3grafo y director art\u00edstico David Urbano nos explica la relaci\u00f3n que se establece entre director de arte y fot\u00f3grafo.","robots":{"index":"index","follow":"follow","max-snippet":"max-snippet:-1","max-image-preview":"max-image-preview:large","max-video-preview":"max-video-preview:-1"},"canonical":"https:\/\/blancfestival.com\/masterminds\/","og_locale":"en_US","og_type":"article","og_title":"Masterminds","og_description":"El fot\u00f3grafo y director art\u00edstico David Urbano nos explica la relaci\u00f3n que se establece entre director de arte y fot\u00f3grafo.","og_url":"https:\/\/blancfestival.com\/masterminds\/","og_site_name":"Blanc!","article_publisher":"https:\/\/www.facebook.com\/blanc.festivaldissenygrafic\/","article_published_time":"2021-12-03T10:54:44+00:00","article_modified_time":"2021-12-13T16:19:38+00:00","og_image":[{"width":1280,"height":843,"url":"https:\/\/blancfestival.com\/wp-content\/uploads\/2021\/12\/thumbnail_Imagen-Blanc-LibermanPenn-1946-mayo-BrodovitchAvedon-1959-diciembre.jpg","type":"image\/jpeg"}],"author":"David Urbano","twitter_card":"summary_large_image","twitter_creator":"@blancfest","twitter_site":"@blancfest","twitter_misc":{"Written by":"David Urbano","Est. reading time":"3 minutes"},"schema":{"@context":"https:\/\/schema.org","@graph":[{"@type":"Article","@id":"https:\/\/blancfestival.com\/masterminds\/#article","isPartOf":{"@id":"https:\/\/blancfestival.com\/masterminds\/"},"author":{"name":"David Urbano","@id":"https:\/\/blancfestival.com\/#\/schema\/person\/0cb282cb62b3c33387f9325bced858cc"},"headline":"Masterminds","datePublished":"2021-12-03T10:54:44+00:00","dateModified":"2021-12-13T16:19:38+00:00","mainEntityOfPage":{"@id":"https:\/\/blancfestival.com\/masterminds\/"},"wordCount":610,"commentCount":0,"publisher":{"@id":"https:\/\/blancfestival.com\/#organization"},"image":{"@id":"https:\/\/blancfestival.com\/masterminds\/#primaryimage"},"thumbnailUrl":"https:\/\/blancfestival.com\/wp-content\/uploads\/2021\/12\/thumbnail_Imagen-Blanc-LibermanPenn-1946-mayo-BrodovitchAvedon-1959-diciembre.jpg","articleSection":["Creatividad","Destacado en Home","Dise\u00f1o Gr\u00e1fico"],"inLanguage":"en-US","potentialAction":[{"@type":"CommentAction","name":"Comment","target":["https:\/\/blancfestival.com\/masterminds\/#respond"]}]},{"@type":"WebPage","@id":"https:\/\/blancfestival.com\/masterminds\/","url":"https:\/\/blancfestival.com\/masterminds\/","name":"Masterminds","isPartOf":{"@id":"https:\/\/blancfestival.com\/#website"},"primaryImageOfPage":{"@id":"https:\/\/blancfestival.com\/masterminds\/#primaryimage"},"image":{"@id":"https:\/\/blancfestival.com\/masterminds\/#primaryimage"},"thumbnailUrl":"https:\/\/blancfestival.com\/wp-content\/uploads\/2021\/12\/thumbnail_Imagen-Blanc-LibermanPenn-1946-mayo-BrodovitchAvedon-1959-diciembre.jpg","datePublished":"2021-12-03T10:54:44+00:00","dateModified":"2021-12-13T16:19:38+00:00","description":"El fot\u00f3grafo y director art\u00edstico David Urbano nos explica la relaci\u00f3n que se establece entre director de arte y fot\u00f3grafo.","breadcrumb":{"@id":"https:\/\/blancfestival.com\/masterminds\/#breadcrumb"},"inLanguage":"en-US","potentialAction":[{"@type":"ReadAction","target":["https:\/\/blancfestival.com\/masterminds\/"]}]},{"@type":"ImageObject","inLanguage":"en-US","@id":"https:\/\/blancfestival.com\/masterminds\/#primaryimage","url":"https:\/\/blancfestival.com\/wp-content\/uploads\/2021\/12\/thumbnail_Imagen-Blanc-LibermanPenn-1946-mayo-BrodovitchAvedon-1959-diciembre.jpg","contentUrl":"https:\/\/blancfestival.com\/wp-content\/uploads\/2021\/12\/thumbnail_Imagen-Blanc-LibermanPenn-1946-mayo-BrodovitchAvedon-1959-diciembre.jpg","width":1280,"height":843},{"@type":"BreadcrumbList","@id":"https:\/\/blancfestival.com\/masterminds\/#breadcrumb","itemListElement":[{"@type":"ListItem","position":1,"name":"Portada","item":"https:\/\/blancfestival.com\/en\/"},{"@type":"ListItem","position":2,"name":"Masterminds"}]},{"@type":"WebSite","@id":"https:\/\/blancfestival.com\/#website","url":"https:\/\/blancfestival.com\/","name":"Blanc! Festival","description":"Dise\u00f1o, Creatividad e Innovaci\u00f3n","publisher":{"@id":"https:\/\/blancfestival.com\/#organization"},"potentialAction":[{"@type":"SearchAction","target":{"@type":"EntryPoint","urlTemplate":"https:\/\/blancfestival.com\/?s={search_term_string}"},"query-input":{"@type":"PropertyValueSpecification","valueRequired":true,"valueName":"search_term_string"}}],"inLanguage":"en-US"},{"@type":"Organization","@id":"https:\/\/blancfestival.com\/#organization","name":"Blanc! Festival de Dise\u00f1o, Creatividad e Innovaci\u00f3n","url":"https:\/\/blancfestival.com\/","logo":{"@type":"ImageObject","inLanguage":"en-US","@id":"https:\/\/blancfestival.com\/#\/schema\/logo\/image\/","url":"https:\/\/blancfestival.com\/wp-content\/uploads\/2025\/01\/logo_icono_blanc.jpg","contentUrl":"https:\/\/blancfestival.com\/wp-content\/uploads\/2025\/01\/logo_icono_blanc.jpg","width":2000,"height":2000,"caption":"Blanc! Festival de Dise\u00f1o, Creatividad e Innovaci\u00f3n"},"image":{"@id":"https:\/\/blancfestival.com\/#\/schema\/logo\/image\/"},"sameAs":["https:\/\/www.facebook.com\/blanc.festivaldissenygrafic\/","https:\/\/x.com\/blancfest","https:\/\/www.instagram.com\/blancfest\/","https:\/\/www.linkedin.com\/company\/blanc-festival","https:\/\/www.pinterest.com\/blancfest\/","https:\/\/www.youtube.com\/channel\/UCM-IjxOFb5gQg4yPgmze3Gg"]},{"@type":"Person","@id":"https:\/\/blancfestival.com\/#\/schema\/person\/0cb282cb62b3c33387f9325bced858cc","name":"David Urbano","image":{"@type":"ImageObject","inLanguage":"en-US","@id":"https:\/\/blancfestival.com\/#\/schema\/person\/image\/","url":"https:\/\/blancfestival.com\/wp-content\/uploads\/2021\/12\/david-urbano-120x120.jpg","contentUrl":"https:\/\/blancfestival.com\/wp-content\/uploads\/2021\/12\/david-urbano-120x120.jpg","caption":"David Urbano"},"description":"Fot\u00f3grafo, director creativo y director del M\u00e1ster en Estilismo en Moda, Publicidad y Medios Audiovisuales en LCI Barcelona.","sameAs":["https:\/\/www.lcibarcelona.com\/escuela-de-moda-felicidad-duce\/master-en-estilismo-de-moda"]}]}},"_links":{"self":[{"href":"https:\/\/blancfestival.com\/en\/wp-json\/wp\/v2\/posts\/7488","targetHints":{"allow":["GET"]}}],"collection":[{"href":"https:\/\/blancfestival.com\/en\/wp-json\/wp\/v2\/posts"}],"about":[{"href":"https:\/\/blancfestival.com\/en\/wp-json\/wp\/v2\/types\/post"}],"author":[{"embeddable":true,"href":"https:\/\/blancfestival.com\/en\/wp-json\/wp\/v2\/users\/20"}],"replies":[{"embeddable":true,"href":"https:\/\/blancfestival.com\/en\/wp-json\/wp\/v2\/comments?post=7488"}],"version-history":[{"count":9,"href":"https:\/\/blancfestival.com\/en\/wp-json\/wp\/v2\/posts\/7488\/revisions"}],"predecessor-version":[{"id":7559,"href":"https:\/\/blancfestival.com\/en\/wp-json\/wp\/v2\/posts\/7488\/revisions\/7559"}],"wp:featuredmedia":[{"embeddable":true,"href":"https:\/\/blancfestival.com\/en\/wp-json\/wp\/v2\/media\/7489"}],"wp:attachment":[{"href":"https:\/\/blancfestival.com\/en\/wp-json\/wp\/v2\/media?parent=7488"}],"wp:term":[{"taxonomy":"category","embeddable":true,"href":"https:\/\/blancfestival.com\/en\/wp-json\/wp\/v2\/categories?post=7488"},{"taxonomy":"post_tag","embeddable":true,"href":"https:\/\/blancfestival.com\/en\/wp-json\/wp\/v2\/tags?post=7488"},{"taxonomy":"evento","embeddable":true,"href":"https:\/\/blancfestival.com\/en\/wp-json\/wp\/v2\/evento?post=7488"}],"curies":[{"name":"wp","href":"https:\/\/api.w.org\/{rel}","templated":true}]}}