{"id":7645,"date":"2022-02-27T20:40:24","date_gmt":"2022-02-27T19:40:24","guid":{"rendered":"https:\/\/blancfestival.com\/?p=7645"},"modified":"2022-03-10T16:56:39","modified_gmt":"2022-03-10T15:56:39","slug":"mandar-vs-liderar-2-las-dinamicas-de-grupo","status":"publish","type":"post","link":"https:\/\/blancfestival.com\/en\/mandar-vs-liderar-2-las-dinamicas-de-grupo\/","title":{"rendered":"Mandar vs liderar 2: Las din\u00e1micas de grupo"},"content":{"rendered":"<p>En un <a href=\"https:\/\/blancfestival.com\/sense-categoria\/mandar-vs-liderar\/\">art\u00edculo previo<\/a> present\u00e9 el <strong>imaginario colectivo<\/strong> que tenemos alrededor de la figura del l\u00edder y del <strong>liderazgo<\/strong>. Tambi\u00e9n introduc\u00eda el problema de dejarlo todo a manos de ese rol, como si los que formamos parte de un equipo no pudi\u00e9ramos aportar nada de nada.<\/p>\n<p>Seg\u00fan ese imaginario colectivo le pedimos al buen l\u00edder que sea buena persona. Sin embargo, y siguiendo <a href=\"https:\/\/www.andresperezortega.com\/2021\/03\/personalidad-los-buenos-jefes-tienen-que-ser-buenas-personas-o-no.html?utm_campaign=shareaholic&amp;amp;utm_medium=linkedin&amp;amp;utm_source=socialnetwork\">este art\u00edculo de Andr\u00e9s P\u00e9rez Ortega<\/a>, probablemente habr\u00e1 circunstancias y situaciones en las que la bondad ser\u00e1 m\u00e1s bien un estorbo. En todo caso, incluso las buenas personas cometen errores.<\/p>\n<p>Me comentaba el dise\u00f1ador Javier Pereda, del estudio Esiete, que evidentemente un l\u00edder, si no es aupado por un equipo, ya puede tener las mejores ideas, las mejores propuestas, las mejores iniciativas\u2026 que no va a llegar muy lejos.<\/p>\n<p>Y aqu\u00ed entra otro asunto que desde la psicolog\u00eda social se ha investigado: son las <strong>din\u00e1micas de grupo<\/strong>. Empez\u00f3 a investigarlo el psic\u00f3logo alem\u00e1n <strong>Kurt Lewin<\/strong>, que debido a su origen jud\u00edo tuvo que emigrar a los EUA cuando la Alemania Nazi.<\/p>\n<p><img loading=\"lazy\" decoding=\"async\" class=\"aligncenter wp-image-7654 size-full\" src=\"https:\/\/blancfestival.com\/wp-content\/uploads\/2022\/02\/lego-1044891_1920.jpg\" alt=\"\" width=\"1920\" height=\"1080\" srcset=\"https:\/\/blancfestival.com\/wp-content\/uploads\/2022\/02\/lego-1044891_1920.jpg 1920w, https:\/\/blancfestival.com\/wp-content\/uploads\/2022\/02\/lego-1044891_1920-250x141.jpg 250w, https:\/\/blancfestival.com\/wp-content\/uploads\/2022\/02\/lego-1044891_1920-700x394.jpg 700w, https:\/\/blancfestival.com\/wp-content\/uploads\/2022\/02\/lego-1044891_1920-768x432.jpg 768w, https:\/\/blancfestival.com\/wp-content\/uploads\/2022\/02\/lego-1044891_1920-1536x864.jpg 1536w, https:\/\/blancfestival.com\/wp-content\/uploads\/2022\/02\/lego-1044891_1920-120x68.jpg 120w\" sizes=\"auto, (max-width: 1920px) 100vw, 1920px\" \/><\/p>\n<p>&nbsp;<\/p>\n<h2>El comportamiento din\u00e1mico<\/h2>\n<p>Lewin afirmaba que es imposible conocer el comportamiento humano fuera de su entorno y ambiente.<\/p>\n<p>La <strong>conducta<\/strong> debe entenderse como un grupo de variables interdependientes, que forman un campo din\u00e1mico. Las <strong>relaciones<\/strong> entre las fuerzas sociales externas (el grupo) y las necesidades o motivaciones internas (individuo) producen una tensi\u00f3n bilateral. El cambio en un individuo afecta al resto del grupo. El grupo influye en cada uno de los individuos que lo conforman.<\/p>\n<p>En tiempos como los actuales, en los que predomina el<strong> Culto al Yo<\/strong>, la idea de poder estar siendo afectado por los otros o el ambiente puede provocar la risa a m\u00e1s de uno. Pero veamos m\u00e1s a fondo las conclusiones de Lewin.<\/p>\n<p>&nbsp;<\/p>\n<h2>Entre el miedo y la aceptaci\u00f3n<\/h2>\n<p>Cada vez que entramos por la puerta de un lugar y grupo nuevos, vamos con nuestros recuerdos de experiencias previas. No ir\u00e9 de la misma manera si he sufrido acoso escolar, por ejemplo. De hecho, a cualquiera m\u00e1s o menos se le mueven 2 asuntos:<\/p>\n<ul>\n<li>cierta necesidad de ser <strong>aceptado<\/strong> por el grupo<\/li>\n<li>miedo ante la expectativa de ser <strong>rechazado<\/strong><\/li>\n<\/ul>\n<p>Y es con estas dos realidades que nos enfrentamos a ese nuevo grupo.<\/p>\n<p>No olvidemos que los sapiens somos seres sociales. Necesitamos a los otros. As\u00ed que <strong>hay un instinto muy profundo de pertenencia<\/strong>. En su opuesto, el ostracismo es una condena a la muerte social de cualquier persona.<\/p>\n<p>La excelente pel\u00edcula de Clint Eastwood Richard Jewell refleja a la perfecci\u00f3n qu\u00e9 ocurre cuando un grupo de personas decide apartar de la sociedad a una persona a partir de conjeturas. \u00bfCu\u00e1ntos de nosotros, yoes del mundo, encajar\u00edamos ese rechazo masivo?<\/p>\n<p>&nbsp;<\/p>\n<h2>La estructura grupal<\/h2>\n<p>Cualquier grupo va a constar de miembros, subgrupos, normas y roles.<\/p>\n<p>Los <strong>miembros formalmente comparten los mismos objetivos, pero habitualmente tienen distintas expectativas<\/strong>. Por ejemplo, si empiezo un curso de algo, yo y el resto de estudiantes compartiremos los objetivos de aprender y acabar la formaci\u00f3n. Pero probablemente esperaremos cosas diferentes del curso o incluso nos veremos haciendo trabajos distintos una vez finalizado.<\/p>\n<p>Entre los miembros del grupo los hay m\u00e1s racionales, otros son m\u00e1s emocionales y otros instintivos. Si vas a parar a un grupo con un elevado porcentaje de personas emocionales y t\u00fa eres m\u00e1s mental, vas a sentirte probablemente un poco fuera de lugar.<\/p>\n<p>Por otro lado, <strong>los subgrupos son inevitables<\/strong>. Se forman por simetr\u00eda (por edad, nivel socioecon\u00f3mico, cultural, actitudes, valores, etc.) y aportan seguridad: es un refugio ante la intemperie grupal.<\/p>\n<p>El subgrupo tiende a frecuentarse fuera del espacio de trabajo. En esos encuentros fuera de, es inevitable acabar hablando del trabajo y all\u00ed se comparten \/ originan cr\u00edticas, envidias, chismorreos, bulos, etc. Y esto acaba repercutiendo en la din\u00e1mica grupal.<\/p>\n<p><img loading=\"lazy\" decoding=\"async\" class=\"aligncenter wp-image-7661 size-full\" src=\"https:\/\/blancfestival.com\/wp-content\/uploads\/2022\/02\/sunset-2295685_1920.jpg\" alt=\"\" width=\"1920\" height=\"1080\" srcset=\"https:\/\/blancfestival.com\/wp-content\/uploads\/2022\/02\/sunset-2295685_1920.jpg 1920w, https:\/\/blancfestival.com\/wp-content\/uploads\/2022\/02\/sunset-2295685_1920-250x141.jpg 250w, https:\/\/blancfestival.com\/wp-content\/uploads\/2022\/02\/sunset-2295685_1920-700x394.jpg 700w, https:\/\/blancfestival.com\/wp-content\/uploads\/2022\/02\/sunset-2295685_1920-768x432.jpg 768w, https:\/\/blancfestival.com\/wp-content\/uploads\/2022\/02\/sunset-2295685_1920-1536x864.jpg 1536w, https:\/\/blancfestival.com\/wp-content\/uploads\/2022\/02\/sunset-2295685_1920-120x68.jpg 120w\" sizes=\"auto, (max-width: 1920px) 100vw, 1920px\" \/><\/p>\n<p>&nbsp;<\/p>\n<h2>Las normas<\/h2>\n<p>Por otro lado, cualquier actividad colectiva necesita un m\u00ednimo de normas o <strong>acuerdos de convivencia<\/strong> y de funcionamiento. Son inevitables. Cada vez que un grupo de personas se juntan para hacer algo, primero tienen que decir c\u00f3mo se organizan. As\u00ed se generan 2 tipos de normas:<\/p>\n<p>-Las <strong>expl\u00edcitas<\/strong>. Acostumbran a recogerse por escrito o se verbalizan. Como ejemplos encontramos la prohibici\u00f3n de agresi\u00f3n f\u00edsica, la puntualidad, la asistencia, etc.<br \/>\n-Las <strong>impl\u00edcitas<\/strong>. \u00c9stas son m\u00e1s complicadas de captar, aunque inciden de lleno en las din\u00e1micas grupales porque gestionan las actitudes aceptables e inaceptables dentro del grupo y todo aquello que est\u00e1 permitido, castigado, rechazado o prohibido. Un ejemplo que puede parecer tonto y que cada d\u00eda respetamos: cuando vamos en un transporte p\u00fablico, m\u00e1s o menos fingimos ignorarnos los unos a los otros. Prueba a entrar en el vag\u00f3n de metro y qu\u00e9date mirando a un conciudadano\/a. Ya me contar\u00e1s qu\u00e9 ocurre.<\/p>\n<p>Las normas, aunque son necesarias, pueden tener una vertiente negativa. En concreto, una fuerte presi\u00f3n hacia la <strong>uniformidad<\/strong>, la p\u00e9rdida de la individualidad, el <strong>conformismo<\/strong>, incluso el favorecimiento del control social hasta extremos graves que atenten contra la igualdad de sus miembros o la integridad f\u00edsica.<\/p>\n<p>&nbsp;<\/p>\n<h2>Roles<\/h2>\n<p>Dentro de un grupo, te guste o no, acabas ocupando un <strong>rol<\/strong>. Y el rol hace referencia a la <strong>conducta<\/strong> o a la expectativa de conducta que tanto t\u00fa como los otros tienen. Por ejemplo, se esperar\u00e1 que el miembro m\u00e1s valiente intervenga en una situaci\u00f3n, denunci\u00e1ndola.<\/p>\n<p>Es interesante la etimolog\u00eda del t\u00e9rmino. Rol proviene del lat\u00edn <em>rotulus<\/em>, y remite a la tradici\u00f3n teatral. El <em>rotulus<\/em> era el rollo de pergamino que conten\u00eda el texto del actor. As\u00ed que, tirando del hilo literal, el rol comporta unas caracter\u00edsticas que, a su vez, implican unas actitudes. F\u00edjate las confusiones que crea el personaje de Ricky Gervais en <em>The office<\/em> al tratar de ir de jefe-colega.<\/p>\n<p>Otro ejemplo, que explica como uno se imbuye de rol sin quererlo especialmente, lo puedes encontrar en la pel\u00edcula <em>El experimento de la prisi\u00f3n de Stanford<\/em>. En este experimento, unos estudiantes fueron escogidos aleatoriamente para hacer el papel de prisioneros y otros de guardias. El experimento que deb\u00eda durar 2 semanas, se tuvo que abortar a los 4 d\u00edas.<\/p>\n<p>Rol y estatus se tocan aunque no son lo mismo. El <strong>estatus<\/strong> es la posici\u00f3n que ocupa un individuo en un sistema social determinado.<\/p>\n<p>Un tema debatido y no resuelto en psicolog\u00eda es qu\u00e9 es lo que tiene m\u00e1s peso en la generaci\u00f3n del rol: \u00bflos aspectos personales o los sociales? Algunos opinan que tendemos a repetir roles generados en el seno familiar. Lewin dec\u00eda que los roles est\u00e1n en funci\u00f3n de las expectativas de los miembros adem\u00e1s de los objetivos y necesidades del grupo.<\/p>\n<p>Aunque uno puede tener tendencia a un rol, debido a sus vivencias y caracter\u00edsticas personales, se genera por interdependencia: nos pone en contacto con el otro y nos definimos en relaci\u00f3n al otro. No existe \u201chijo\u201d sin \u201cpadres\u201d ni \u201cesposa\u201d sin \u201cmarido\u201d, etc.<\/p>\n<p><img loading=\"lazy\" decoding=\"async\" class=\"aligncenter wp-image-7667 size-full\" src=\"https:\/\/blancfestival.com\/wp-content\/uploads\/2022\/02\/turkey-1104206_1920.jpg\" alt=\"\" width=\"1920\" height=\"1280\" srcset=\"https:\/\/blancfestival.com\/wp-content\/uploads\/2022\/02\/turkey-1104206_1920.jpg 1920w, https:\/\/blancfestival.com\/wp-content\/uploads\/2022\/02\/turkey-1104206_1920-250x167.jpg 250w, https:\/\/blancfestival.com\/wp-content\/uploads\/2022\/02\/turkey-1104206_1920-700x467.jpg 700w, https:\/\/blancfestival.com\/wp-content\/uploads\/2022\/02\/turkey-1104206_1920-768x512.jpg 768w, https:\/\/blancfestival.com\/wp-content\/uploads\/2022\/02\/turkey-1104206_1920-1536x1024.jpg 1536w, https:\/\/blancfestival.com\/wp-content\/uploads\/2022\/02\/turkey-1104206_1920-120x80.jpg 120w, https:\/\/blancfestival.com\/wp-content\/uploads\/2022\/02\/turkey-1104206_1920-272x182.jpg 272w\" sizes=\"auto, (max-width: 1920px) 100vw, 1920px\" \/><\/p>\n<p>&nbsp;<\/p>\n<h2>\u00a0Tipos de roles<\/h2>\n<p>Por otro lado, se han definido distintos tipos de roles. Algunos ejemplos son:<\/p>\n<p><strong>Operativos<\/strong>: enfocados en la tarea, en los objetivos.<\/p>\n<ul>\n<li>El buscador de informaci\u00f3n: pregunta, aclara, obtiene datos.<\/li>\n<li>El coordinador: relaciona las diferentes ideas, sintetiza y organiza las opiniones.<\/li>\n<li>El cr\u00edtico: cuestiona, hace sugerencias y valora los objetivos seg\u00fan su utilidad para conseguir los resultados.<\/li>\n<\/ul>\n<p><strong>De mantenimiento<\/strong>: enfocados a la conservaci\u00f3n de un ambiente<\/p>\n<ul>\n<li>Conciliador o mediador: pone paz, calma \u00e1nimos, evita conflicto<\/li>\n<li>El expresivo emocional: pone emoci\u00f3n cuando otro intelectualiza<\/li>\n<li>El materno: da consuelo, conforta<\/li>\n<\/ul>\n<p><strong>Roles especiales<\/strong><\/p>\n<ul>\n<li>El chivo expiatorio: escogido por el grupo como blanco al que proyectarle los conflictos negados. Dicho de otro modo, en lugar de lidiar con los asuntos conflictivos entre nosotros, escogemos a uno que hace del cubo de la basura.<\/li>\n<li>El que se a\u00edsla: se siente excluido y se autoexcluye, adopta el papel de observador, aparenta ser poco participativo.<\/li>\n<li>El exhibicionista o corista: al contrario del anterior, es alguien con dotes de seductor, acaparador de atenci\u00f3n&#8230; puede llegar a resultar irritante si insiste mucho en eso de acaparar la atenci\u00f3n.<\/li>\n<li>El saboteador: intenta demoler el grupo, boicotearlo. Persona con rabia acumulada.<\/li>\n<li>El ayudador: se recorre a \u00e9l porque siempre est\u00e1 dispuesto a echar un cable como explicar alguna cosa que no se ha entendido, prestar apuntes, etc.<\/li>\n<li>El payaso: siempre de buen humor, el que hace re\u00edr, explica chistes&#8230; puede llegar a resultar pesado o decir una broma cuando no toca.<\/li>\n<li>Y por supuesto, otro rol especial es el de l\u00edder.<\/li>\n<\/ul>\n<p>&nbsp;<\/p>\n<h2><strong>Bidireccionalidad<\/strong><\/h2>\n<p>Por lo tanto, la gesti\u00f3n de un grupo de personas que se ponen a trabajar juntas es algo m\u00e1s complicado que dejarlo todo en manos de un l\u00edder wonderfuliano. Se juntan personas con sus miedos, deseos, ambiciones, expectativas y todo un mundo interior que en otra ocasi\u00f3n ya describir\u00e9. Y esas personas ocupan roles.<\/p>\n<p>Adem\u00e1s, me inquieta la b\u00fasqueda de un l\u00edder fuerte que nos saque de los atolladeros. \u00bfHas visto la docuserie <em>How to become a tyrant<\/em>? Pues eso.<\/p>\n","protected":false},"excerpt":{"rendered":"En un art\u00edculo previo present\u00e9 el imaginario colectivo que tenemos alrededor de la figura del l\u00edder y del liderazgo. Tambi\u00e9n introduc\u00eda el problema de dejarlo todo a manos de ese rol, como si los que formamos parte de un equipo no pudi\u00e9ramos aportar nada de nada. Seg\u00fan ese imaginario colectivo le pedimos al buen l\u00edder&hellip;","protected":false},"author":5,"featured_media":7654,"comment_status":"open","ping_status":"open","sticky":false,"template":"","format":"standard","meta":{"_acf_changed":false,"footnotes":""},"categories":[5,1],"tags":[263,264,265,266,161,125,60],"evento":[],"class_list":["post-7645","post","type-post","status-publish","format-standard","has-post-thumbnail","hentry","category-innovacion","category-diseno-grafico","tag-lider","tag-liderar","tag-equipos","tag-teambuilding","tag-creatividad","tag-psicologia","tag-diseno"],"acf":[],"yoast_head":"<!-- This site is optimized with the Yoast SEO plugin v23.7 - https:\/\/yoast.com\/wordpress\/plugins\/seo\/ -->\n<title>Mandar vs liderar 2: Las din\u00e1micas de grupo<\/title>\n<meta name=\"robots\" content=\"index, follow, max-snippet:-1, max-image-preview:large, max-video-preview:-1\" \/>\n<link rel=\"canonical\" href=\"https:\/\/blancfestival.com\/mandar-vs-liderar-2-las-dinamicas-de-grupo\/\" \/>\n<meta property=\"og:locale\" content=\"en_US\" \/>\n<meta property=\"og:type\" content=\"article\" \/>\n<meta property=\"og:title\" content=\"Mandar vs liderar 2: Las din\u00e1micas de grupo\" \/>\n<meta property=\"og:description\" content=\"En un art\u00edculo previo present\u00e9 el imaginario colectivo que tenemos alrededor de la figura del l\u00edder y del liderazgo. Tambi\u00e9n introduc\u00eda el problema de dejarlo todo a manos de ese rol, como si los que formamos parte de un equipo no pudi\u00e9ramos aportar nada de nada. Seg\u00fan ese imaginario colectivo le pedimos al buen l\u00edder&hellip;\" \/>\n<meta property=\"og:url\" content=\"https:\/\/blancfestival.com\/mandar-vs-liderar-2-las-dinamicas-de-grupo\/\" \/>\n<meta property=\"og:site_name\" content=\"Blanc!\" \/>\n<meta property=\"article:publisher\" content=\"https:\/\/www.facebook.com\/blanc.festivaldissenygrafic\/\" \/>\n<meta property=\"article:published_time\" content=\"2022-02-27T19:40:24+00:00\" \/>\n<meta property=\"article:modified_time\" content=\"2022-03-10T15:56:39+00:00\" \/>\n<meta property=\"og:image\" content=\"https:\/\/blancfestival.com\/wp-content\/uploads\/2022\/02\/lego-1044891_1920.jpg\" \/>\n\t<meta property=\"og:image:width\" content=\"1920\" \/>\n\t<meta property=\"og:image:height\" content=\"1080\" \/>\n\t<meta property=\"og:image:type\" content=\"image\/jpeg\" \/>\n<meta name=\"author\" content=\"Lia Par\u00eds\" \/>\n<meta name=\"twitter:card\" content=\"summary_large_image\" \/>\n<meta name=\"twitter:creator\" content=\"@blancfest\" \/>\n<meta name=\"twitter:site\" content=\"@blancfest\" \/>\n<meta name=\"twitter:label1\" content=\"Written by\" \/>\n\t<meta name=\"twitter:data1\" content=\"Lia Par\u00eds\" \/>\n\t<meta name=\"twitter:label2\" content=\"Est. reading time\" \/>\n\t<meta name=\"twitter:data2\" content=\"8 minutes\" \/>\n<script type=\"application\/ld+json\" class=\"yoast-schema-graph\">{\"@context\":\"https:\/\/schema.org\",\"@graph\":[{\"@type\":\"Article\",\"@id\":\"https:\/\/blancfestival.com\/mandar-vs-liderar-2-las-dinamicas-de-grupo\/#article\",\"isPartOf\":{\"@id\":\"https:\/\/blancfestival.com\/mandar-vs-liderar-2-las-dinamicas-de-grupo\/\"},\"author\":{\"name\":\"Lia Par\u00eds\",\"@id\":\"https:\/\/blancfestival.com\/#\/schema\/person\/94e073ceca2ff39b979e89451b057c91\"},\"headline\":\"Mandar vs liderar 2: Las din\u00e1micas de grupo\",\"datePublished\":\"2022-02-27T19:40:24+00:00\",\"dateModified\":\"2022-03-10T15:56:39+00:00\",\"mainEntityOfPage\":{\"@id\":\"https:\/\/blancfestival.com\/mandar-vs-liderar-2-las-dinamicas-de-grupo\/\"},\"wordCount\":1568,\"commentCount\":0,\"publisher\":{\"@id\":\"https:\/\/blancfestival.com\/#organization\"},\"image\":{\"@id\":\"https:\/\/blancfestival.com\/mandar-vs-liderar-2-las-dinamicas-de-grupo\/#primaryimage\"},\"thumbnailUrl\":\"https:\/\/blancfestival.com\/wp-content\/uploads\/2022\/02\/lego-1044891_1920.jpg\",\"keywords\":[\"lider\",\"liderar\",\"equipos\",\"teambuilding\",\"creatividad\",\"psicolog\u00eda\",\"dise\u00f1o\"],\"articleSection\":[\"Innovaci\u00f3n\",\"Dise\u00f1o Gr\u00e1fico\"],\"inLanguage\":\"en-US\",\"potentialAction\":[{\"@type\":\"CommentAction\",\"name\":\"Comment\",\"target\":[\"https:\/\/blancfestival.com\/mandar-vs-liderar-2-las-dinamicas-de-grupo\/#respond\"]}]},{\"@type\":\"WebPage\",\"@id\":\"https:\/\/blancfestival.com\/mandar-vs-liderar-2-las-dinamicas-de-grupo\/\",\"url\":\"https:\/\/blancfestival.com\/mandar-vs-liderar-2-las-dinamicas-de-grupo\/\",\"name\":\"Mandar vs liderar 2: Las din\u00e1micas de grupo\",\"isPartOf\":{\"@id\":\"https:\/\/blancfestival.com\/#website\"},\"primaryImageOfPage\":{\"@id\":\"https:\/\/blancfestival.com\/mandar-vs-liderar-2-las-dinamicas-de-grupo\/#primaryimage\"},\"image\":{\"@id\":\"https:\/\/blancfestival.com\/mandar-vs-liderar-2-las-dinamicas-de-grupo\/#primaryimage\"},\"thumbnailUrl\":\"https:\/\/blancfestival.com\/wp-content\/uploads\/2022\/02\/lego-1044891_1920.jpg\",\"datePublished\":\"2022-02-27T19:40:24+00:00\",\"dateModified\":\"2022-03-10T15:56:39+00:00\",\"breadcrumb\":{\"@id\":\"https:\/\/blancfestival.com\/mandar-vs-liderar-2-las-dinamicas-de-grupo\/#breadcrumb\"},\"inLanguage\":\"en-US\",\"potentialAction\":[{\"@type\":\"ReadAction\",\"target\":[\"https:\/\/blancfestival.com\/mandar-vs-liderar-2-las-dinamicas-de-grupo\/\"]}]},{\"@type\":\"ImageObject\",\"inLanguage\":\"en-US\",\"@id\":\"https:\/\/blancfestival.com\/mandar-vs-liderar-2-las-dinamicas-de-grupo\/#primaryimage\",\"url\":\"https:\/\/blancfestival.com\/wp-content\/uploads\/2022\/02\/lego-1044891_1920.jpg\",\"contentUrl\":\"https:\/\/blancfestival.com\/wp-content\/uploads\/2022\/02\/lego-1044891_1920.jpg\",\"width\":1920,\"height\":1080},{\"@type\":\"BreadcrumbList\",\"@id\":\"https:\/\/blancfestival.com\/mandar-vs-liderar-2-las-dinamicas-de-grupo\/#breadcrumb\",\"itemListElement\":[{\"@type\":\"ListItem\",\"position\":1,\"name\":\"Portada\",\"item\":\"https:\/\/blancfestival.com\/en\/\"},{\"@type\":\"ListItem\",\"position\":2,\"name\":\"Mandar vs liderar 2: Las din\u00e1micas de grupo\"}]},{\"@type\":\"WebSite\",\"@id\":\"https:\/\/blancfestival.com\/#website\",\"url\":\"https:\/\/blancfestival.com\/\",\"name\":\"Blanc! Festival\",\"description\":\"Dise\u00f1o, Creatividad e Innovaci\u00f3n\",\"publisher\":{\"@id\":\"https:\/\/blancfestival.com\/#organization\"},\"potentialAction\":[{\"@type\":\"SearchAction\",\"target\":{\"@type\":\"EntryPoint\",\"urlTemplate\":\"https:\/\/blancfestival.com\/?s={search_term_string}\"},\"query-input\":{\"@type\":\"PropertyValueSpecification\",\"valueRequired\":true,\"valueName\":\"search_term_string\"}}],\"inLanguage\":\"en-US\"},{\"@type\":\"Organization\",\"@id\":\"https:\/\/blancfestival.com\/#organization\",\"name\":\"Blanc! Festival de Dise\u00f1o, Creatividad e Innovaci\u00f3n\",\"url\":\"https:\/\/blancfestival.com\/\",\"logo\":{\"@type\":\"ImageObject\",\"inLanguage\":\"en-US\",\"@id\":\"https:\/\/blancfestival.com\/#\/schema\/logo\/image\/\",\"url\":\"https:\/\/blancfestival.com\/wp-content\/uploads\/2025\/01\/logo_icono_blanc.jpg\",\"contentUrl\":\"https:\/\/blancfestival.com\/wp-content\/uploads\/2025\/01\/logo_icono_blanc.jpg\",\"width\":2000,\"height\":2000,\"caption\":\"Blanc! Festival de Dise\u00f1o, Creatividad e Innovaci\u00f3n\"},\"image\":{\"@id\":\"https:\/\/blancfestival.com\/#\/schema\/logo\/image\/\"},\"sameAs\":[\"https:\/\/www.facebook.com\/blanc.festivaldissenygrafic\/\",\"https:\/\/x.com\/blancfest\",\"https:\/\/www.instagram.com\/blancfest\/\",\"https:\/\/www.linkedin.com\/company\/blanc-festival\",\"https:\/\/www.pinterest.com\/blancfest\/\",\"https:\/\/www.youtube.com\/channel\/UCM-IjxOFb5gQg4yPgmze3Gg\"]},{\"@type\":\"Person\",\"@id\":\"https:\/\/blancfestival.com\/#\/schema\/person\/94e073ceca2ff39b979e89451b057c91\",\"name\":\"Lia Par\u00eds\",\"image\":{\"@type\":\"ImageObject\",\"inLanguage\":\"en-US\",\"@id\":\"https:\/\/blancfestival.com\/#\/schema\/person\/image\/\",\"url\":\"https:\/\/blancfestival.com\/wp-content\/uploads\/2020\/03\/DSC1788-120x120.jpg\",\"contentUrl\":\"https:\/\/blancfestival.com\/wp-content\/uploads\/2020\/03\/DSC1788-120x120.jpg\",\"caption\":\"Lia Par\u00eds\"},\"description\":\"Antrop\u00f3loga, docente, project manager y mucho m\u00e1s.\",\"sameAs\":[\"https:\/\/eulaliaparis.com\/\"]}]}<\/script>\n<!-- \/ Yoast SEO plugin. -->","yoast_head_json":{"title":"Mandar vs liderar 2: Las din\u00e1micas de grupo","robots":{"index":"index","follow":"follow","max-snippet":"max-snippet:-1","max-image-preview":"max-image-preview:large","max-video-preview":"max-video-preview:-1"},"canonical":"https:\/\/blancfestival.com\/mandar-vs-liderar-2-las-dinamicas-de-grupo\/","og_locale":"en_US","og_type":"article","og_title":"Mandar vs liderar 2: Las din\u00e1micas de grupo","og_description":"En un art\u00edculo previo present\u00e9 el imaginario colectivo que tenemos alrededor de la figura del l\u00edder y del liderazgo. Tambi\u00e9n introduc\u00eda el problema de dejarlo todo a manos de ese rol, como si los que formamos parte de un equipo no pudi\u00e9ramos aportar nada de nada. Seg\u00fan ese imaginario colectivo le pedimos al buen l\u00edder&hellip;","og_url":"https:\/\/blancfestival.com\/mandar-vs-liderar-2-las-dinamicas-de-grupo\/","og_site_name":"Blanc!","article_publisher":"https:\/\/www.facebook.com\/blanc.festivaldissenygrafic\/","article_published_time":"2022-02-27T19:40:24+00:00","article_modified_time":"2022-03-10T15:56:39+00:00","og_image":[{"width":1920,"height":1080,"url":"https:\/\/blancfestival.com\/wp-content\/uploads\/2022\/02\/lego-1044891_1920.jpg","type":"image\/jpeg"}],"author":"Lia Par\u00eds","twitter_card":"summary_large_image","twitter_creator":"@blancfest","twitter_site":"@blancfest","twitter_misc":{"Written by":"Lia Par\u00eds","Est. reading time":"8 minutes"},"schema":{"@context":"https:\/\/schema.org","@graph":[{"@type":"Article","@id":"https:\/\/blancfestival.com\/mandar-vs-liderar-2-las-dinamicas-de-grupo\/#article","isPartOf":{"@id":"https:\/\/blancfestival.com\/mandar-vs-liderar-2-las-dinamicas-de-grupo\/"},"author":{"name":"Lia Par\u00eds","@id":"https:\/\/blancfestival.com\/#\/schema\/person\/94e073ceca2ff39b979e89451b057c91"},"headline":"Mandar vs liderar 2: Las din\u00e1micas de grupo","datePublished":"2022-02-27T19:40:24+00:00","dateModified":"2022-03-10T15:56:39+00:00","mainEntityOfPage":{"@id":"https:\/\/blancfestival.com\/mandar-vs-liderar-2-las-dinamicas-de-grupo\/"},"wordCount":1568,"commentCount":0,"publisher":{"@id":"https:\/\/blancfestival.com\/#organization"},"image":{"@id":"https:\/\/blancfestival.com\/mandar-vs-liderar-2-las-dinamicas-de-grupo\/#primaryimage"},"thumbnailUrl":"https:\/\/blancfestival.com\/wp-content\/uploads\/2022\/02\/lego-1044891_1920.jpg","keywords":["lider","liderar","equipos","teambuilding","creatividad","psicolog\u00eda","dise\u00f1o"],"articleSection":["Innovaci\u00f3n","Dise\u00f1o Gr\u00e1fico"],"inLanguage":"en-US","potentialAction":[{"@type":"CommentAction","name":"Comment","target":["https:\/\/blancfestival.com\/mandar-vs-liderar-2-las-dinamicas-de-grupo\/#respond"]}]},{"@type":"WebPage","@id":"https:\/\/blancfestival.com\/mandar-vs-liderar-2-las-dinamicas-de-grupo\/","url":"https:\/\/blancfestival.com\/mandar-vs-liderar-2-las-dinamicas-de-grupo\/","name":"Mandar vs liderar 2: Las din\u00e1micas de grupo","isPartOf":{"@id":"https:\/\/blancfestival.com\/#website"},"primaryImageOfPage":{"@id":"https:\/\/blancfestival.com\/mandar-vs-liderar-2-las-dinamicas-de-grupo\/#primaryimage"},"image":{"@id":"https:\/\/blancfestival.com\/mandar-vs-liderar-2-las-dinamicas-de-grupo\/#primaryimage"},"thumbnailUrl":"https:\/\/blancfestival.com\/wp-content\/uploads\/2022\/02\/lego-1044891_1920.jpg","datePublished":"2022-02-27T19:40:24+00:00","dateModified":"2022-03-10T15:56:39+00:00","breadcrumb":{"@id":"https:\/\/blancfestival.com\/mandar-vs-liderar-2-las-dinamicas-de-grupo\/#breadcrumb"},"inLanguage":"en-US","potentialAction":[{"@type":"ReadAction","target":["https:\/\/blancfestival.com\/mandar-vs-liderar-2-las-dinamicas-de-grupo\/"]}]},{"@type":"ImageObject","inLanguage":"en-US","@id":"https:\/\/blancfestival.com\/mandar-vs-liderar-2-las-dinamicas-de-grupo\/#primaryimage","url":"https:\/\/blancfestival.com\/wp-content\/uploads\/2022\/02\/lego-1044891_1920.jpg","contentUrl":"https:\/\/blancfestival.com\/wp-content\/uploads\/2022\/02\/lego-1044891_1920.jpg","width":1920,"height":1080},{"@type":"BreadcrumbList","@id":"https:\/\/blancfestival.com\/mandar-vs-liderar-2-las-dinamicas-de-grupo\/#breadcrumb","itemListElement":[{"@type":"ListItem","position":1,"name":"Portada","item":"https:\/\/blancfestival.com\/en\/"},{"@type":"ListItem","position":2,"name":"Mandar vs liderar 2: Las din\u00e1micas de grupo"}]},{"@type":"WebSite","@id":"https:\/\/blancfestival.com\/#website","url":"https:\/\/blancfestival.com\/","name":"Blanc! Festival","description":"Dise\u00f1o, Creatividad e Innovaci\u00f3n","publisher":{"@id":"https:\/\/blancfestival.com\/#organization"},"potentialAction":[{"@type":"SearchAction","target":{"@type":"EntryPoint","urlTemplate":"https:\/\/blancfestival.com\/?s={search_term_string}"},"query-input":{"@type":"PropertyValueSpecification","valueRequired":true,"valueName":"search_term_string"}}],"inLanguage":"en-US"},{"@type":"Organization","@id":"https:\/\/blancfestival.com\/#organization","name":"Blanc! Festival de Dise\u00f1o, Creatividad e Innovaci\u00f3n","url":"https:\/\/blancfestival.com\/","logo":{"@type":"ImageObject","inLanguage":"en-US","@id":"https:\/\/blancfestival.com\/#\/schema\/logo\/image\/","url":"https:\/\/blancfestival.com\/wp-content\/uploads\/2025\/01\/logo_icono_blanc.jpg","contentUrl":"https:\/\/blancfestival.com\/wp-content\/uploads\/2025\/01\/logo_icono_blanc.jpg","width":2000,"height":2000,"caption":"Blanc! Festival de Dise\u00f1o, Creatividad e Innovaci\u00f3n"},"image":{"@id":"https:\/\/blancfestival.com\/#\/schema\/logo\/image\/"},"sameAs":["https:\/\/www.facebook.com\/blanc.festivaldissenygrafic\/","https:\/\/x.com\/blancfest","https:\/\/www.instagram.com\/blancfest\/","https:\/\/www.linkedin.com\/company\/blanc-festival","https:\/\/www.pinterest.com\/blancfest\/","https:\/\/www.youtube.com\/channel\/UCM-IjxOFb5gQg4yPgmze3Gg"]},{"@type":"Person","@id":"https:\/\/blancfestival.com\/#\/schema\/person\/94e073ceca2ff39b979e89451b057c91","name":"Lia Par\u00eds","image":{"@type":"ImageObject","inLanguage":"en-US","@id":"https:\/\/blancfestival.com\/#\/schema\/person\/image\/","url":"https:\/\/blancfestival.com\/wp-content\/uploads\/2020\/03\/DSC1788-120x120.jpg","contentUrl":"https:\/\/blancfestival.com\/wp-content\/uploads\/2020\/03\/DSC1788-120x120.jpg","caption":"Lia Par\u00eds"},"description":"Antrop\u00f3loga, docente, project manager y mucho m\u00e1s.","sameAs":["https:\/\/eulaliaparis.com\/"]}]}},"_links":{"self":[{"href":"https:\/\/blancfestival.com\/en\/wp-json\/wp\/v2\/posts\/7645","targetHints":{"allow":["GET"]}}],"collection":[{"href":"https:\/\/blancfestival.com\/en\/wp-json\/wp\/v2\/posts"}],"about":[{"href":"https:\/\/blancfestival.com\/en\/wp-json\/wp\/v2\/types\/post"}],"author":[{"embeddable":true,"href":"https:\/\/blancfestival.com\/en\/wp-json\/wp\/v2\/users\/5"}],"replies":[{"embeddable":true,"href":"https:\/\/blancfestival.com\/en\/wp-json\/wp\/v2\/comments?post=7645"}],"version-history":[{"count":17,"href":"https:\/\/blancfestival.com\/en\/wp-json\/wp\/v2\/posts\/7645\/revisions"}],"predecessor-version":[{"id":7648,"href":"https:\/\/blancfestival.com\/en\/wp-json\/wp\/v2\/posts\/7645\/revisions\/7648"}],"wp:featuredmedia":[{"embeddable":true,"href":"https:\/\/blancfestival.com\/en\/wp-json\/wp\/v2\/media\/7654"}],"wp:attachment":[{"href":"https:\/\/blancfestival.com\/en\/wp-json\/wp\/v2\/media?parent=7645"}],"wp:term":[{"taxonomy":"category","embeddable":true,"href":"https:\/\/blancfestival.com\/en\/wp-json\/wp\/v2\/categories?post=7645"},{"taxonomy":"post_tag","embeddable":true,"href":"https:\/\/blancfestival.com\/en\/wp-json\/wp\/v2\/tags?post=7645"},{"taxonomy":"evento","embeddable":true,"href":"https:\/\/blancfestival.com\/en\/wp-json\/wp\/v2\/evento?post=7645"}],"curies":[{"name":"wp","href":"https:\/\/api.w.org\/{rel}","templated":true}]}}