{"id":7680,"date":"2022-03-01T11:29:50","date_gmt":"2022-03-01T10:29:50","guid":{"rendered":"https:\/\/blancfestival.com\/?p=7680"},"modified":"2022-03-01T11:30:05","modified_gmt":"2022-03-01T10:30:05","slug":"volver-a-conectar","status":"publish","type":"post","link":"https:\/\/blancfestival.com\/en\/volver-a-conectar\/","title":{"rendered":"Volver a conectar"},"content":{"rendered":"<p>En una visita que Ra\u00fal y yo hicimos a la casa\/estudio de Pla-Narbona, en el a\u00f1o 2015, mientras nos mostraba parte de su obra nos detuvimos en una de las \u00faltimas pinturas que hab\u00eda realizado. Y por curiosidad Ra\u00fal le pregunt\u00f3 cu\u00e1nto hab\u00eda tardado en hacerla. Y Pla-Narbona contest\u00f3\u2026 \u201ctoda una vida\u201d<\/p>\n<p>Algo similar pasa con Blanc! (salvando las distancias), se podr\u00eda decir que nos lleva un a\u00f1o organizar este sarao, pero estar\u00edamos faltando a la verdad, al menos a la verdad absoluta\u2026 porque hemos tardado 13 a\u00f1os en organizar el pr\u00f3ximo Blanc! El n\u00famero 14, el m\u00e1s especial si cabe, el m\u00e1s bonito, y el m\u00e1s experiencial.<\/p>\n<p>&#8211; Volvemos a los or\u00edgenes, volvemos a conectar<br \/>\n&#8211; Con toda la experiencia adquirida en estos trece a\u00f1os<br \/>\n&#8211; Un nuevo espacio, m\u00e1s abierto, m\u00e1s \u00edntimo, literalmente metidos en el mar<br \/>\n&#8211; Nuevas experiencias&#8230; con excelentes vistas<br \/>\n&#8211; Mas encuentro, m\u00e1s ocio, m\u00e1s conocimiento<\/p>\n<p>&nbsp;<\/p>\n<h2>Blanc! &amp; Blanc!<\/h2>\n<p>El primer ejercicio es volver a conectar con nosotros mismos. Desde que comenzamos en el a\u00f1o 2009, el evento ha ido evolucionando y cambiando. Adapt\u00e1ndose al entorno, cambiando de espacios, de ciudad, viajando a otros lares, y visitando otras gentes.<\/p>\n<p>En el primer Blanc! fuimos 200 asistentes, y en el \u00faltimo evento presencial celebrado superamos las 1000 personas por d\u00eda.<\/p>\n<p>Luego vino la pandemia, y lejos de hacer una pausa y parar, Blanc! sigui\u00f3, porque lo necesitaba, porque es parte de nosotros, parte del entorno\u2026 y si el entorno cambia, Blanc! se adapta. Y este proceso de adaptaci\u00f3n trajo cambios, porque el mundo ha cambiado, t\u00fa y yo hemos cambiado, y nos amoldamos al entorno como una burbuja de jab\u00f3n lo hace con el aire.<\/p>\n<p>&nbsp;<\/p>\n<p><img loading=\"lazy\" decoding=\"async\" width=\"700\" height=\"700\" class=\"alignnone size-full wp-image-7696\" src=\"https:\/\/blancfestival.com\/wp-content\/uploads\/2022\/03\/blanc-1.jpg\" alt=\"\" srcset=\"https:\/\/blancfestival.com\/wp-content\/uploads\/2022\/03\/blanc-1.jpg 700w, https:\/\/blancfestival.com\/wp-content\/uploads\/2022\/03\/blanc-1-250x250.jpg 250w, https:\/\/blancfestival.com\/wp-content\/uploads\/2022\/03\/blanc-1-150x150.jpg 150w, https:\/\/blancfestival.com\/wp-content\/uploads\/2022\/03\/blanc-1-120x120.jpg 120w\" sizes=\"auto, (max-width: 700px) 100vw, 700px\" \/><\/p>\n<p>&nbsp;<\/p>\n<h2>Blanc! &amp; t\u00fa<\/h2>\n<p>Es hora de volver a conectar, volver a vernos, volver a tocarnos y abrazarnos. Porque a Blanc! no s\u00f3lo venimos a aprender y ser mejores profesionales, tambi\u00e9n venimos a conectar, a encontrarnos con otras personas, con colegas de profesi\u00f3n, con amigos. Necesitamos alimentar el esp\u00edritu con el cari\u00f1o de otras personas, necesitamos dar, y tambi\u00e9n recibir.<\/p>\n<p>Siempre lo decimos, las mejores conferencias salen de una conversaci\u00f3n entre colegas de profesi\u00f3n \u00a1Cu\u00e1nto se puede aprender hablando s\u00f3lo 30\u2019 con otros profesionales!<\/p>\n<p>Por eso m\u00e1s de la mitad de los asistentes que vienen a Blanc! apenas se miran el cartel, y no es s\u00f3lo porque conf\u00edan en que haremos una buena selecci\u00f3n de contenidos, sino porque no es lo m\u00e1s importante del Blanc!, sino s\u00f3lo una parte de toda la experiencia.<\/p>\n<p>&nbsp;<\/p>\n<p><img loading=\"lazy\" decoding=\"async\" width=\"700\" height=\"467\" class=\"alignnone size-full wp-image-7693\" src=\"https:\/\/blancfestival.com\/wp-content\/uploads\/2022\/03\/blanc-2.jpg\" alt=\"\" srcset=\"https:\/\/blancfestival.com\/wp-content\/uploads\/2022\/03\/blanc-2.jpg 700w, https:\/\/blancfestival.com\/wp-content\/uploads\/2022\/03\/blanc-2-250x167.jpg 250w, https:\/\/blancfestival.com\/wp-content\/uploads\/2022\/03\/blanc-2-120x80.jpg 120w, https:\/\/blancfestival.com\/wp-content\/uploads\/2022\/03\/blanc-2-272x182.jpg 272w\" sizes=\"auto, (max-width: 700px) 100vw, 700px\" \/><\/p>\n<p>&nbsp;<\/p>\n<h2>Blanc! &amp; el entorno<\/h2>\n<p>Los que conoc\u00e9is Blanc! desde el principio, sab\u00e9is que cada 2 o 3 a\u00f1os hay cambios importantes que afectan positivamente a la evoluci\u00f3n del festival. Por eso este a\u00f1o ser\u00e1 un punto de inflexi\u00f3n en la historia del evento. Y no s\u00f3lo porque volvemos a un Blanc! presencial despu\u00e9s de 2 a\u00f1os de eventos online, sino tambi\u00e9n porque apostamos, una vez m\u00e1s, por la descentralizaci\u00f3n, por salir de las grandes urbes, por respirar aire puro (de verdad), por la desconexi\u00f3n y las tremendas ganas de volver a vernos.<\/p>\n<p>Por esta raz\u00f3n volvemos a la ciudad donde todo comenz\u00f3, Vilanova i la Geltr\u00fa (Barcelona), a s\u00f3lo 40km de Barcelona. Lo suficientemente cerca de la ciudad condal como para que no te de pereza viajar, y lo suficientemente lejos como para que no tengas que acercarte al estudio, planificar una reuni\u00f3n presencial entre conferencias, o cualquier tarea de tu vida personal o profesional que requiera de tu presencia f\u00edsica.<\/p>\n<p>&nbsp;<\/p>\n<p><img loading=\"lazy\" decoding=\"async\" width=\"700\" height=\"394\" class=\"alignnone size-full wp-image-7684\" src=\"https:\/\/blancfestival.com\/wp-content\/uploads\/2022\/03\/blanc-la-daurada-la-tintorera.jpg\" alt=\"\" srcset=\"https:\/\/blancfestival.com\/wp-content\/uploads\/2022\/03\/blanc-la-daurada-la-tintorera.jpg 700w, https:\/\/blancfestival.com\/wp-content\/uploads\/2022\/03\/blanc-la-daurada-la-tintorera-250x141.jpg 250w, https:\/\/blancfestival.com\/wp-content\/uploads\/2022\/03\/blanc-la-daurada-la-tintorera-120x68.jpg 120w\" sizes=\"auto, (max-width: 700px) 100vw, 700px\" \/><\/p>\n<p>&nbsp;<\/p>\n<h2>Blanc! &amp; La Daurada<\/h2>\n<p>Y es que no s\u00f3lo cambiamos de ciudad, sino que estrenamos un nuevo emplazamiento, en plena Costa Daurada, en pleno Mediterr\u00e1neo, rodeados de agua, aire y mucho, mucho espacio para disfrutar y gozar de la vida, de las personas, del aprendizaje continuo, de formar parte de algo m\u00e1s grande que nosotros, y de volver a conectar con las personas, con la naturaleza y con nosotros mismos.<\/p>\n<p>La Daurada es un espacio de m\u00e1s de 10.000m2 ubicado al final de un espig\u00f3n en el puerto de Vilanova i la Geltr\u00fa. Una espacio literalmente rodeado de agua, abierto al mar, y con unas vistas y una experiencia que usualmente disfrutas cuando te vas de vacaciones o haces una escapada de fin de semana. Y el resto ya lo conoces: conferencias, masterclasses, m\u00fasica en vivo, y muchas novedades que har\u00e1n que la edici\u00f3n N14 de Blanc! sea la mejor que hemos celebrado hasta el momento.<\/p>\n<p>&nbsp;<\/p>\n<p><img loading=\"lazy\" decoding=\"async\" class=\"alignnone wp-image-7690 size-full\" src=\"https:\/\/blancfestival.com\/wp-content\/uploads\/2022\/03\/blanc-la-daurada-aerea-2.jpg\" alt=\"\" width=\"700\" height=\"495\" srcset=\"https:\/\/blancfestival.com\/wp-content\/uploads\/2022\/03\/blanc-la-daurada-aerea-2.jpg 700w, https:\/\/blancfestival.com\/wp-content\/uploads\/2022\/03\/blanc-la-daurada-aerea-2-250x177.jpg 250w, https:\/\/blancfestival.com\/wp-content\/uploads\/2022\/03\/blanc-la-daurada-aerea-2-120x85.jpg 120w\" sizes=\"auto, (max-width: 700px) 100vw, 700px\" \/><\/p>\n","protected":false},"excerpt":{"rendered":"En una visita que Ra\u00fal y yo hicimos a la casa\/estudio de Pla-Narbona, en el a\u00f1o 2015, mientras nos mostraba parte de su obra nos detuvimos en una de las \u00faltimas pinturas que hab\u00eda realizado. Y por curiosidad Ra\u00fal le pregunt\u00f3 cu\u00e1nto hab\u00eda tardado en hacerla. Y Pla-Narbona contest\u00f3\u2026 \u201ctoda una vida\u201d Algo similar pasa&hellip;","protected":false},"author":1,"featured_media":7690,"comment_status":"open","ping_status":"open","sticky":false,"template":"","format":"standard","meta":{"_acf_changed":false,"footnotes":""},"categories":[3,2],"tags":[],"evento":[],"class_list":["post-7680","post","type-post","status-publish","format-standard","has-post-thumbnail","hentry","category-creatividad","category-diseno"],"acf":[],"yoast_head":"<!-- This site is optimized with the Yoast SEO plugin v23.7 - https:\/\/yoast.com\/wordpress\/plugins\/seo\/ -->\n<title>Volver a conectar<\/title>\n<meta name=\"robots\" content=\"index, follow, max-snippet:-1, max-image-preview:large, max-video-preview:-1\" \/>\n<link rel=\"canonical\" href=\"https:\/\/blancfestival.com\/volver-a-conectar\/\" \/>\n<meta property=\"og:locale\" content=\"en_US\" \/>\n<meta property=\"og:type\" content=\"article\" \/>\n<meta property=\"og:title\" content=\"Volver a conectar\" \/>\n<meta property=\"og:description\" content=\"En una visita que Ra\u00fal y yo hicimos a la casa\/estudio de Pla-Narbona, en el a\u00f1o 2015, mientras nos mostraba parte de su obra nos detuvimos en una de las \u00faltimas pinturas que hab\u00eda realizado. Y por curiosidad Ra\u00fal le pregunt\u00f3 cu\u00e1nto hab\u00eda tardado en hacerla. Y Pla-Narbona contest\u00f3\u2026 \u201ctoda una vida\u201d Algo similar pasa&hellip;\" \/>\n<meta property=\"og:url\" content=\"https:\/\/blancfestival.com\/volver-a-conectar\/\" \/>\n<meta property=\"og:site_name\" content=\"Blanc!\" \/>\n<meta property=\"article:publisher\" content=\"https:\/\/www.facebook.com\/blanc.festivaldissenygrafic\/\" \/>\n<meta property=\"article:published_time\" content=\"2022-03-01T10:29:50+00:00\" \/>\n<meta property=\"article:modified_time\" content=\"2022-03-01T10:30:05+00:00\" \/>\n<meta property=\"og:image\" content=\"https:\/\/blancfestival.com\/wp-content\/uploads\/2022\/03\/blanc-la-daurada-aerea-2.jpg\" \/>\n\t<meta property=\"og:image:width\" content=\"700\" \/>\n\t<meta property=\"og:image:height\" content=\"495\" \/>\n\t<meta property=\"og:image:type\" content=\"image\/jpeg\" \/>\n<meta name=\"author\" content=\"David D&#039;Eboli\" \/>\n<meta name=\"twitter:card\" content=\"summary_large_image\" \/>\n<meta name=\"twitter:creator\" content=\"@blancfest\" \/>\n<meta name=\"twitter:site\" content=\"@blancfest\" \/>\n<meta name=\"twitter:label1\" content=\"Written by\" \/>\n\t<meta name=\"twitter:data1\" content=\"David D&#039;Eboli\" \/>\n\t<meta name=\"twitter:label2\" content=\"Est. reading time\" \/>\n\t<meta name=\"twitter:data2\" content=\"4 minutes\" \/>\n<script type=\"application\/ld+json\" class=\"yoast-schema-graph\">{\"@context\":\"https:\/\/schema.org\",\"@graph\":[{\"@type\":\"Article\",\"@id\":\"https:\/\/blancfestival.com\/volver-a-conectar\/#article\",\"isPartOf\":{\"@id\":\"https:\/\/blancfestival.com\/volver-a-conectar\/\"},\"author\":{\"name\":\"David D'Eboli\",\"@id\":\"https:\/\/blancfestival.com\/#\/schema\/person\/ba98f9f2040d99954c0d1218e4580f7d\"},\"headline\":\"Volver a conectar\",\"datePublished\":\"2022-03-01T10:29:50+00:00\",\"dateModified\":\"2022-03-01T10:30:05+00:00\",\"mainEntityOfPage\":{\"@id\":\"https:\/\/blancfestival.com\/volver-a-conectar\/\"},\"wordCount\":798,\"commentCount\":0,\"publisher\":{\"@id\":\"https:\/\/blancfestival.com\/#organization\"},\"image\":{\"@id\":\"https:\/\/blancfestival.com\/volver-a-conectar\/#primaryimage\"},\"thumbnailUrl\":\"https:\/\/blancfestival.com\/wp-content\/uploads\/2022\/03\/blanc-la-daurada-aerea-2.jpg\",\"articleSection\":[\"Creatividad\",\"Dise\u00f1o\"],\"inLanguage\":\"en-US\",\"potentialAction\":[{\"@type\":\"CommentAction\",\"name\":\"Comment\",\"target\":[\"https:\/\/blancfestival.com\/volver-a-conectar\/#respond\"]}]},{\"@type\":\"WebPage\",\"@id\":\"https:\/\/blancfestival.com\/volver-a-conectar\/\",\"url\":\"https:\/\/blancfestival.com\/volver-a-conectar\/\",\"name\":\"Volver a conectar\",\"isPartOf\":{\"@id\":\"https:\/\/blancfestival.com\/#website\"},\"primaryImageOfPage\":{\"@id\":\"https:\/\/blancfestival.com\/volver-a-conectar\/#primaryimage\"},\"image\":{\"@id\":\"https:\/\/blancfestival.com\/volver-a-conectar\/#primaryimage\"},\"thumbnailUrl\":\"https:\/\/blancfestival.com\/wp-content\/uploads\/2022\/03\/blanc-la-daurada-aerea-2.jpg\",\"datePublished\":\"2022-03-01T10:29:50+00:00\",\"dateModified\":\"2022-03-01T10:30:05+00:00\",\"breadcrumb\":{\"@id\":\"https:\/\/blancfestival.com\/volver-a-conectar\/#breadcrumb\"},\"inLanguage\":\"en-US\",\"potentialAction\":[{\"@type\":\"ReadAction\",\"target\":[\"https:\/\/blancfestival.com\/volver-a-conectar\/\"]}]},{\"@type\":\"ImageObject\",\"inLanguage\":\"en-US\",\"@id\":\"https:\/\/blancfestival.com\/volver-a-conectar\/#primaryimage\",\"url\":\"https:\/\/blancfestival.com\/wp-content\/uploads\/2022\/03\/blanc-la-daurada-aerea-2.jpg\",\"contentUrl\":\"https:\/\/blancfestival.com\/wp-content\/uploads\/2022\/03\/blanc-la-daurada-aerea-2.jpg\",\"width\":700,\"height\":495},{\"@type\":\"BreadcrumbList\",\"@id\":\"https:\/\/blancfestival.com\/volver-a-conectar\/#breadcrumb\",\"itemListElement\":[{\"@type\":\"ListItem\",\"position\":1,\"name\":\"Portada\",\"item\":\"https:\/\/blancfestival.com\/en\/\"},{\"@type\":\"ListItem\",\"position\":2,\"name\":\"Volver a conectar\"}]},{\"@type\":\"WebSite\",\"@id\":\"https:\/\/blancfestival.com\/#website\",\"url\":\"https:\/\/blancfestival.com\/\",\"name\":\"Blanc! Festival\",\"description\":\"Dise\u00f1o, Creatividad e Innovaci\u00f3n\",\"publisher\":{\"@id\":\"https:\/\/blancfestival.com\/#organization\"},\"potentialAction\":[{\"@type\":\"SearchAction\",\"target\":{\"@type\":\"EntryPoint\",\"urlTemplate\":\"https:\/\/blancfestival.com\/?s={search_term_string}\"},\"query-input\":{\"@type\":\"PropertyValueSpecification\",\"valueRequired\":true,\"valueName\":\"search_term_string\"}}],\"inLanguage\":\"en-US\"},{\"@type\":\"Organization\",\"@id\":\"https:\/\/blancfestival.com\/#organization\",\"name\":\"Blanc! Festival de Dise\u00f1o, Creatividad e Innovaci\u00f3n\",\"url\":\"https:\/\/blancfestival.com\/\",\"logo\":{\"@type\":\"ImageObject\",\"inLanguage\":\"en-US\",\"@id\":\"https:\/\/blancfestival.com\/#\/schema\/logo\/image\/\",\"url\":\"https:\/\/blancfestival.com\/wp-content\/uploads\/2025\/01\/logo_icono_blanc.jpg\",\"contentUrl\":\"https:\/\/blancfestival.com\/wp-content\/uploads\/2025\/01\/logo_icono_blanc.jpg\",\"width\":2000,\"height\":2000,\"caption\":\"Blanc! Festival de Dise\u00f1o, Creatividad e Innovaci\u00f3n\"},\"image\":{\"@id\":\"https:\/\/blancfestival.com\/#\/schema\/logo\/image\/\"},\"sameAs\":[\"https:\/\/www.facebook.com\/blanc.festivaldissenygrafic\/\",\"https:\/\/x.com\/blancfest\",\"https:\/\/www.instagram.com\/blancfest\/\",\"https:\/\/www.linkedin.com\/company\/blanc-festival\",\"https:\/\/www.pinterest.com\/blancfest\/\",\"https:\/\/www.youtube.com\/channel\/UCM-IjxOFb5gQg4yPgmze3Gg\"]},{\"@type\":\"Person\",\"@id\":\"https:\/\/blancfestival.com\/#\/schema\/person\/ba98f9f2040d99954c0d1218e4580f7d\",\"name\":\"David D'Eboli\",\"image\":{\"@type\":\"ImageObject\",\"inLanguage\":\"en-US\",\"@id\":\"https:\/\/blancfestival.com\/#\/schema\/person\/image\/\",\"url\":\"https:\/\/blancfestival.com\/wp-content\/uploads\/2020\/01\/avatar-david-120x120.jpg\",\"contentUrl\":\"https:\/\/blancfestival.com\/wp-content\/uploads\/2020\/01\/avatar-david-120x120.jpg\",\"caption\":\"David D'Eboli\"},\"description\":\"Fundador y CEO de Blanc!\"}]}<\/script>\n<!-- \/ Yoast SEO plugin. -->","yoast_head_json":{"title":"Volver a conectar","robots":{"index":"index","follow":"follow","max-snippet":"max-snippet:-1","max-image-preview":"max-image-preview:large","max-video-preview":"max-video-preview:-1"},"canonical":"https:\/\/blancfestival.com\/volver-a-conectar\/","og_locale":"en_US","og_type":"article","og_title":"Volver a conectar","og_description":"En una visita que Ra\u00fal y yo hicimos a la casa\/estudio de Pla-Narbona, en el a\u00f1o 2015, mientras nos mostraba parte de su obra nos detuvimos en una de las \u00faltimas pinturas que hab\u00eda realizado. Y por curiosidad Ra\u00fal le pregunt\u00f3 cu\u00e1nto hab\u00eda tardado en hacerla. Y Pla-Narbona contest\u00f3\u2026 \u201ctoda una vida\u201d Algo similar pasa&hellip;","og_url":"https:\/\/blancfestival.com\/volver-a-conectar\/","og_site_name":"Blanc!","article_publisher":"https:\/\/www.facebook.com\/blanc.festivaldissenygrafic\/","article_published_time":"2022-03-01T10:29:50+00:00","article_modified_time":"2022-03-01T10:30:05+00:00","og_image":[{"width":700,"height":495,"url":"https:\/\/blancfestival.com\/wp-content\/uploads\/2022\/03\/blanc-la-daurada-aerea-2.jpg","type":"image\/jpeg"}],"author":"David D'Eboli","twitter_card":"summary_large_image","twitter_creator":"@blancfest","twitter_site":"@blancfest","twitter_misc":{"Written by":"David D'Eboli","Est. reading time":"4 minutes"},"schema":{"@context":"https:\/\/schema.org","@graph":[{"@type":"Article","@id":"https:\/\/blancfestival.com\/volver-a-conectar\/#article","isPartOf":{"@id":"https:\/\/blancfestival.com\/volver-a-conectar\/"},"author":{"name":"David D'Eboli","@id":"https:\/\/blancfestival.com\/#\/schema\/person\/ba98f9f2040d99954c0d1218e4580f7d"},"headline":"Volver a conectar","datePublished":"2022-03-01T10:29:50+00:00","dateModified":"2022-03-01T10:30:05+00:00","mainEntityOfPage":{"@id":"https:\/\/blancfestival.com\/volver-a-conectar\/"},"wordCount":798,"commentCount":0,"publisher":{"@id":"https:\/\/blancfestival.com\/#organization"},"image":{"@id":"https:\/\/blancfestival.com\/volver-a-conectar\/#primaryimage"},"thumbnailUrl":"https:\/\/blancfestival.com\/wp-content\/uploads\/2022\/03\/blanc-la-daurada-aerea-2.jpg","articleSection":["Creatividad","Dise\u00f1o"],"inLanguage":"en-US","potentialAction":[{"@type":"CommentAction","name":"Comment","target":["https:\/\/blancfestival.com\/volver-a-conectar\/#respond"]}]},{"@type":"WebPage","@id":"https:\/\/blancfestival.com\/volver-a-conectar\/","url":"https:\/\/blancfestival.com\/volver-a-conectar\/","name":"Volver a conectar","isPartOf":{"@id":"https:\/\/blancfestival.com\/#website"},"primaryImageOfPage":{"@id":"https:\/\/blancfestival.com\/volver-a-conectar\/#primaryimage"},"image":{"@id":"https:\/\/blancfestival.com\/volver-a-conectar\/#primaryimage"},"thumbnailUrl":"https:\/\/blancfestival.com\/wp-content\/uploads\/2022\/03\/blanc-la-daurada-aerea-2.jpg","datePublished":"2022-03-01T10:29:50+00:00","dateModified":"2022-03-01T10:30:05+00:00","breadcrumb":{"@id":"https:\/\/blancfestival.com\/volver-a-conectar\/#breadcrumb"},"inLanguage":"en-US","potentialAction":[{"@type":"ReadAction","target":["https:\/\/blancfestival.com\/volver-a-conectar\/"]}]},{"@type":"ImageObject","inLanguage":"en-US","@id":"https:\/\/blancfestival.com\/volver-a-conectar\/#primaryimage","url":"https:\/\/blancfestival.com\/wp-content\/uploads\/2022\/03\/blanc-la-daurada-aerea-2.jpg","contentUrl":"https:\/\/blancfestival.com\/wp-content\/uploads\/2022\/03\/blanc-la-daurada-aerea-2.jpg","width":700,"height":495},{"@type":"BreadcrumbList","@id":"https:\/\/blancfestival.com\/volver-a-conectar\/#breadcrumb","itemListElement":[{"@type":"ListItem","position":1,"name":"Portada","item":"https:\/\/blancfestival.com\/en\/"},{"@type":"ListItem","position":2,"name":"Volver a conectar"}]},{"@type":"WebSite","@id":"https:\/\/blancfestival.com\/#website","url":"https:\/\/blancfestival.com\/","name":"Blanc! Festival","description":"Dise\u00f1o, Creatividad e Innovaci\u00f3n","publisher":{"@id":"https:\/\/blancfestival.com\/#organization"},"potentialAction":[{"@type":"SearchAction","target":{"@type":"EntryPoint","urlTemplate":"https:\/\/blancfestival.com\/?s={search_term_string}"},"query-input":{"@type":"PropertyValueSpecification","valueRequired":true,"valueName":"search_term_string"}}],"inLanguage":"en-US"},{"@type":"Organization","@id":"https:\/\/blancfestival.com\/#organization","name":"Blanc! Festival de Dise\u00f1o, Creatividad e Innovaci\u00f3n","url":"https:\/\/blancfestival.com\/","logo":{"@type":"ImageObject","inLanguage":"en-US","@id":"https:\/\/blancfestival.com\/#\/schema\/logo\/image\/","url":"https:\/\/blancfestival.com\/wp-content\/uploads\/2025\/01\/logo_icono_blanc.jpg","contentUrl":"https:\/\/blancfestival.com\/wp-content\/uploads\/2025\/01\/logo_icono_blanc.jpg","width":2000,"height":2000,"caption":"Blanc! Festival de Dise\u00f1o, Creatividad e Innovaci\u00f3n"},"image":{"@id":"https:\/\/blancfestival.com\/#\/schema\/logo\/image\/"},"sameAs":["https:\/\/www.facebook.com\/blanc.festivaldissenygrafic\/","https:\/\/x.com\/blancfest","https:\/\/www.instagram.com\/blancfest\/","https:\/\/www.linkedin.com\/company\/blanc-festival","https:\/\/www.pinterest.com\/blancfest\/","https:\/\/www.youtube.com\/channel\/UCM-IjxOFb5gQg4yPgmze3Gg"]},{"@type":"Person","@id":"https:\/\/blancfestival.com\/#\/schema\/person\/ba98f9f2040d99954c0d1218e4580f7d","name":"David D'Eboli","image":{"@type":"ImageObject","inLanguage":"en-US","@id":"https:\/\/blancfestival.com\/#\/schema\/person\/image\/","url":"https:\/\/blancfestival.com\/wp-content\/uploads\/2020\/01\/avatar-david-120x120.jpg","contentUrl":"https:\/\/blancfestival.com\/wp-content\/uploads\/2020\/01\/avatar-david-120x120.jpg","caption":"David D'Eboli"},"description":"Fundador y CEO de Blanc!"}]}},"_links":{"self":[{"href":"https:\/\/blancfestival.com\/en\/wp-json\/wp\/v2\/posts\/7680","targetHints":{"allow":["GET"]}}],"collection":[{"href":"https:\/\/blancfestival.com\/en\/wp-json\/wp\/v2\/posts"}],"about":[{"href":"https:\/\/blancfestival.com\/en\/wp-json\/wp\/v2\/types\/post"}],"author":[{"embeddable":true,"href":"https:\/\/blancfestival.com\/en\/wp-json\/wp\/v2\/users\/1"}],"replies":[{"embeddable":true,"href":"https:\/\/blancfestival.com\/en\/wp-json\/wp\/v2\/comments?post=7680"}],"version-history":[{"count":4,"href":"https:\/\/blancfestival.com\/en\/wp-json\/wp\/v2\/posts\/7680\/revisions"}],"predecessor-version":[{"id":7702,"href":"https:\/\/blancfestival.com\/en\/wp-json\/wp\/v2\/posts\/7680\/revisions\/7702"}],"wp:featuredmedia":[{"embeddable":true,"href":"https:\/\/blancfestival.com\/en\/wp-json\/wp\/v2\/media\/7690"}],"wp:attachment":[{"href":"https:\/\/blancfestival.com\/en\/wp-json\/wp\/v2\/media?parent=7680"}],"wp:term":[{"taxonomy":"category","embeddable":true,"href":"https:\/\/blancfestival.com\/en\/wp-json\/wp\/v2\/categories?post=7680"},{"taxonomy":"post_tag","embeddable":true,"href":"https:\/\/blancfestival.com\/en\/wp-json\/wp\/v2\/tags?post=7680"},{"taxonomy":"evento","embeddable":true,"href":"https:\/\/blancfestival.com\/en\/wp-json\/wp\/v2\/evento?post=7680"}],"curies":[{"name":"wp","href":"https:\/\/api.w.org\/{rel}","templated":true}]}}