{"id":8739,"date":"2022-06-14T15:45:09","date_gmt":"2022-06-14T13:45:09","guid":{"rendered":"https:\/\/blancfestival.com\/?p=8739"},"modified":"2022-07-01T13:27:16","modified_gmt":"2022-07-01T11:27:16","slug":"especial-mestres-del-blanc","status":"publish","type":"post","link":"https:\/\/blancfestival.com\/en\/especial-mestres-del-blanc\/","title":{"rendered":"Especial Mestres del Blanc!"},"content":{"rendered":"<p>Mestres del Blanc! es la secci\u00f3n del festival donde homenajeamos a grandes figuras del sector del dise\u00f1o y la creatividad, historia viva de la profesi\u00f3n que fueron testigos y responsables de los or\u00edgenes de diferentes disciplinas relacionadas al dise\u00f1o y la creatividad. Dentro de este marco, organizamos una edici\u00f3n especial el pr\u00f3ximo 28 de Junio, para homenajear la figura de unos de los grandes exponentes del dise\u00f1o y la identidad gr\u00e1fica.<\/p>\n<h2><\/h2>\n<h2>Homenaje a Joan Costa \u201cEl libro es la botella del n\u00e1ufrago\u201d con la participaci\u00f3n de Albert Isern y Vicent Almi\u00f1ana<\/h2>\n<p>&nbsp;<\/p>\n<p>Desde Blanc! y con el apoyo del Museu del Disseny de Barcelona se abre un acto especial de Maestres! Un di\u00e1logo a tres voces en torno a la trayectoria de Joan Costa. Con la participaci\u00f3n de Albert Isern como experto, testigo y conocedor de su legado y con la de Vicent Almi\u00f1ana como moderador y responsable de la secci\u00f3n Mestres del Blanc!<\/p>\n<p>&nbsp;<\/p>\n<h2><a href=\"https:\/\/blancfestival.com\/ticketing\/es\/booking\/load_tickets\/113\">Entrada Gratuita siguiendo este link<\/a><\/h2>\n<p>&nbsp;<\/p>\n<p>Joan Costa (Badalona, 1926) es dise\u00f1ador, comunic\u00f3logo, investigador en diferentes \u00e1mbitos del dise\u00f1o en los aspectos te\u00f3ricos y aspectos aplicados, y muy especialmente en las metodolog\u00edas proyectuales. Autor de numerosas publicaciones y centenares de art\u00edculos sobre imagen, dise\u00f1o y comunicaci\u00f3n visual, publicando en diferentes pa\u00edses de Europa y Am\u00e9rica latina. Es un gran te\u00f3rico del dise\u00f1o espa\u00f1ol de finales del siglo XX y principio del siglo XXI. Doctor Honoris causa por la Universitat Jaume I (Espa\u00f1a); la Universidad Empresa Siglo XXI (Argentina), y la Universidad Peruana de Ciencias Aplicadas.<\/p>\n<p>En este homenaje podremos descubrir de primera mano cu\u00e1les han sido sus inquietudes y los hechos que lo han llevado a dedicar m\u00e1s de sesenta a\u00f1os de especializaci\u00f3n en dise\u00f1o, implementaci\u00f3n de programas globales de imagen y comunicaci\u00f3n corporativa para empresas privadas y para instituciones nacionales e internacionales.<\/p>\n<p>Al acabar habr\u00e1 firma de libros de Joan Costa.<br \/>\nLa localizaci\u00f3n del acto homenaje a Joan Costa es en el Disseny Hub Barcelona (Aules LM, planta -1) el martes 28 de junio de 2022 a las 18:30 h. <a href=\"https:\/\/blancfestival.com\/ticketing\/es\/booking\/load_tickets\/113\" target=\"_blank\" rel=\"nofollow noopener\">La entrada es gratuita a trav\u00e9s de la web del Blanc!. Aforo limitado.<\/a><\/p>\n<p><strong>Organiza<\/strong>: Blanc! \/ Museu del Disseny de Barcelona<br \/>\n<strong>Medio Oficial:<\/strong> Gr\u00e1ffica<br \/>\n<strong>Col\u00b7labora:<\/strong> Experimenta<\/p>\n<p>&nbsp;<\/p>\n<p><img loading=\"lazy\" decoding=\"async\" width=\"700\" height=\"524\" class=\"alignnone size-large wp-image-8741\" src=\"https:\/\/blancfestival.com\/wp-content\/uploads\/2022\/06\/joan-costa-maestro-700x524.jpg\" alt=\"\" srcset=\"https:\/\/blancfestival.com\/wp-content\/uploads\/2022\/06\/joan-costa-maestro-700x524.jpg 700w, https:\/\/blancfestival.com\/wp-content\/uploads\/2022\/06\/joan-costa-maestro-250x187.jpg 250w, https:\/\/blancfestival.com\/wp-content\/uploads\/2022\/06\/joan-costa-maestro-768x575.jpg 768w, https:\/\/blancfestival.com\/wp-content\/uploads\/2022\/06\/joan-costa-maestro-120x90.jpg 120w, https:\/\/blancfestival.com\/wp-content\/uploads\/2022\/06\/joan-costa-maestro.jpg 800w\" sizes=\"auto, (max-width: 700px) 100vw, 700px\" \/><\/p>\n","protected":false},"excerpt":{"rendered":"Mestres del Blanc! es la secci\u00f3n del festival donde homenajeamos a grandes figuras del sector del dise\u00f1o y la creatividad, historia viva de la profesi\u00f3n que fueron testigos y responsables de los or\u00edgenes de diferentes disciplinas relacionadas al dise\u00f1o y la creatividad. Dentro de este marco, organizamos una edici\u00f3n especial el pr\u00f3ximo 28 de Junio,&hellip;","protected":false},"author":3,"featured_media":8744,"comment_status":"open","ping_status":"open","sticky":false,"template":"","format":"standard","meta":{"_acf_changed":false,"footnotes":""},"categories":[1],"tags":[],"evento":[],"class_list":["post-8739","post","type-post","status-publish","format-standard","has-post-thumbnail","hentry","category-diseno-grafico"],"acf":[],"yoast_head":"<!-- This site is optimized with the Yoast SEO plugin v23.7 - https:\/\/yoast.com\/wordpress\/plugins\/seo\/ -->\n<title>Especial Mestres del Blanc!<\/title>\n<meta name=\"robots\" content=\"index, follow, max-snippet:-1, max-image-preview:large, max-video-preview:-1\" \/>\n<link rel=\"canonical\" href=\"https:\/\/blancfestival.com\/especial-mestres-del-blanc\/\" \/>\n<meta property=\"og:locale\" content=\"en_US\" \/>\n<meta property=\"og:type\" content=\"article\" \/>\n<meta property=\"og:title\" content=\"Especial Mestres del Blanc!\" \/>\n<meta property=\"og:description\" content=\"Mestres del Blanc! es la secci\u00f3n del festival donde homenajeamos a grandes figuras del sector del dise\u00f1o y la creatividad, historia viva de la profesi\u00f3n que fueron testigos y responsables de los or\u00edgenes de diferentes disciplinas relacionadas al dise\u00f1o y la creatividad. Dentro de este marco, organizamos una edici\u00f3n especial el pr\u00f3ximo 28 de Junio,&hellip;\" \/>\n<meta property=\"og:url\" content=\"https:\/\/blancfestival.com\/especial-mestres-del-blanc\/\" \/>\n<meta property=\"og:site_name\" content=\"Blanc!\" \/>\n<meta property=\"article:publisher\" content=\"https:\/\/www.facebook.com\/blanc.festivaldissenygrafic\/\" \/>\n<meta property=\"article:published_time\" content=\"2022-06-14T13:45:09+00:00\" \/>\n<meta property=\"article:modified_time\" content=\"2022-07-01T11:27:16+00:00\" \/>\n<meta property=\"og:image\" content=\"https:\/\/blancfestival.com\/wp-content\/uploads\/2022\/06\/joanCOSTA.jpg\" \/>\n\t<meta property=\"og:image:width\" content=\"1072\" \/>\n\t<meta property=\"og:image:height\" content=\"712\" \/>\n\t<meta property=\"og:image:type\" content=\"image\/jpeg\" \/>\n<meta name=\"author\" content=\"Redacci\u00f3n Blanc!\" \/>\n<meta name=\"twitter:card\" content=\"summary_large_image\" \/>\n<meta name=\"twitter:creator\" content=\"@blancfest\" \/>\n<meta name=\"twitter:site\" content=\"@blancfest\" \/>\n<meta name=\"twitter:label1\" content=\"Written by\" \/>\n\t<meta name=\"twitter:data1\" content=\"Redacci\u00f3n Blanc!\" \/>\n\t<meta name=\"twitter:label2\" content=\"Est. reading time\" \/>\n\t<meta name=\"twitter:data2\" content=\"2 minutes\" \/>\n<script type=\"application\/ld+json\" class=\"yoast-schema-graph\">{\"@context\":\"https:\/\/schema.org\",\"@graph\":[{\"@type\":\"Article\",\"@id\":\"https:\/\/blancfestival.com\/especial-mestres-del-blanc\/#article\",\"isPartOf\":{\"@id\":\"https:\/\/blancfestival.com\/especial-mestres-del-blanc\/\"},\"author\":{\"name\":\"Redacci\u00f3n Blanc!\",\"@id\":\"https:\/\/blancfestival.com\/#\/schema\/person\/1c1365d1e51e5730cf3f5fadb8670c06\"},\"headline\":\"Especial Mestres del Blanc!\",\"datePublished\":\"2022-06-14T13:45:09+00:00\",\"dateModified\":\"2022-07-01T11:27:16+00:00\",\"mainEntityOfPage\":{\"@id\":\"https:\/\/blancfestival.com\/especial-mestres-del-blanc\/\"},\"wordCount\":402,\"commentCount\":0,\"publisher\":{\"@id\":\"https:\/\/blancfestival.com\/#organization\"},\"image\":{\"@id\":\"https:\/\/blancfestival.com\/especial-mestres-del-blanc\/#primaryimage\"},\"thumbnailUrl\":\"https:\/\/blancfestival.com\/wp-content\/uploads\/2022\/06\/joanCOSTA.jpg\",\"articleSection\":[\"Dise\u00f1o Gr\u00e1fico\"],\"inLanguage\":\"en-US\",\"potentialAction\":[{\"@type\":\"CommentAction\",\"name\":\"Comment\",\"target\":[\"https:\/\/blancfestival.com\/especial-mestres-del-blanc\/#respond\"]}]},{\"@type\":\"WebPage\",\"@id\":\"https:\/\/blancfestival.com\/especial-mestres-del-blanc\/\",\"url\":\"https:\/\/blancfestival.com\/especial-mestres-del-blanc\/\",\"name\":\"Especial Mestres del Blanc!\",\"isPartOf\":{\"@id\":\"https:\/\/blancfestival.com\/#website\"},\"primaryImageOfPage\":{\"@id\":\"https:\/\/blancfestival.com\/especial-mestres-del-blanc\/#primaryimage\"},\"image\":{\"@id\":\"https:\/\/blancfestival.com\/especial-mestres-del-blanc\/#primaryimage\"},\"thumbnailUrl\":\"https:\/\/blancfestival.com\/wp-content\/uploads\/2022\/06\/joanCOSTA.jpg\",\"datePublished\":\"2022-06-14T13:45:09+00:00\",\"dateModified\":\"2022-07-01T11:27:16+00:00\",\"breadcrumb\":{\"@id\":\"https:\/\/blancfestival.com\/especial-mestres-del-blanc\/#breadcrumb\"},\"inLanguage\":\"en-US\",\"potentialAction\":[{\"@type\":\"ReadAction\",\"target\":[\"https:\/\/blancfestival.com\/especial-mestres-del-blanc\/\"]}]},{\"@type\":\"ImageObject\",\"inLanguage\":\"en-US\",\"@id\":\"https:\/\/blancfestival.com\/especial-mestres-del-blanc\/#primaryimage\",\"url\":\"https:\/\/blancfestival.com\/wp-content\/uploads\/2022\/06\/joanCOSTA.jpg\",\"contentUrl\":\"https:\/\/blancfestival.com\/wp-content\/uploads\/2022\/06\/joanCOSTA.jpg\",\"width\":1072,\"height\":712},{\"@type\":\"BreadcrumbList\",\"@id\":\"https:\/\/blancfestival.com\/especial-mestres-del-blanc\/#breadcrumb\",\"itemListElement\":[{\"@type\":\"ListItem\",\"position\":1,\"name\":\"Portada\",\"item\":\"https:\/\/blancfestival.com\/en\/\"},{\"@type\":\"ListItem\",\"position\":2,\"name\":\"Especial Mestres del Blanc!\"}]},{\"@type\":\"WebSite\",\"@id\":\"https:\/\/blancfestival.com\/#website\",\"url\":\"https:\/\/blancfestival.com\/\",\"name\":\"Blanc! Festival\",\"description\":\"Dise\u00f1o, Creatividad e Innovaci\u00f3n\",\"publisher\":{\"@id\":\"https:\/\/blancfestival.com\/#organization\"},\"potentialAction\":[{\"@type\":\"SearchAction\",\"target\":{\"@type\":\"EntryPoint\",\"urlTemplate\":\"https:\/\/blancfestival.com\/?s={search_term_string}\"},\"query-input\":{\"@type\":\"PropertyValueSpecification\",\"valueRequired\":true,\"valueName\":\"search_term_string\"}}],\"inLanguage\":\"en-US\"},{\"@type\":\"Organization\",\"@id\":\"https:\/\/blancfestival.com\/#organization\",\"name\":\"Blanc! Festival de Dise\u00f1o, Creatividad e Innovaci\u00f3n\",\"url\":\"https:\/\/blancfestival.com\/\",\"logo\":{\"@type\":\"ImageObject\",\"inLanguage\":\"en-US\",\"@id\":\"https:\/\/blancfestival.com\/#\/schema\/logo\/image\/\",\"url\":\"https:\/\/blancfestival.com\/wp-content\/uploads\/2025\/01\/logo_icono_blanc.jpg\",\"contentUrl\":\"https:\/\/blancfestival.com\/wp-content\/uploads\/2025\/01\/logo_icono_blanc.jpg\",\"width\":2000,\"height\":2000,\"caption\":\"Blanc! Festival de Dise\u00f1o, Creatividad e Innovaci\u00f3n\"},\"image\":{\"@id\":\"https:\/\/blancfestival.com\/#\/schema\/logo\/image\/\"},\"sameAs\":[\"https:\/\/www.facebook.com\/blanc.festivaldissenygrafic\/\",\"https:\/\/x.com\/blancfest\",\"https:\/\/www.instagram.com\/blancfest\/\",\"https:\/\/www.linkedin.com\/company\/blanc-festival\",\"https:\/\/www.pinterest.com\/blancfest\/\",\"https:\/\/www.youtube.com\/channel\/UCM-IjxOFb5gQg4yPgmze3Gg\"]},{\"@type\":\"Person\",\"@id\":\"https:\/\/blancfestival.com\/#\/schema\/person\/1c1365d1e51e5730cf3f5fadb8670c06\",\"name\":\"Redacci\u00f3n Blanc!\",\"image\":{\"@type\":\"ImageObject\",\"inLanguage\":\"en-US\",\"@id\":\"https:\/\/blancfestival.com\/#\/schema\/person\/image\/\",\"url\":\"https:\/\/blancfestival.com\/wp-content\/uploads\/2020\/02\/ico-120x120.png\",\"contentUrl\":\"https:\/\/blancfestival.com\/wp-content\/uploads\/2020\/02\/ico-120x120.png\",\"caption\":\"Redacci\u00f3n Blanc!\"},\"description\":\"\u201cNo trates de doblar la cuchara. Es imposible. En lugar de hacerlo, solo intenta darte cuenta de la verdad\u2026 No hay cuchara. Entonces, ver\u00e1s que no es la cuchara lo que se dobla, te doblas t\u00fa\u201d\"}]}<\/script>\n<!-- \/ Yoast SEO plugin. -->","yoast_head_json":{"title":"Especial Mestres del Blanc!","robots":{"index":"index","follow":"follow","max-snippet":"max-snippet:-1","max-image-preview":"max-image-preview:large","max-video-preview":"max-video-preview:-1"},"canonical":"https:\/\/blancfestival.com\/especial-mestres-del-blanc\/","og_locale":"en_US","og_type":"article","og_title":"Especial Mestres del Blanc!","og_description":"Mestres del Blanc! es la secci\u00f3n del festival donde homenajeamos a grandes figuras del sector del dise\u00f1o y la creatividad, historia viva de la profesi\u00f3n que fueron testigos y responsables de los or\u00edgenes de diferentes disciplinas relacionadas al dise\u00f1o y la creatividad. Dentro de este marco, organizamos una edici\u00f3n especial el pr\u00f3ximo 28 de Junio,&hellip;","og_url":"https:\/\/blancfestival.com\/especial-mestres-del-blanc\/","og_site_name":"Blanc!","article_publisher":"https:\/\/www.facebook.com\/blanc.festivaldissenygrafic\/","article_published_time":"2022-06-14T13:45:09+00:00","article_modified_time":"2022-07-01T11:27:16+00:00","og_image":[{"width":1072,"height":712,"url":"https:\/\/blancfestival.com\/wp-content\/uploads\/2022\/06\/joanCOSTA.jpg","type":"image\/jpeg"}],"author":"Redacci\u00f3n Blanc!","twitter_card":"summary_large_image","twitter_creator":"@blancfest","twitter_site":"@blancfest","twitter_misc":{"Written by":"Redacci\u00f3n Blanc!","Est. reading time":"2 minutes"},"schema":{"@context":"https:\/\/schema.org","@graph":[{"@type":"Article","@id":"https:\/\/blancfestival.com\/especial-mestres-del-blanc\/#article","isPartOf":{"@id":"https:\/\/blancfestival.com\/especial-mestres-del-blanc\/"},"author":{"name":"Redacci\u00f3n Blanc!","@id":"https:\/\/blancfestival.com\/#\/schema\/person\/1c1365d1e51e5730cf3f5fadb8670c06"},"headline":"Especial Mestres del Blanc!","datePublished":"2022-06-14T13:45:09+00:00","dateModified":"2022-07-01T11:27:16+00:00","mainEntityOfPage":{"@id":"https:\/\/blancfestival.com\/especial-mestres-del-blanc\/"},"wordCount":402,"commentCount":0,"publisher":{"@id":"https:\/\/blancfestival.com\/#organization"},"image":{"@id":"https:\/\/blancfestival.com\/especial-mestres-del-blanc\/#primaryimage"},"thumbnailUrl":"https:\/\/blancfestival.com\/wp-content\/uploads\/2022\/06\/joanCOSTA.jpg","articleSection":["Dise\u00f1o Gr\u00e1fico"],"inLanguage":"en-US","potentialAction":[{"@type":"CommentAction","name":"Comment","target":["https:\/\/blancfestival.com\/especial-mestres-del-blanc\/#respond"]}]},{"@type":"WebPage","@id":"https:\/\/blancfestival.com\/especial-mestres-del-blanc\/","url":"https:\/\/blancfestival.com\/especial-mestres-del-blanc\/","name":"Especial Mestres del Blanc!","isPartOf":{"@id":"https:\/\/blancfestival.com\/#website"},"primaryImageOfPage":{"@id":"https:\/\/blancfestival.com\/especial-mestres-del-blanc\/#primaryimage"},"image":{"@id":"https:\/\/blancfestival.com\/especial-mestres-del-blanc\/#primaryimage"},"thumbnailUrl":"https:\/\/blancfestival.com\/wp-content\/uploads\/2022\/06\/joanCOSTA.jpg","datePublished":"2022-06-14T13:45:09+00:00","dateModified":"2022-07-01T11:27:16+00:00","breadcrumb":{"@id":"https:\/\/blancfestival.com\/especial-mestres-del-blanc\/#breadcrumb"},"inLanguage":"en-US","potentialAction":[{"@type":"ReadAction","target":["https:\/\/blancfestival.com\/especial-mestres-del-blanc\/"]}]},{"@type":"ImageObject","inLanguage":"en-US","@id":"https:\/\/blancfestival.com\/especial-mestres-del-blanc\/#primaryimage","url":"https:\/\/blancfestival.com\/wp-content\/uploads\/2022\/06\/joanCOSTA.jpg","contentUrl":"https:\/\/blancfestival.com\/wp-content\/uploads\/2022\/06\/joanCOSTA.jpg","width":1072,"height":712},{"@type":"BreadcrumbList","@id":"https:\/\/blancfestival.com\/especial-mestres-del-blanc\/#breadcrumb","itemListElement":[{"@type":"ListItem","position":1,"name":"Portada","item":"https:\/\/blancfestival.com\/en\/"},{"@type":"ListItem","position":2,"name":"Especial Mestres del Blanc!"}]},{"@type":"WebSite","@id":"https:\/\/blancfestival.com\/#website","url":"https:\/\/blancfestival.com\/","name":"Blanc! Festival","description":"Dise\u00f1o, Creatividad e Innovaci\u00f3n","publisher":{"@id":"https:\/\/blancfestival.com\/#organization"},"potentialAction":[{"@type":"SearchAction","target":{"@type":"EntryPoint","urlTemplate":"https:\/\/blancfestival.com\/?s={search_term_string}"},"query-input":{"@type":"PropertyValueSpecification","valueRequired":true,"valueName":"search_term_string"}}],"inLanguage":"en-US"},{"@type":"Organization","@id":"https:\/\/blancfestival.com\/#organization","name":"Blanc! Festival de Dise\u00f1o, Creatividad e Innovaci\u00f3n","url":"https:\/\/blancfestival.com\/","logo":{"@type":"ImageObject","inLanguage":"en-US","@id":"https:\/\/blancfestival.com\/#\/schema\/logo\/image\/","url":"https:\/\/blancfestival.com\/wp-content\/uploads\/2025\/01\/logo_icono_blanc.jpg","contentUrl":"https:\/\/blancfestival.com\/wp-content\/uploads\/2025\/01\/logo_icono_blanc.jpg","width":2000,"height":2000,"caption":"Blanc! Festival de Dise\u00f1o, Creatividad e Innovaci\u00f3n"},"image":{"@id":"https:\/\/blancfestival.com\/#\/schema\/logo\/image\/"},"sameAs":["https:\/\/www.facebook.com\/blanc.festivaldissenygrafic\/","https:\/\/x.com\/blancfest","https:\/\/www.instagram.com\/blancfest\/","https:\/\/www.linkedin.com\/company\/blanc-festival","https:\/\/www.pinterest.com\/blancfest\/","https:\/\/www.youtube.com\/channel\/UCM-IjxOFb5gQg4yPgmze3Gg"]},{"@type":"Person","@id":"https:\/\/blancfestival.com\/#\/schema\/person\/1c1365d1e51e5730cf3f5fadb8670c06","name":"Redacci\u00f3n Blanc!","image":{"@type":"ImageObject","inLanguage":"en-US","@id":"https:\/\/blancfestival.com\/#\/schema\/person\/image\/","url":"https:\/\/blancfestival.com\/wp-content\/uploads\/2020\/02\/ico-120x120.png","contentUrl":"https:\/\/blancfestival.com\/wp-content\/uploads\/2020\/02\/ico-120x120.png","caption":"Redacci\u00f3n Blanc!"},"description":"\u201cNo trates de doblar la cuchara. Es imposible. En lugar de hacerlo, solo intenta darte cuenta de la verdad\u2026 No hay cuchara. Entonces, ver\u00e1s que no es la cuchara lo que se dobla, te doblas t\u00fa\u201d"}]}},"_links":{"self":[{"href":"https:\/\/blancfestival.com\/en\/wp-json\/wp\/v2\/posts\/8739","targetHints":{"allow":["GET"]}}],"collection":[{"href":"https:\/\/blancfestival.com\/en\/wp-json\/wp\/v2\/posts"}],"about":[{"href":"https:\/\/blancfestival.com\/en\/wp-json\/wp\/v2\/types\/post"}],"author":[{"embeddable":true,"href":"https:\/\/blancfestival.com\/en\/wp-json\/wp\/v2\/users\/3"}],"replies":[{"embeddable":true,"href":"https:\/\/blancfestival.com\/en\/wp-json\/wp\/v2\/comments?post=8739"}],"version-history":[{"count":7,"href":"https:\/\/blancfestival.com\/en\/wp-json\/wp\/v2\/posts\/8739\/revisions"}],"predecessor-version":[{"id":8752,"href":"https:\/\/blancfestival.com\/en\/wp-json\/wp\/v2\/posts\/8739\/revisions\/8752"}],"wp:featuredmedia":[{"embeddable":true,"href":"https:\/\/blancfestival.com\/en\/wp-json\/wp\/v2\/media\/8744"}],"wp:attachment":[{"href":"https:\/\/blancfestival.com\/en\/wp-json\/wp\/v2\/media?parent=8739"}],"wp:term":[{"taxonomy":"category","embeddable":true,"href":"https:\/\/blancfestival.com\/en\/wp-json\/wp\/v2\/categories?post=8739"},{"taxonomy":"post_tag","embeddable":true,"href":"https:\/\/blancfestival.com\/en\/wp-json\/wp\/v2\/tags?post=8739"},{"taxonomy":"evento","embeddable":true,"href":"https:\/\/blancfestival.com\/en\/wp-json\/wp\/v2\/evento?post=8739"}],"curies":[{"name":"wp","href":"https:\/\/api.w.org\/{rel}","templated":true}]}}