{"id":8858,"date":"2022-06-23T17:33:57","date_gmt":"2022-06-23T15:33:57","guid":{"rendered":"https:\/\/blancfestival.com\/?p=8858"},"modified":"2022-12-19T10:38:06","modified_gmt":"2022-12-19T09:38:06","slug":"la-dinamica-interna","status":"publish","type":"post","link":"https:\/\/blancfestival.com\/en\/la-dinamica-interna\/","title":{"rendered":"La din\u00e1mica interna"},"content":{"rendered":"<h2>La ch\u00e1chara interna<\/h2>\n<p><span style=\"font-weight: 400;\">En los dos \u00faltimos art\u00edculos he abordado la complejidad tanto de las <a href=\"https:\/\/blancfestival.com\/mandar-vs-liderar-2-las-dinamicas-de-grupo\/\">din\u00e1micas grupales<\/a> <\/span><span style=\"font-weight: 400;\">como uno de los roles sacrosantos del trabajo en equipo: <a href=\"https:\/\/blancfestival.com\/ca\/sense-categoria\/mandar-vs-liderar\/\">el del l\u00edder<\/a><\/span><span style=\"font-weight: 400;\">.<\/span><\/p>\n<p><span style=\"font-weight: 400;\">Escrib\u00eda que, <\/span><i><span style=\"font-weight: 400;\">la gesti\u00f3n de un grupo de personas que se ponen a trabajar juntas es algo m\u00e1s complicado que dejarlo todo en manos de un l\u00edder <\/span><\/i><span style=\"font-weight: 400;\">wonderfuliano<\/span><i><span style=\"font-weight: 400;\">. Se juntan personas con sus miedos, deseos, ambiciones, expectativas (\u2026). Y esas personas ocupan roles. Cada uno acaba negociando, consigo mismo y como puede, entre sus atributos personales y el rol asignado<\/span><\/i><span style=\"font-weight: 400;\">.<\/span><\/p>\n<p><span style=\"font-weight: 400;\">Te propongo hacer una breve <\/span><b>inmersi\u00f3n psicol\u00f3gica<\/b><span style=\"font-weight: 400;\"> a la din\u00e1mica interna de una persona para acabar de comprender por qu\u00e9 las cosas se complican cuando nos juntamos para llevar a cabo ciertas tareas o propuestas.\u00a0<\/span><\/p>\n<p>&nbsp;<\/p>\n<h2>Yo conmigo mismo mismamente<\/h2>\n<p><span style=\"font-weight: 400;\">Por din\u00e1mica interna entiendo la relaci\u00f3n que estableces contigo: es esa conversaci\u00f3n constante, la <\/span><b>ch\u00e1chara<\/b><span style=\"font-weight: 400;\">. Esa relaci\u00f3n es complicada. Y no siempre sana.<\/span><\/p>\n<p><span style=\"font-weight: 400;\">Para empezar, vamos a partir de la conciencia y la inconsciencia.\u00a0<\/span><\/p>\n<p><span style=\"font-weight: 400;\">La <\/span><b>conciencia<\/b><span style=\"font-weight: 400;\"> implica la capacidad de autorreconocimiento: la percepci\u00f3n de mi propia existencia, de mis pensamientos, sentimientos, actos y la percepci\u00f3n de lo que ocurre m\u00e1s all\u00e1 de m\u00ed.\u00a0<\/span><\/p>\n<p><b>Apunte<\/b><span style=\"font-weight: 400;\">: parece ser que ese autorreconocimiento, ese sentir que soy un yo distinto a otros, empieza a darse a partir de los dos a\u00f1os.\u00a0<\/span><\/p>\n<p><span style=\"font-weight: 400;\">Por lo tanto, la <\/span><b>inconsciencia<\/b><span style=\"font-weight: 400;\"> o subconsciente es todo aquello que no soy capaz de percibir: sean pensamientos, sentimientos, deseos, etc., de los que no me entero.\u00a0\u00a0\u00a0\u00a0<\/span><\/p>\n<p><span style=\"font-weight: 400;\">A <\/span><b>Freud<\/b><span style=\"font-weight: 400;\"> le gustaba utilizar la imagen del iceberg para comprender c\u00f3mo act\u00faan estas dos partes: la conciencia ser\u00eda la masa de hielo de la superficie; la inconsciencia la parte sumergida. \u00a1Y vaya con la parte sumergida! Es que b\u00e1sicamente la mayor parte de la superficie de un icerberg est\u00e1 sumergida.\u00a0<\/span><\/p>\n<p>&nbsp;<\/p>\n<p><img loading=\"lazy\" decoding=\"async\" class=\"aligncenter wp-image-8865 size-full\" src=\"https:\/\/blancfestival.com\/wp-content\/uploads\/2022\/06\/1.jpg\" alt=\"\" width=\"1000\" height=\"610\" srcset=\"https:\/\/blancfestival.com\/wp-content\/uploads\/2022\/06\/1.jpg 1000w, https:\/\/blancfestival.com\/wp-content\/uploads\/2022\/06\/1-250x153.jpg 250w, https:\/\/blancfestival.com\/wp-content\/uploads\/2022\/06\/1-700x427.jpg 700w, https:\/\/blancfestival.com\/wp-content\/uploads\/2022\/06\/1-768x468.jpg 768w, https:\/\/blancfestival.com\/wp-content\/uploads\/2022\/06\/1-120x73.jpg 120w\" sizes=\"auto, (max-width: 1000px) 100vw, 1000px\" \/><\/p>\n<p>&nbsp;<\/p>\n<p><span style=\"font-weight: 400;\">Hay algunas <\/span><b>razones fisiol\u00f3gicas<\/b><span style=\"font-weight: 400;\"> que en parte explican la magnitud de la inconsciencia. Imag\u00ednate que pudieras ser consciente de tooodoooo lo que te ocurre ahora mismo a nivel <\/span><b>corporal<\/b><span style=\"font-weight: 400;\">: y percibieras las conexiones entre neuronas, el recorrido de tu respiraci\u00f3n y su sonido, todos los est\u00edmulos visuales, auditivos, olfativos, t\u00e1ctiles, etc., que constantemente llegan y su recorrido interno. Que pudieras sentir y escuchar c\u00f3mo tu cuerpo hace la digesti\u00f3n o el recorrido desde las neuronas para mover tu dedo me\u00f1ique. Imag\u00ednate que pudieras ser consciente de todo eso y mucho m\u00e1s al mismo tiempo. B\u00e1sicamente te volver\u00edas loco si percibieras toda esta estimulaci\u00f3n interna y externa y su trayectoria corporal.\u00a0<\/span><\/p>\n<p><span style=\"font-weight: 400;\">As\u00ed que, sabiamente, la evoluci\u00f3n ha capitalizado mecanismos para que funcionemos en modo autom\u00e1tico, o con poca percepci\u00f3n, sin enterarnos demasiado. Evidentemente transciende a lo puramente fisiol\u00f3gico y hay montones de aspectos (cognitivos, emocionales, etc.) de los que tampoco nos enteramos. Pero est\u00e1n y funcionan.\u00a0<\/span><\/p>\n<p>&nbsp;<\/p>\n<h2>El manual de instrucciones social y familiar<\/h2>\n<p><span style=\"font-weight: 400;\">Parte de la ch\u00e1chara interna, tiene que ver con qu\u00e9 pautas, normas, ideas, costumbres, principios, \u00f3rdenes, etc., has aprendido que son las correctas, apropiadas -o, todo lo contrario, incorrectas e inapropiadas-, durante el periodo de <\/span><b>socializaci\u00f3n<\/b><span style=\"font-weight: 400;\"> (infancia y adolescencia). Y esto se aprende como se puede, con cierta interpretaci\u00f3n, porque el cerebro est\u00e1 coci\u00e9ndose\u2026 \u00a1hasta los 21 a\u00f1os aproximadamente! \u00bfC\u00f3mo vas a comprender seg\u00fan qu\u00e9 cosas a seg\u00fan qu\u00e9 edades si el cerebro no est\u00e1 ni un 10% uploaded?\u00a0<\/span><\/p>\n<p><span style=\"font-weight: 400;\">Un ejemplo de esta <\/span><b>codificaci\u00f3n social<\/b><span style=\"font-weight: 400;\"> es aquello cl\u00e1sico de <\/span><i><span style=\"font-weight: 400;\">los hombres no lloran <\/span><\/i><span style=\"font-weight: 400;\">o la variante <\/span><i><span style=\"font-weight: 400;\">tienen que ser fuertes<\/span><\/i><span style=\"font-weight: 400;\">. Es muy f\u00e1cil que incorpores esta informaci\u00f3n y la acabes cumpliendo a rajatabla de manera totalmente inconsciente. Es una entrada del <\/span><b>Manual de Gesti\u00f3n<\/b><span style=\"font-weight: 400;\"> de la emoci\u00f3n tristeza dependiente del g\u00e9nero.\u00a0<\/span><\/p>\n<p>&nbsp;<\/p>\n<p><img loading=\"lazy\" decoding=\"async\" class=\"aligncenter wp-image-8859 size-full\" src=\"https:\/\/blancfestival.com\/wp-content\/uploads\/2022\/06\/3.jpg\" alt=\"\" width=\"1000\" height=\"663\" srcset=\"https:\/\/blancfestival.com\/wp-content\/uploads\/2022\/06\/3.jpg 1000w, https:\/\/blancfestival.com\/wp-content\/uploads\/2022\/06\/3-250x166.jpg 250w, https:\/\/blancfestival.com\/wp-content\/uploads\/2022\/06\/3-700x464.jpg 700w, https:\/\/blancfestival.com\/wp-content\/uploads\/2022\/06\/3-768x509.jpg 768w, https:\/\/blancfestival.com\/wp-content\/uploads\/2022\/06\/3-120x80.jpg 120w\" sizes=\"auto, (max-width: 1000px) 100vw, 1000px\" \/><\/p>\n<p>&nbsp;<\/p>\n<p><span style=\"font-weight: 400;\">No son solo mensajes dichos sino tambi\u00e9n los actuados. Por ejemplo, muchos de nosotros hemos vivido la experiencia de un padre ausente, que se pasaba el d\u00eda trabajando. Es f\u00e1cil inferir que para un hombre lo importante es lo profesional; es lo que le da \u201cvalidez\u201d. As\u00ed que no es de extra\u00f1ar que la mayor\u00eda de hombres est\u00e9n teledirigidos hacia lo profesional. En las \u00faltimas d\u00e9cadas, tambi\u00e9n las mujeres, incorporadas al tejido laboral, se teledirigen a lo profesional y aplazan su maternidad hasta fechas muy l\u00edmite, con las consecuencias que puede conllevar.\u00a0<\/span><\/p>\n<p><span style=\"font-weight: 400;\">Sea como sea, nos llegan <\/span><b>informaciones subliminales<\/b><span style=\"font-weight: 400;\"> sobre lo que es correcto o tab\u00fa, tanto a nivel familiar como social. Estas informaciones subliminales nos se\u00f1alan sutilmente c\u00f3mo debemos manejarnos con, por ejemplo, toda la gama de emociones. Si digo alegr\u00eda, tristeza, miedo o rabia, me apuesto lo que sea que la alegr\u00eda es bien y las otras\u2026 no son bienvenidas. Y si las sientes, mejor disim\u00falalas, por Dios, que no se te noten, \u00bfqu\u00e9 van a pensar de ti? Y blablabla. Solo por mencionar las emociones b\u00e1sicas, porque hay m\u00e1s: envidia, culpa, rechazo, dolor, verg\u00fcenza, decepci\u00f3n, etc. Todas estas, en general, las echamos bajo la alfombra.\u00a0\u00a0<\/span><\/p>\n<p>&nbsp;<\/p>\n<h3>El autoconcepto<\/h3>\n<p><span style=\"font-weight: 400;\">A partir del manual de instrucciones social y familiar, de nuestras vivencias (en parte reales, en parte interpretadas), y a partir de nuestro temperamento, <\/span><b>customizamos<\/b><span style=\"font-weight: 400;\"> una identidad.\u00a0<\/span><\/p>\n<p><span style=\"font-weight: 400;\">El <\/span><b>temperamento<\/b><span style=\"font-weight: 400;\"> es con lo que llegamos y est\u00e1 en la base del car\u00e1cter. A nivel muy b\u00e1sico es aquello que dicen de un ni\u00f1o que, al nacer, se muestra muy tranquilo (y nos dejar dormir) y en cambio su hermano menor se muestra muy inquieto (y no nos deja dormir).\u00a0<\/span><\/p>\n<p><b>Compararte<\/b><span style=\"font-weight: 400;\"> con otros y observar las consecuencias de sus actos, ayuda en esa autopercepci\u00f3n y en la construcci\u00f3n de tu identidad. Para describirnos utilizamos todo tipo de adjetivos.\u00a0<\/span><\/p>\n<p><span style=\"font-weight: 400;\">El <\/span><b>autoconcepto<\/b><span style=\"font-weight: 400;\"> es aquello que creemos que somos. <\/span><i><span style=\"font-weight: 400;\">Soy bueno, soy revoltosa, soy simp\u00e1tico, soy soberbia, soy in\u00fatil, soy inteligente<\/span><\/i><span style=\"font-weight: 400;\">\u2026<\/span><\/p>\n<p><span style=\"font-weight: 400;\">El problema es que utilizamos estos adjetivos como absolutos. En realidad, no siempre soy bueno, o revoltosa, o simp\u00e1tico o lo que sea. A veces lo soy, a veces no. Este absolutismo hace que nos identifiquemos con algunos aspectos y dejemos de lado otros. Nuestra identidad se vuelve r\u00edgida.\u00a0\u00a0<\/span><\/p>\n<p>&nbsp;<\/p>\n<h3>La m\u00e1scara<\/h3>\n<p><span style=\"font-weight: 400;\">A partir de la construcci\u00f3n de tu identidad y de lo que aprehendes que es socialmente permitido, correcto y sus contrarios, decides que hay unas partes tuyas que son presentables. Por as\u00ed decirlo, presentas en sociedad tus mejores galas. Haces un impecable trabajo de autoedici\u00f3n. O sea, que el filtro de Instagram no es nada nuevo. Solo su versi\u00f3n tecnol\u00f3gica.\u00a0<\/span><\/p>\n<p>&nbsp;<\/p>\n<h3>El yo ideal<\/h3>\n<p><span style=\"font-weight: 400;\">Al identificarnos con una serie de atributos m\u00e1s o menos fijos, nos damos cuenta de nuestras carencias. Tampoco somos tontos y sabemos que patinamos en algunos aspectos. Ah\u00ed surge un <\/span><b>ideal<\/b><span style=\"font-weight: 400;\"> de qui\u00e9n deber\u00eda ser yo realmente, de qui\u00e9n me gustar\u00eda ser realmente. M\u00e1s alto, m\u00e1s guapo, m\u00e1s inteligente, m\u00e1s trabajador, m\u00e1s divertido, m\u00e1s atrevido, m\u00e1s de lo que sea y mucho m\u00e1s. Pero solo de lo bueno. Perseguimos una quimera. Imaginamos que un d\u00eda seremos perfectos: ya no caminaremos, flotaremos. Ese es el yo ideal. Alguien al que no se puede reprochar nada.\u00a0<\/span><\/p>\n<p>&nbsp;<\/p>\n<h3>El juez interno<\/h3>\n<p><span style=\"font-weight: 400;\">Es el comentarista de todas tus jugadas. Bueno, de las tuyas y las de los otros. Pero en quien tiene influencia directa si le escuchas y le haces caso es en ti mismo. Te trata con mucha <\/span><b>cr\u00edtica<\/b><span style=\"font-weight: 400;\">, exigencia, incluso desprecio, sarcasmo o humillaci\u00f3n. Sin piedad, sin perd\u00f3n. Nunca nada de lo que haces, sientes o piensas est\u00e1 suficientemente bien, ni es suficientemente bueno\u2026 Si te lo crees, puede fulminar tu autoestima llegando a paralizarte. <\/span><i><span style=\"font-weight: 400;\">De ti, ni las orejas aprovecharemos<\/span><\/i><span style=\"font-weight: 400;\">. Es demoledor.<\/span><\/p>\n<p><span style=\"font-weight: 400;\">Si, como parte de tu autoconcepto, te has identificado con ser bueno, cuando en alguna ocasi\u00f3n te comportas como una <\/span><i><span style=\"font-weight: 400;\">mala*<\/span><\/i><span style=\"font-weight: 400;\"> persona, tu <\/span><b>Tribunal Superior de Justicia<\/b><span style=\"font-weight: 400;\"> har\u00e1 acto de presencia y dictar\u00e1 sentencia. Y es que el Juez presionar\u00e1 para que te conviertas en ese Dios del Olimpo al que aspiras convertirte: el Yo Ideal. Cada vez que falles (y b\u00e1sicamente vas a fallar) va a hacer acto de presencia.<\/span><\/p>\n<p><span style=\"font-weight: 400;\">*mucho se podr\u00eda discutir sobre supuestas maldades.\u00a0<\/span><\/p>\n<p>&nbsp;<\/p>\n<h3>El saboteador<\/h3>\n<p><span style=\"font-weight: 400;\">Como el Juez Interno, el saboteador es otra manera de boicotearte. Es m\u00e1s sutil, incluso m\u00e1s encantador que el Juez. Se sit\u00faa desde la perspectiva de que, si lo que el juez dice es cierto (<\/span><i><span style=\"font-weight: 400;\">que de ti ni las orejas aprovecharemos<\/span><\/i><span style=\"font-weight: 400;\">) entonces \u00bfpara qu\u00e9 esforzarte? Cada vez que postpones o te cuentas algo para dejar de hacer seg\u00fan qu\u00e9 cosas, probablemente est\u00e9 detr\u00e1s tu parte saboteadora. <\/span><i><span style=\"font-weight: 400;\">No soy un Mozart, no soy Einstein\u2026 as\u00ed que \u00bfpara qu\u00e9 intentarlo?<\/span><\/i><span style=\"font-weight: 400;\"> Por cierto, \u00bfqu\u00e9 consecuencias habr\u00eda tenido para la humanidad dejarlo todo a manos \u00fanicamente de los genios?\u00a0\u00a0<\/span><\/p>\n<p><span style=\"font-weight: 400;\">El <\/span><b>saboteador<\/b><span style=\"font-weight: 400;\"> puede tomar distintas formas: en algunas personas es la v\u00edctima (<\/span><i><span style=\"font-weight: 400;\">pobrecito de m\u00ed, todo me pasa a m\u00ed<\/span><\/i><span style=\"font-weight: 400;\">, etc.), en otras una forma infantil (como si uno no supiera, o no pudiera, como si fuese fr\u00e1gil), en otras sac\u00e1ndole hierro a todo incluso tom\u00e1ndoselo a guasa, etc. Cualquier cosa antes que responsabilizarte o responsabilizar a otros.\u00a0<\/span><\/p>\n<p><span style=\"font-weight: 400;\">Sea como sea, gracias a \u00e9l, tiras la toalla.<\/span><\/p>\n<p>&nbsp;<\/p>\n<h3>El ni\u00f1o<\/h3>\n<p><span style=\"font-weight: 400;\">En nosotros sigue existiendo el ni\u00f1o que fuimos. Una parte infantil, poco madura, incluso egoc\u00e9ntrica&#8230; una parte que no ha crecido. Desde el ni\u00f1o anhelamos, reaccionamos con rabietas y pataletas cuando las cosas no salen como querr\u00edamos, sentimos miedo o tristeza ante situaciones que como adultos catalogamos de rid\u00edculas, nos sentimos abandonados, ignorados o rechazados, etc.\u00a0<\/span><\/p>\n<p><span style=\"font-weight: 400;\">El fil\u00f3sofo <\/span><b>Alain de Botton<\/b><span style=\"font-weight: 400;\"> ha llegado a decir que los adultos somos ni\u00f1os disfrazados de adultos y, por lo tanto, deber\u00edamos tratarnos con la paciencia con la que tratamos a los m\u00e1s peque\u00f1os.\u00a0<\/span><\/p>\n<p>&nbsp;<\/p>\n<p><img loading=\"lazy\" decoding=\"async\" class=\"aligncenter wp-image-8862 size-full\" src=\"https:\/\/blancfestival.com\/wp-content\/uploads\/2022\/06\/2.jpg\" alt=\"\" width=\"1000\" height=\"605\" srcset=\"https:\/\/blancfestival.com\/wp-content\/uploads\/2022\/06\/2.jpg 1000w, https:\/\/blancfestival.com\/wp-content\/uploads\/2022\/06\/2-250x151.jpg 250w, https:\/\/blancfestival.com\/wp-content\/uploads\/2022\/06\/2-700x424.jpg 700w, https:\/\/blancfestival.com\/wp-content\/uploads\/2022\/06\/2-768x465.jpg 768w, https:\/\/blancfestival.com\/wp-content\/uploads\/2022\/06\/2-120x73.jpg 120w\" sizes=\"auto, (max-width: 1000px) 100vw, 1000px\" \/><\/p>\n<p>&nbsp;<\/p>\n<h3>La sombra o el yo monstruoso<\/h3>\n<p><span style=\"font-weight: 400;\">En cierto modo, la sombra es la contraparte de aquel yo ideal al que tu Juez aspira que te conviertas. La sombra engloba todos aquellos atributos o caracter\u00edsticas de ti que desprecias o de las que te averg\u00fcenzas. Cuando sientes que mejor que te parta un rayo antes de que los otros descubran <\/span><i><span style=\"font-weight: 400;\">eso<\/span><\/i><span style=\"font-weight: 400;\"> de ti. As\u00ed que, aquellos rasgos de tu personalidad que te disgustan, tratas de esconderlos bajo la alfombra.\u00a0<\/span><\/p>\n<p><span style=\"font-weight: 400;\">Querido compa\u00f1ero de especie: \u00bfy qu\u00e9 dir\u00edas que ocultas? Deja que te de algunas ideas:\u00a0<\/span><\/p>\n<ul>\n<li><span style=\"font-weight: 400;\">la timidez<\/span><\/li>\n<li><span style=\"font-weight: 400;\">el dolor<\/span><\/li>\n<li><span style=\"font-weight: 400;\">la envidia<\/span><\/li>\n<li><span style=\"font-weight: 400;\">el sentimiento de insuficiencia<\/span><\/li>\n<li><span style=\"font-weight: 400;\">la verg\u00fcenza<\/span><\/li>\n<li><span style=\"font-weight: 400;\">la rabia<\/span><\/li>\n<li><span style=\"font-weight: 400;\">el ego\u00edsmo<\/span><\/li>\n<li><span style=\"font-weight: 400;\">la culpa<\/span><\/li>\n<li><span style=\"font-weight: 400;\">el miedo<\/span><\/li>\n<li><span style=\"font-weight: 400;\">la tristeza<\/span><\/li>\n<li><span style=\"font-weight: 400;\">la avaricia<\/span><\/li>\n<\/ul>\n<p><span style=\"font-weight: 400;\">Etc.<\/span><\/p>\n<p><span style=\"font-weight: 400;\">Todas estas emociones tratamos de enviarlas a la clandestinidad. No queremos verlas o sentirlas ni en pintura porque nos resultan molestas, inc\u00f3modas. Nos dan una imagen de nosotros mismos que nos disgusta, nada ideal.\u00a0<\/span><\/p>\n<p><span style=\"font-weight: 400;\">Sin embargo, que tratemos de ningunearlas, no significa que desaparezcan de la faz de la Tierra. De hecho, acostumbran a actuar desde la <\/span><b>clandestinidad<\/b><span style=\"font-weight: 400;\">.\u00a0<\/span><\/p>\n<p><span style=\"font-weight: 400;\">\u00bfUn ejemplo?<\/span><\/p>\n<p><span style=\"font-weight: 400;\">Sientes <\/span><b>envidia<\/b><span style=\"font-weight: 400;\"> por otra persona. Parece que a ella <\/span><b>todo<\/b><span style=\"font-weight: 400;\"> le sale bien. Y, en cambio, <\/span><i><span style=\"font-weight: 400;\">a ti no<\/span><\/i><span style=\"font-weight: 400;\">. Pero sentir envidia est\u00e1 <\/span><i><span style=\"font-weight: 400;\">mal<\/span><\/i><span style=\"font-weight: 400;\">. Y t\u00fa eres una buena persona, tienes que serlo (palabrita de Juez). As\u00ed que tratas de convencerte que no sientes envidia o tratas de ignorar esa rabia que crece en tu cuerpo cada vez que esa persona vuelve a ser felicitada o reconocida. Sin embargo, un buen d\u00eda, tienes la oportunidad de fastidiarla de alg\u00fan modo. Y lo haces. Muy frecuentemente toma la forma de un <\/span><b>error inconsciente<\/b><span style=\"font-weight: 400;\">. Quiz\u00e1s no la pones en copia en algunos correos importantes, <\/span><i><span style=\"font-weight: 400;\">sin querer<\/span><\/i><span style=\"font-weight: 400;\">, porque <\/span><i><span style=\"font-weight: 400;\">te has despistado, te has olvidado<\/span><\/i><span style=\"font-weight: 400;\">, etc. <\/span><i><span style=\"font-weight: 400;\">Te olvidas<\/span><\/i><span style=\"font-weight: 400;\"> de convocarla a esa reuni\u00f3n. O bien chismorreas sobre ella con otros. Y acaba creciendo una animadversi\u00f3n grupal hacia esa persona.\u00a0<\/span><\/p>\n<p>&nbsp;<\/p>\n<h2>\u00bfLo ves por qu\u00e9 es complicado lo de la gesti\u00f3n de equipos?<\/h2>\n<p><span style=\"font-weight: 400;\">En conclusi\u00f3n, las relaciones laborales (y no solo \u00e9stas) entre personas son complicadas porque, aunque vemos una persona de una sola pieza, un <\/span><b>packaging<\/b><span style=\"font-weight: 400;\"> compacto, normalmente desconocemos la ch\u00e1chara interna que mantiene consigo misma. Vemos a una; pero all\u00ed dentro hay muchos.\u00a0<\/span><\/p>\n<p>&nbsp;<\/p>\n<p><span style=\"font-weight: 400;\">\u00a0<\/span><\/p>\n","protected":false},"excerpt":{"rendered":"La ch\u00e1chara interna En los dos \u00faltimos art\u00edculos he abordado la complejidad tanto de las din\u00e1micas grupales como uno de los roles sacrosantos del trabajo en equipo: el del l\u00edder. Escrib\u00eda que, la gesti\u00f3n de un grupo de personas que se ponen a trabajar juntas es algo m\u00e1s complicado que dejarlo todo en manos de&hellip;","protected":false},"author":5,"featured_media":8865,"comment_status":"open","ping_status":"open","sticky":false,"template":"","format":"standard","meta":{"_acf_changed":false,"footnotes":""},"categories":[3,5],"tags":[278,265,124,125],"evento":[],"class_list":["post-8858","post","type-post","status-publish","format-standard","has-post-thumbnail","hentry","category-creatividad","category-innovacion","tag-team-building","tag-equipos","tag-gestion","tag-psicologia"],"acf":[],"yoast_head":"<!-- This site is optimized with the Yoast SEO plugin v23.7 - https:\/\/yoast.com\/wordpress\/plugins\/seo\/ -->\n<title>La din\u00e1mica interna<\/title>\n<meta name=\"robots\" content=\"index, follow, max-snippet:-1, max-image-preview:large, max-video-preview:-1\" \/>\n<link rel=\"canonical\" href=\"https:\/\/blancfestival.com\/la-dinamica-interna\/\" \/>\n<meta property=\"og:locale\" content=\"en_US\" \/>\n<meta property=\"og:type\" content=\"article\" \/>\n<meta property=\"og:title\" content=\"La din\u00e1mica interna\" \/>\n<meta property=\"og:description\" content=\"La ch\u00e1chara interna En los dos \u00faltimos art\u00edculos he abordado la complejidad tanto de las din\u00e1micas grupales como uno de los roles sacrosantos del trabajo en equipo: el del l\u00edder. Escrib\u00eda que, la gesti\u00f3n de un grupo de personas que se ponen a trabajar juntas es algo m\u00e1s complicado que dejarlo todo en manos de&hellip;\" \/>\n<meta property=\"og:url\" content=\"https:\/\/blancfestival.com\/la-dinamica-interna\/\" \/>\n<meta property=\"og:site_name\" content=\"Blanc!\" \/>\n<meta property=\"article:publisher\" content=\"https:\/\/www.facebook.com\/blanc.festivaldissenygrafic\/\" \/>\n<meta property=\"article:published_time\" content=\"2022-06-23T15:33:57+00:00\" \/>\n<meta property=\"article:modified_time\" content=\"2022-12-19T09:38:06+00:00\" \/>\n<meta property=\"og:image\" content=\"https:\/\/blancfestival.com\/wp-content\/uploads\/2022\/06\/1.jpg\" \/>\n\t<meta property=\"og:image:width\" content=\"1000\" \/>\n\t<meta property=\"og:image:height\" content=\"610\" \/>\n\t<meta property=\"og:image:type\" content=\"image\/jpeg\" \/>\n<meta name=\"author\" content=\"Lia Par\u00eds\" \/>\n<meta name=\"twitter:card\" content=\"summary_large_image\" \/>\n<meta name=\"twitter:creator\" content=\"@blancfest\" \/>\n<meta name=\"twitter:site\" content=\"@blancfest\" \/>\n<meta name=\"twitter:label1\" content=\"Written by\" \/>\n\t<meta name=\"twitter:data1\" content=\"Lia Par\u00eds\" \/>\n\t<meta name=\"twitter:label2\" content=\"Est. reading time\" \/>\n\t<meta name=\"twitter:data2\" content=\"10 minutes\" \/>\n<script type=\"application\/ld+json\" class=\"yoast-schema-graph\">{\"@context\":\"https:\/\/schema.org\",\"@graph\":[{\"@type\":\"Article\",\"@id\":\"https:\/\/blancfestival.com\/la-dinamica-interna\/#article\",\"isPartOf\":{\"@id\":\"https:\/\/blancfestival.com\/la-dinamica-interna\/\"},\"author\":{\"name\":\"Lia Par\u00eds\",\"@id\":\"https:\/\/blancfestival.com\/#\/schema\/person\/94e073ceca2ff39b979e89451b057c91\"},\"headline\":\"La din\u00e1mica interna\",\"datePublished\":\"2022-06-23T15:33:57+00:00\",\"dateModified\":\"2022-12-19T09:38:06+00:00\",\"mainEntityOfPage\":{\"@id\":\"https:\/\/blancfestival.com\/la-dinamica-interna\/\"},\"wordCount\":2071,\"commentCount\":0,\"publisher\":{\"@id\":\"https:\/\/blancfestival.com\/#organization\"},\"image\":{\"@id\":\"https:\/\/blancfestival.com\/la-dinamica-interna\/#primaryimage\"},\"thumbnailUrl\":\"https:\/\/blancfestival.com\/wp-content\/uploads\/2022\/06\/1.jpg\",\"keywords\":[\"team building\",\"equipos\",\"gesti\u00f3n\",\"psicolog\u00eda\"],\"articleSection\":[\"Creatividad\",\"Innovaci\u00f3n\"],\"inLanguage\":\"en-US\",\"potentialAction\":[{\"@type\":\"CommentAction\",\"name\":\"Comment\",\"target\":[\"https:\/\/blancfestival.com\/la-dinamica-interna\/#respond\"]}]},{\"@type\":\"WebPage\",\"@id\":\"https:\/\/blancfestival.com\/la-dinamica-interna\/\",\"url\":\"https:\/\/blancfestival.com\/la-dinamica-interna\/\",\"name\":\"La din\u00e1mica interna\",\"isPartOf\":{\"@id\":\"https:\/\/blancfestival.com\/#website\"},\"primaryImageOfPage\":{\"@id\":\"https:\/\/blancfestival.com\/la-dinamica-interna\/#primaryimage\"},\"image\":{\"@id\":\"https:\/\/blancfestival.com\/la-dinamica-interna\/#primaryimage\"},\"thumbnailUrl\":\"https:\/\/blancfestival.com\/wp-content\/uploads\/2022\/06\/1.jpg\",\"datePublished\":\"2022-06-23T15:33:57+00:00\",\"dateModified\":\"2022-12-19T09:38:06+00:00\",\"breadcrumb\":{\"@id\":\"https:\/\/blancfestival.com\/la-dinamica-interna\/#breadcrumb\"},\"inLanguage\":\"en-US\",\"potentialAction\":[{\"@type\":\"ReadAction\",\"target\":[\"https:\/\/blancfestival.com\/la-dinamica-interna\/\"]}]},{\"@type\":\"ImageObject\",\"inLanguage\":\"en-US\",\"@id\":\"https:\/\/blancfestival.com\/la-dinamica-interna\/#primaryimage\",\"url\":\"https:\/\/blancfestival.com\/wp-content\/uploads\/2022\/06\/1.jpg\",\"contentUrl\":\"https:\/\/blancfestival.com\/wp-content\/uploads\/2022\/06\/1.jpg\",\"width\":1000,\"height\":610},{\"@type\":\"BreadcrumbList\",\"@id\":\"https:\/\/blancfestival.com\/la-dinamica-interna\/#breadcrumb\",\"itemListElement\":[{\"@type\":\"ListItem\",\"position\":1,\"name\":\"Portada\",\"item\":\"https:\/\/blancfestival.com\/en\/\"},{\"@type\":\"ListItem\",\"position\":2,\"name\":\"La din\u00e1mica interna\"}]},{\"@type\":\"WebSite\",\"@id\":\"https:\/\/blancfestival.com\/#website\",\"url\":\"https:\/\/blancfestival.com\/\",\"name\":\"Blanc! Festival\",\"description\":\"Dise\u00f1o, Creatividad e Innovaci\u00f3n\",\"publisher\":{\"@id\":\"https:\/\/blancfestival.com\/#organization\"},\"potentialAction\":[{\"@type\":\"SearchAction\",\"target\":{\"@type\":\"EntryPoint\",\"urlTemplate\":\"https:\/\/blancfestival.com\/?s={search_term_string}\"},\"query-input\":{\"@type\":\"PropertyValueSpecification\",\"valueRequired\":true,\"valueName\":\"search_term_string\"}}],\"inLanguage\":\"en-US\"},{\"@type\":\"Organization\",\"@id\":\"https:\/\/blancfestival.com\/#organization\",\"name\":\"Blanc! Festival de Dise\u00f1o, Creatividad e Innovaci\u00f3n\",\"url\":\"https:\/\/blancfestival.com\/\",\"logo\":{\"@type\":\"ImageObject\",\"inLanguage\":\"en-US\",\"@id\":\"https:\/\/blancfestival.com\/#\/schema\/logo\/image\/\",\"url\":\"https:\/\/blancfestival.com\/wp-content\/uploads\/2025\/01\/logo_icono_blanc.jpg\",\"contentUrl\":\"https:\/\/blancfestival.com\/wp-content\/uploads\/2025\/01\/logo_icono_blanc.jpg\",\"width\":2000,\"height\":2000,\"caption\":\"Blanc! Festival de Dise\u00f1o, Creatividad e Innovaci\u00f3n\"},\"image\":{\"@id\":\"https:\/\/blancfestival.com\/#\/schema\/logo\/image\/\"},\"sameAs\":[\"https:\/\/www.facebook.com\/blanc.festivaldissenygrafic\/\",\"https:\/\/x.com\/blancfest\",\"https:\/\/www.instagram.com\/blancfest\/\",\"https:\/\/www.linkedin.com\/company\/blanc-festival\",\"https:\/\/www.pinterest.com\/blancfest\/\",\"https:\/\/www.youtube.com\/channel\/UCM-IjxOFb5gQg4yPgmze3Gg\"]},{\"@type\":\"Person\",\"@id\":\"https:\/\/blancfestival.com\/#\/schema\/person\/94e073ceca2ff39b979e89451b057c91\",\"name\":\"Lia Par\u00eds\",\"image\":{\"@type\":\"ImageObject\",\"inLanguage\":\"en-US\",\"@id\":\"https:\/\/blancfestival.com\/#\/schema\/person\/image\/\",\"url\":\"https:\/\/blancfestival.com\/wp-content\/uploads\/2020\/03\/DSC1788-120x120.jpg\",\"contentUrl\":\"https:\/\/blancfestival.com\/wp-content\/uploads\/2020\/03\/DSC1788-120x120.jpg\",\"caption\":\"Lia Par\u00eds\"},\"description\":\"Antrop\u00f3loga, docente, project manager y mucho m\u00e1s.\",\"sameAs\":[\"https:\/\/eulaliaparis.com\/\"]}]}<\/script>\n<!-- \/ Yoast SEO plugin. -->","yoast_head_json":{"title":"La din\u00e1mica interna","robots":{"index":"index","follow":"follow","max-snippet":"max-snippet:-1","max-image-preview":"max-image-preview:large","max-video-preview":"max-video-preview:-1"},"canonical":"https:\/\/blancfestival.com\/la-dinamica-interna\/","og_locale":"en_US","og_type":"article","og_title":"La din\u00e1mica interna","og_description":"La ch\u00e1chara interna En los dos \u00faltimos art\u00edculos he abordado la complejidad tanto de las din\u00e1micas grupales como uno de los roles sacrosantos del trabajo en equipo: el del l\u00edder. Escrib\u00eda que, la gesti\u00f3n de un grupo de personas que se ponen a trabajar juntas es algo m\u00e1s complicado que dejarlo todo en manos de&hellip;","og_url":"https:\/\/blancfestival.com\/la-dinamica-interna\/","og_site_name":"Blanc!","article_publisher":"https:\/\/www.facebook.com\/blanc.festivaldissenygrafic\/","article_published_time":"2022-06-23T15:33:57+00:00","article_modified_time":"2022-12-19T09:38:06+00:00","og_image":[{"width":1000,"height":610,"url":"https:\/\/blancfestival.com\/wp-content\/uploads\/2022\/06\/1.jpg","type":"image\/jpeg"}],"author":"Lia Par\u00eds","twitter_card":"summary_large_image","twitter_creator":"@blancfest","twitter_site":"@blancfest","twitter_misc":{"Written by":"Lia Par\u00eds","Est. reading time":"10 minutes"},"schema":{"@context":"https:\/\/schema.org","@graph":[{"@type":"Article","@id":"https:\/\/blancfestival.com\/la-dinamica-interna\/#article","isPartOf":{"@id":"https:\/\/blancfestival.com\/la-dinamica-interna\/"},"author":{"name":"Lia Par\u00eds","@id":"https:\/\/blancfestival.com\/#\/schema\/person\/94e073ceca2ff39b979e89451b057c91"},"headline":"La din\u00e1mica interna","datePublished":"2022-06-23T15:33:57+00:00","dateModified":"2022-12-19T09:38:06+00:00","mainEntityOfPage":{"@id":"https:\/\/blancfestival.com\/la-dinamica-interna\/"},"wordCount":2071,"commentCount":0,"publisher":{"@id":"https:\/\/blancfestival.com\/#organization"},"image":{"@id":"https:\/\/blancfestival.com\/la-dinamica-interna\/#primaryimage"},"thumbnailUrl":"https:\/\/blancfestival.com\/wp-content\/uploads\/2022\/06\/1.jpg","keywords":["team building","equipos","gesti\u00f3n","psicolog\u00eda"],"articleSection":["Creatividad","Innovaci\u00f3n"],"inLanguage":"en-US","potentialAction":[{"@type":"CommentAction","name":"Comment","target":["https:\/\/blancfestival.com\/la-dinamica-interna\/#respond"]}]},{"@type":"WebPage","@id":"https:\/\/blancfestival.com\/la-dinamica-interna\/","url":"https:\/\/blancfestival.com\/la-dinamica-interna\/","name":"La din\u00e1mica interna","isPartOf":{"@id":"https:\/\/blancfestival.com\/#website"},"primaryImageOfPage":{"@id":"https:\/\/blancfestival.com\/la-dinamica-interna\/#primaryimage"},"image":{"@id":"https:\/\/blancfestival.com\/la-dinamica-interna\/#primaryimage"},"thumbnailUrl":"https:\/\/blancfestival.com\/wp-content\/uploads\/2022\/06\/1.jpg","datePublished":"2022-06-23T15:33:57+00:00","dateModified":"2022-12-19T09:38:06+00:00","breadcrumb":{"@id":"https:\/\/blancfestival.com\/la-dinamica-interna\/#breadcrumb"},"inLanguage":"en-US","potentialAction":[{"@type":"ReadAction","target":["https:\/\/blancfestival.com\/la-dinamica-interna\/"]}]},{"@type":"ImageObject","inLanguage":"en-US","@id":"https:\/\/blancfestival.com\/la-dinamica-interna\/#primaryimage","url":"https:\/\/blancfestival.com\/wp-content\/uploads\/2022\/06\/1.jpg","contentUrl":"https:\/\/blancfestival.com\/wp-content\/uploads\/2022\/06\/1.jpg","width":1000,"height":610},{"@type":"BreadcrumbList","@id":"https:\/\/blancfestival.com\/la-dinamica-interna\/#breadcrumb","itemListElement":[{"@type":"ListItem","position":1,"name":"Portada","item":"https:\/\/blancfestival.com\/en\/"},{"@type":"ListItem","position":2,"name":"La din\u00e1mica interna"}]},{"@type":"WebSite","@id":"https:\/\/blancfestival.com\/#website","url":"https:\/\/blancfestival.com\/","name":"Blanc! Festival","description":"Dise\u00f1o, Creatividad e Innovaci\u00f3n","publisher":{"@id":"https:\/\/blancfestival.com\/#organization"},"potentialAction":[{"@type":"SearchAction","target":{"@type":"EntryPoint","urlTemplate":"https:\/\/blancfestival.com\/?s={search_term_string}"},"query-input":{"@type":"PropertyValueSpecification","valueRequired":true,"valueName":"search_term_string"}}],"inLanguage":"en-US"},{"@type":"Organization","@id":"https:\/\/blancfestival.com\/#organization","name":"Blanc! Festival de Dise\u00f1o, Creatividad e Innovaci\u00f3n","url":"https:\/\/blancfestival.com\/","logo":{"@type":"ImageObject","inLanguage":"en-US","@id":"https:\/\/blancfestival.com\/#\/schema\/logo\/image\/","url":"https:\/\/blancfestival.com\/wp-content\/uploads\/2025\/01\/logo_icono_blanc.jpg","contentUrl":"https:\/\/blancfestival.com\/wp-content\/uploads\/2025\/01\/logo_icono_blanc.jpg","width":2000,"height":2000,"caption":"Blanc! Festival de Dise\u00f1o, Creatividad e Innovaci\u00f3n"},"image":{"@id":"https:\/\/blancfestival.com\/#\/schema\/logo\/image\/"},"sameAs":["https:\/\/www.facebook.com\/blanc.festivaldissenygrafic\/","https:\/\/x.com\/blancfest","https:\/\/www.instagram.com\/blancfest\/","https:\/\/www.linkedin.com\/company\/blanc-festival","https:\/\/www.pinterest.com\/blancfest\/","https:\/\/www.youtube.com\/channel\/UCM-IjxOFb5gQg4yPgmze3Gg"]},{"@type":"Person","@id":"https:\/\/blancfestival.com\/#\/schema\/person\/94e073ceca2ff39b979e89451b057c91","name":"Lia Par\u00eds","image":{"@type":"ImageObject","inLanguage":"en-US","@id":"https:\/\/blancfestival.com\/#\/schema\/person\/image\/","url":"https:\/\/blancfestival.com\/wp-content\/uploads\/2020\/03\/DSC1788-120x120.jpg","contentUrl":"https:\/\/blancfestival.com\/wp-content\/uploads\/2020\/03\/DSC1788-120x120.jpg","caption":"Lia Par\u00eds"},"description":"Antrop\u00f3loga, docente, project manager y mucho m\u00e1s.","sameAs":["https:\/\/eulaliaparis.com\/"]}]}},"_links":{"self":[{"href":"https:\/\/blancfestival.com\/en\/wp-json\/wp\/v2\/posts\/8858","targetHints":{"allow":["GET"]}}],"collection":[{"href":"https:\/\/blancfestival.com\/en\/wp-json\/wp\/v2\/posts"}],"about":[{"href":"https:\/\/blancfestival.com\/en\/wp-json\/wp\/v2\/types\/post"}],"author":[{"embeddable":true,"href":"https:\/\/blancfestival.com\/en\/wp-json\/wp\/v2\/users\/5"}],"replies":[{"embeddable":true,"href":"https:\/\/blancfestival.com\/en\/wp-json\/wp\/v2\/comments?post=8858"}],"version-history":[{"count":5,"href":"https:\/\/blancfestival.com\/en\/wp-json\/wp\/v2\/posts\/8858\/revisions"}],"predecessor-version":[{"id":8911,"href":"https:\/\/blancfestival.com\/en\/wp-json\/wp\/v2\/posts\/8858\/revisions\/8911"}],"wp:featuredmedia":[{"embeddable":true,"href":"https:\/\/blancfestival.com\/en\/wp-json\/wp\/v2\/media\/8865"}],"wp:attachment":[{"href":"https:\/\/blancfestival.com\/en\/wp-json\/wp\/v2\/media?parent=8858"}],"wp:term":[{"taxonomy":"category","embeddable":true,"href":"https:\/\/blancfestival.com\/en\/wp-json\/wp\/v2\/categories?post=8858"},{"taxonomy":"post_tag","embeddable":true,"href":"https:\/\/blancfestival.com\/en\/wp-json\/wp\/v2\/tags?post=8858"},{"taxonomy":"evento","embeddable":true,"href":"https:\/\/blancfestival.com\/en\/wp-json\/wp\/v2\/evento?post=8858"}],"curies":[{"name":"wp","href":"https:\/\/api.w.org\/{rel}","templated":true}]}}