{"id":9138,"date":"2022-07-07T15:23:31","date_gmt":"2022-07-07T13:23:31","guid":{"rendered":"https:\/\/blancfestival.com\/?p=9138"},"modified":"2022-07-15T12:51:56","modified_gmt":"2022-07-15T10:51:56","slug":"diseno-logo-de-apple","status":"publish","type":"post","link":"https:\/\/blancfestival.com\/en\/diseno-logo-de-apple\/","title":{"rendered":"Descubre el origen del logo de Apple: una mordida a su historia"},"content":{"rendered":"<p class=\"p1\">Sin duda alguna <a href=\"https:\/\/www.apple.com\/es\/\">Apple<\/a> ha logrado posicionarse como una de las <a href=\"https:\/\/blancfestival.com\/logo-by-memory-podrias-dibujar-los-logos-de-las-marcas-mas-famosas-de-memoria\/\">marcas<\/a> m\u00e1s importantes del mundo. No solo por la calidad de sus productos o la fuerza de su mensaje,<span class=\"Apple-converted-space\">\u00a0 <\/span>\u00a1que tambi\u00e9n! En este caso hablaremos sobre una de las caracter\u00edsticas m\u00e1s conocidas de esta empresa: nada m\u00e1s y nada menos que su logo.<\/p>\n<p class=\"p1\">Y es que, <b>el logo de Apple es uno de los casos de estudio m\u00e1s interesantes <\/b>cuando se trata de dise\u00f1o de logos. Porque han logrado asociar toda la historia de la marca a un objeto cotidiano que no tiene nada que ver con la tecnolog\u00eda.<\/p>\n<p class=\"p2\">\u00bfCu\u00e1l es la t\u00e9cnica detr\u00e1s de la manzana mordida? \u00bfPor qu\u00e9 ese s\u00edmbolo representa fielmente el mensaje de la marca? \u00a1Sigue leyendo!<\/p>\n<p><img loading=\"lazy\" decoding=\"async\" class=\"aligncenter wp-image-9142 size-full\" src=\"https:\/\/blancfestival.com\/wp-content\/uploads\/2022\/07\/pexels-photo-1237103.jpeg\" alt=\"Fotograf\u00eda de una tienda de Apple en la que se ve un r\u00f3tulo gigante de la manzana mordida. Un chico pasa por delante con un Iphone en la mano, en la que tambi\u00e9n se ve el logo.\" width=\"1000\" height=\"1500\" srcset=\"https:\/\/blancfestival.com\/wp-content\/uploads\/2022\/07\/pexels-photo-1237103.jpeg 1000w, https:\/\/blancfestival.com\/wp-content\/uploads\/2022\/07\/pexels-photo-1237103-250x375.jpeg 250w, https:\/\/blancfestival.com\/wp-content\/uploads\/2022\/07\/pexels-photo-1237103-700x1050.jpeg 700w, https:\/\/blancfestival.com\/wp-content\/uploads\/2022\/07\/pexels-photo-1237103-768x1152.jpeg 768w, https:\/\/blancfestival.com\/wp-content\/uploads\/2022\/07\/pexels-photo-1237103-120x180.jpeg 120w\" sizes=\"auto, (max-width: 1000px) 100vw, 1000px\" \/><\/p>\n<h2 class=\"p3\">\u00bfC\u00f3mo empieza la historia del logo de Apple?<\/h2>\n<p class=\"p1\">Todo comenz\u00f3 en el a\u00f1o 1976 cuando se fund\u00f3 la empresa Apple. Naturalmente, necesitaba un logo para distinguirse del resto de compa\u00f1\u00edas del sector tecnol\u00f3gico. Fue en ese momento cuando Ronald Wayne, uno de los cofundadores de la empresa, present\u00f3 un prototipo en el cual ven\u00eda trabajando a\u00f1os atr\u00e1s.<\/p>\n<p class=\"p1\">Era una composici\u00f3n compleja que inclu\u00eda a Newton, la manzana y la leyenda \u201cApple Computer CO\u201d. Con ello quer\u00edan transmitir <b>el mensaje de que Apple era tan revolucionaria en el sector tecnol\u00f3gico como lo fue Newton para la ciencia.<span class=\"Apple-converted-space\">\u00a0<\/span><\/b><\/p>\n<p class=\"p1\">Hizo falta tan solo un a\u00f1o para que optaran por cambiar de perspectiva. Esta vez a una versi\u00f3n que se concentraba en la manzana, tal como la conocemos hoy en d\u00eda.<\/p>\n<p class=\"p2\">Desde ese entonces present\u00f3 algunos en la combinaci\u00f3n de colores utilizada, pero siempre manteniendo la misma base: manzana y mordisco.<span class=\"Apple-converted-space\">\u00a0<\/span><\/p>\n<h3 class=\"p4\">\u00bfPor qu\u00e9 el logo de Apple es una manzana mordida?<\/h3>\n<p class=\"p1\">La respuesta a esta pregunta se debe a una de las soluciones pr\u00e1cticas m\u00e1s inteligentes en la historia del dise\u00f1o gr\u00e1fico.<span class=\"Apple-converted-space\">\u00a0<\/span><\/p>\n<p class=\"p1\">El creador de esta versi\u00f3n, Rob Jannof, era consciente de que ese logo aparecer\u00eda en muchos formatos y dispositivos. Por eso <b>estaba preocupado de que algunos usuarios no pudieran distinguir que se trataba de una manzana<\/b> y no de cualquier otra fruta.<\/p>\n<p class=\"p2\">Por esa raz\u00f3n decidi\u00f3 a\u00f1adir un mordisco que debido a su forma, tama\u00f1o y posici\u00f3n permite guiar la visual de las personas. <b>Se trata de brindarle al usuario la ayuda necesaria para que logre captar la idea<\/b> que se quiere transmitir.<\/p>\n<h3 class=\"p4\">\u00bfQu\u00e9 tipo de logo es el que usa Apple?<\/h3>\n<p class=\"p1\">Este logo pertenece al grupo de los isotipos por ser <b>una representaci\u00f3n conformada \u00fanicamente por un recurso gr\u00e1fico<\/b>: en este caso la manzana.<\/p>\n<p class=\"p2\">Con solo ese s\u00edmbolo se logra transmitir y representar a la marca. Despu\u00e9s de todo, con nada m\u00e1s ver esa famosa manzana las palabras sobran. \u00a1Ya todos sabemos a qu\u00e9 empresa pertenece!<\/p>\n<h2 class=\"p3\">Evoluci\u00f3n del dise\u00f1o del logo de Apple<\/h2>\n<p class=\"p1\">Hoy en d\u00eda todos asocian la manzana con un mordisco del lado derecho en el dise\u00f1o del logo Apple. Sin embargo, no siempre fue as\u00ed: a lo largo de la historia han existido diferentes versiones de este logo.<\/p>\n<p><img loading=\"lazy\" decoding=\"async\" class=\"aligncenter wp-image-9139 size-full\" title=\"Logo de apple, luces arco\u00edris\" src=\"https:\/\/blancfestival.com\/wp-content\/uploads\/2022\/07\/pexels-photo-986812.jpeg\" alt=\"Imagen de un Macbook cerr\u00e1ndose, en el que se ve el logo de la manzana iluminado. \" width=\"2520\" height=\"1418\" srcset=\"https:\/\/blancfestival.com\/wp-content\/uploads\/2022\/07\/pexels-photo-986812.jpeg 2520w, https:\/\/blancfestival.com\/wp-content\/uploads\/2022\/07\/pexels-photo-986812-250x141.jpeg 250w, https:\/\/blancfestival.com\/wp-content\/uploads\/2022\/07\/pexels-photo-986812-700x394.jpeg 700w, https:\/\/blancfestival.com\/wp-content\/uploads\/2022\/07\/pexels-photo-986812-768x432.jpeg 768w, https:\/\/blancfestival.com\/wp-content\/uploads\/2022\/07\/pexels-photo-986812-1536x864.jpeg 1536w, https:\/\/blancfestival.com\/wp-content\/uploads\/2022\/07\/pexels-photo-986812-2048x1152.jpeg 2048w, https:\/\/blancfestival.com\/wp-content\/uploads\/2022\/07\/pexels-photo-986812-120x68.jpeg 120w\" sizes=\"auto, (max-width: 2520px) 100vw, 2520px\" \/><\/p>\n<p class=\"p2\">Todas ellas reflejando la etapa de evoluci\u00f3n en la que se encontraba la marca<b>. A continuaci\u00f3n hacemos un peque\u00f1o repaso sobre su evoluci\u00f3n:<\/b><\/p>\n<h3 class=\"p4\">La manzana de Newton (1976)<\/h3>\n<p class=\"p1\">Era un logotipo en blanco y negro que inclu\u00eda un marco a Newton posado debajo de un \u00e1rbol del cual sobresal\u00eda una manzana. Se a\u00f1ad\u00eda el nombre de la empresa adem\u00e1s de la frase: <i>&#8220;Newton&#8230; una mente que siempre viajar\u00e1 a trav\u00e9s de los extra\u00f1os mares del pensamiento&#8221;.<\/i><\/p>\n<p class=\"p2\">Ese fue un buen comienzo que <b>plasmaba los ideales de innovaci\u00f3n que siempre se han asociado a esta prestigiosa empresa.<\/b> No obstante, era un logo poco pr\u00e1ctico para ser utilizado tanto en impresiones como digitalmente.<\/p>\n<h3 class=\"p4\">Manzana de arco\u00edris (1977-1998)<\/h3>\n<p class=\"p1\">Steve Jobs alert\u00f3 que el logo anterior era innecesariamente complejo y arcaico. Por eso contrataron a Rob Janoff, quien ide\u00f3 la primera versi\u00f3n del logo que conocemos actualmente.<\/p>\n<p class=\"p2\">Se trataba de una manzana con seis barras de diferentes colores que de acuerdo a su creador no representaba nada en espec\u00edfico. La \u00fanica condici\u00f3n era que el verde se ubicar\u00e1 en la parte superior para darle color a la hoja de la manzana.<\/p>\n<h3 class=\"p4\">Camino hacia un logo m\u00e1s minimalista (1998-Actualidad)<\/h3>\n<p class=\"p1\">Desde 1998 hasta hoy en d\u00eda el dise\u00f1o del logo de Apple ha presentado diversos cambios. En primer lugar, se descart\u00f3 la versi\u00f3n del arco\u00edris, el cual era dif\u00edcil de distinguir en algunas pantallas. As\u00ed que se tom\u00f3 la decisi\u00f3n de <b>siempre mantener un formato unicolor.<\/b><\/p>\n<p class=\"p1\">Pero m\u00e1s all\u00e1 de eso se han cambiado ligeramente los contornos y el juego de sombras. En resumen han existido representaciones de la manzana en: azul trasl\u00facido (1998), negro monocrom\u00e1tico (1998 \u2013 2000), versi\u00f3n agua (2001 \u2013 2007) y cromo (2007).<\/p>\n","protected":false},"excerpt":{"rendered":"Sin duda alguna Apple ha logrado posicionarse como una de las marcas m\u00e1s importantes del mundo. No solo por la calidad de sus productos o la fuerza de su mensaje,\u00a0 \u00a1que tambi\u00e9n! En este caso hablaremos sobre una de las caracter\u00edsticas m\u00e1s conocidas de esta empresa: nada m\u00e1s y nada menos que su logo. Y&hellip;","protected":false},"author":3,"featured_media":9142,"comment_status":"open","ping_status":"open","sticky":false,"template":"","format":"standard","meta":{"_acf_changed":false,"footnotes":""},"categories":[152],"tags":[287,288,290,291,293,294,183,30],"evento":[],"class_list":["post-9138","post","type-post","status-publish","format-standard","has-post-thumbnail","hentry","category-blanc-basics","tag-apple","tag-tecnologia","tag-manzana","tag-mordida","tag-historia","tag-evolucion","tag-logotipo","tag-diseno-grafico"],"acf":[],"yoast_head":"<!-- This site is optimized with the Yoast SEO plugin v23.7 - https:\/\/yoast.com\/wordpress\/plugins\/seo\/ -->\n<title>Descubre el origen del dise\u00f1o del logo de Apple: una mordida a su historia<\/title>\n<meta name=\"description\" content=\"\u00bfPor qu\u00e9 el logo de Apple es una manzana mordida? Te mostramos r\u00e1pidamente la evoluci\u00f3n de este dise\u00f1o desde el mensaje hasta el logo actual.\" \/>\n<meta name=\"robots\" content=\"index, follow, max-snippet:-1, max-image-preview:large, max-video-preview:-1\" \/>\n<link rel=\"canonical\" href=\"https:\/\/blancfestival.com\/diseno-logo-de-apple\/\" \/>\n<meta property=\"og:locale\" content=\"en_US\" \/>\n<meta property=\"og:type\" content=\"article\" \/>\n<meta property=\"og:title\" content=\"Descubre el origen del dise\u00f1o del logo de Apple: una mordida a su historia\" \/>\n<meta property=\"og:description\" content=\"\u00bfPor qu\u00e9 el logo de Apple es una manzana mordida? Te mostramos r\u00e1pidamente la evoluci\u00f3n de este dise\u00f1o desde el mensaje hasta el logo actual.\" \/>\n<meta property=\"og:url\" content=\"https:\/\/blancfestival.com\/diseno-logo-de-apple\/\" \/>\n<meta property=\"og:site_name\" content=\"Blanc!\" \/>\n<meta property=\"article:publisher\" content=\"https:\/\/www.facebook.com\/blanc.festivaldissenygrafic\/\" \/>\n<meta property=\"article:published_time\" content=\"2022-07-07T13:23:31+00:00\" \/>\n<meta property=\"article:modified_time\" content=\"2022-07-15T10:51:56+00:00\" \/>\n<meta property=\"og:image\" content=\"https:\/\/blancfestival.com\/wp-content\/uploads\/2022\/07\/pexels-photo-1237103.jpeg\" \/>\n\t<meta property=\"og:image:width\" content=\"1000\" \/>\n\t<meta property=\"og:image:height\" content=\"1500\" \/>\n\t<meta property=\"og:image:type\" content=\"image\/jpeg\" \/>\n<meta name=\"author\" content=\"Redacci\u00f3n Blanc!\" \/>\n<meta name=\"twitter:card\" content=\"summary_large_image\" \/>\n<meta name=\"twitter:creator\" content=\"@blancfest\" \/>\n<meta name=\"twitter:site\" content=\"@blancfest\" \/>\n<meta name=\"twitter:label1\" content=\"Written by\" \/>\n\t<meta name=\"twitter:data1\" content=\"Redacci\u00f3n Blanc!\" \/>\n\t<meta name=\"twitter:label2\" content=\"Est. reading time\" \/>\n\t<meta name=\"twitter:data2\" content=\"4 minutes\" \/>\n<script type=\"application\/ld+json\" class=\"yoast-schema-graph\">{\"@context\":\"https:\/\/schema.org\",\"@graph\":[{\"@type\":\"Article\",\"@id\":\"https:\/\/blancfestival.com\/diseno-logo-de-apple\/#article\",\"isPartOf\":{\"@id\":\"https:\/\/blancfestival.com\/diseno-logo-de-apple\/\"},\"author\":{\"name\":\"Redacci\u00f3n Blanc!\",\"@id\":\"https:\/\/blancfestival.com\/#\/schema\/person\/1c1365d1e51e5730cf3f5fadb8670c06\"},\"headline\":\"Descubre el origen del logo de Apple: una mordida a su historia\",\"datePublished\":\"2022-07-07T13:23:31+00:00\",\"dateModified\":\"2022-07-15T10:51:56+00:00\",\"mainEntityOfPage\":{\"@id\":\"https:\/\/blancfestival.com\/diseno-logo-de-apple\/\"},\"wordCount\":848,\"commentCount\":0,\"publisher\":{\"@id\":\"https:\/\/blancfestival.com\/#organization\"},\"image\":{\"@id\":\"https:\/\/blancfestival.com\/diseno-logo-de-apple\/#primaryimage\"},\"thumbnailUrl\":\"https:\/\/blancfestival.com\/wp-content\/uploads\/2022\/07\/pexels-photo-1237103.jpeg\",\"keywords\":[\"apple\",\"tecnolog\u00eda\",\"manzana\",\"mordida\",\"historia\",\"evoluci\u00f3n\",\"logotipo\",\"dise\u00f1o gr\u00e1fico\"],\"articleSection\":[\"Blanc Basics\"],\"inLanguage\":\"en-US\",\"potentialAction\":[{\"@type\":\"CommentAction\",\"name\":\"Comment\",\"target\":[\"https:\/\/blancfestival.com\/diseno-logo-de-apple\/#respond\"]}]},{\"@type\":\"WebPage\",\"@id\":\"https:\/\/blancfestival.com\/diseno-logo-de-apple\/\",\"url\":\"https:\/\/blancfestival.com\/diseno-logo-de-apple\/\",\"name\":\"Descubre el origen del dise\u00f1o del logo de Apple: una mordida a su historia\",\"isPartOf\":{\"@id\":\"https:\/\/blancfestival.com\/#website\"},\"primaryImageOfPage\":{\"@id\":\"https:\/\/blancfestival.com\/diseno-logo-de-apple\/#primaryimage\"},\"image\":{\"@id\":\"https:\/\/blancfestival.com\/diseno-logo-de-apple\/#primaryimage\"},\"thumbnailUrl\":\"https:\/\/blancfestival.com\/wp-content\/uploads\/2022\/07\/pexels-photo-1237103.jpeg\",\"datePublished\":\"2022-07-07T13:23:31+00:00\",\"dateModified\":\"2022-07-15T10:51:56+00:00\",\"description\":\"\u00bfPor qu\u00e9 el logo de Apple es una manzana mordida? Te mostramos r\u00e1pidamente la evoluci\u00f3n de este dise\u00f1o desde el mensaje hasta el logo actual.\",\"breadcrumb\":{\"@id\":\"https:\/\/blancfestival.com\/diseno-logo-de-apple\/#breadcrumb\"},\"inLanguage\":\"en-US\",\"potentialAction\":[{\"@type\":\"ReadAction\",\"target\":[\"https:\/\/blancfestival.com\/diseno-logo-de-apple\/\"]}]},{\"@type\":\"ImageObject\",\"inLanguage\":\"en-US\",\"@id\":\"https:\/\/blancfestival.com\/diseno-logo-de-apple\/#primaryimage\",\"url\":\"https:\/\/blancfestival.com\/wp-content\/uploads\/2022\/07\/pexels-photo-1237103.jpeg\",\"contentUrl\":\"https:\/\/blancfestival.com\/wp-content\/uploads\/2022\/07\/pexels-photo-1237103.jpeg\",\"width\":1000,\"height\":1500},{\"@type\":\"BreadcrumbList\",\"@id\":\"https:\/\/blancfestival.com\/diseno-logo-de-apple\/#breadcrumb\",\"itemListElement\":[{\"@type\":\"ListItem\",\"position\":1,\"name\":\"Portada\",\"item\":\"https:\/\/blancfestival.com\/en\/\"},{\"@type\":\"ListItem\",\"position\":2,\"name\":\"Descubre el origen del logo de Apple: una mordida a su historia\"}]},{\"@type\":\"WebSite\",\"@id\":\"https:\/\/blancfestival.com\/#website\",\"url\":\"https:\/\/blancfestival.com\/\",\"name\":\"Blanc! Festival\",\"description\":\"Dise\u00f1o, Creatividad e Innovaci\u00f3n\",\"publisher\":{\"@id\":\"https:\/\/blancfestival.com\/#organization\"},\"potentialAction\":[{\"@type\":\"SearchAction\",\"target\":{\"@type\":\"EntryPoint\",\"urlTemplate\":\"https:\/\/blancfestival.com\/?s={search_term_string}\"},\"query-input\":{\"@type\":\"PropertyValueSpecification\",\"valueRequired\":true,\"valueName\":\"search_term_string\"}}],\"inLanguage\":\"en-US\"},{\"@type\":\"Organization\",\"@id\":\"https:\/\/blancfestival.com\/#organization\",\"name\":\"Blanc! Festival de Dise\u00f1o, Creatividad e Innovaci\u00f3n\",\"url\":\"https:\/\/blancfestival.com\/\",\"logo\":{\"@type\":\"ImageObject\",\"inLanguage\":\"en-US\",\"@id\":\"https:\/\/blancfestival.com\/#\/schema\/logo\/image\/\",\"url\":\"https:\/\/blancfestival.com\/wp-content\/uploads\/2025\/01\/logo_icono_blanc.jpg\",\"contentUrl\":\"https:\/\/blancfestival.com\/wp-content\/uploads\/2025\/01\/logo_icono_blanc.jpg\",\"width\":2000,\"height\":2000,\"caption\":\"Blanc! Festival de Dise\u00f1o, Creatividad e Innovaci\u00f3n\"},\"image\":{\"@id\":\"https:\/\/blancfestival.com\/#\/schema\/logo\/image\/\"},\"sameAs\":[\"https:\/\/www.facebook.com\/blanc.festivaldissenygrafic\/\",\"https:\/\/x.com\/blancfest\",\"https:\/\/www.instagram.com\/blancfest\/\",\"https:\/\/www.linkedin.com\/company\/blanc-festival\",\"https:\/\/www.pinterest.com\/blancfest\/\",\"https:\/\/www.youtube.com\/channel\/UCM-IjxOFb5gQg4yPgmze3Gg\"]},{\"@type\":\"Person\",\"@id\":\"https:\/\/blancfestival.com\/#\/schema\/person\/1c1365d1e51e5730cf3f5fadb8670c06\",\"name\":\"Redacci\u00f3n Blanc!\",\"image\":{\"@type\":\"ImageObject\",\"inLanguage\":\"en-US\",\"@id\":\"https:\/\/blancfestival.com\/#\/schema\/person\/image\/\",\"url\":\"https:\/\/blancfestival.com\/wp-content\/uploads\/2020\/02\/ico-120x120.png\",\"contentUrl\":\"https:\/\/blancfestival.com\/wp-content\/uploads\/2020\/02\/ico-120x120.png\",\"caption\":\"Redacci\u00f3n Blanc!\"},\"description\":\"\u201cNo trates de doblar la cuchara. Es imposible. En lugar de hacerlo, solo intenta darte cuenta de la verdad\u2026 No hay cuchara. Entonces, ver\u00e1s que no es la cuchara lo que se dobla, te doblas t\u00fa\u201d\"}]}<\/script>\n<!-- \/ Yoast SEO plugin. -->","yoast_head_json":{"title":"Descubre el origen del dise\u00f1o del logo de Apple: una mordida a su historia","description":"\u00bfPor qu\u00e9 el logo de Apple es una manzana mordida? Te mostramos r\u00e1pidamente la evoluci\u00f3n de este dise\u00f1o desde el mensaje hasta el logo actual.","robots":{"index":"index","follow":"follow","max-snippet":"max-snippet:-1","max-image-preview":"max-image-preview:large","max-video-preview":"max-video-preview:-1"},"canonical":"https:\/\/blancfestival.com\/diseno-logo-de-apple\/","og_locale":"en_US","og_type":"article","og_title":"Descubre el origen del dise\u00f1o del logo de Apple: una mordida a su historia","og_description":"\u00bfPor qu\u00e9 el logo de Apple es una manzana mordida? Te mostramos r\u00e1pidamente la evoluci\u00f3n de este dise\u00f1o desde el mensaje hasta el logo actual.","og_url":"https:\/\/blancfestival.com\/diseno-logo-de-apple\/","og_site_name":"Blanc!","article_publisher":"https:\/\/www.facebook.com\/blanc.festivaldissenygrafic\/","article_published_time":"2022-07-07T13:23:31+00:00","article_modified_time":"2022-07-15T10:51:56+00:00","og_image":[{"width":1000,"height":1500,"url":"https:\/\/blancfestival.com\/wp-content\/uploads\/2022\/07\/pexels-photo-1237103.jpeg","type":"image\/jpeg"}],"author":"Redacci\u00f3n Blanc!","twitter_card":"summary_large_image","twitter_creator":"@blancfest","twitter_site":"@blancfest","twitter_misc":{"Written by":"Redacci\u00f3n Blanc!","Est. reading time":"4 minutes"},"schema":{"@context":"https:\/\/schema.org","@graph":[{"@type":"Article","@id":"https:\/\/blancfestival.com\/diseno-logo-de-apple\/#article","isPartOf":{"@id":"https:\/\/blancfestival.com\/diseno-logo-de-apple\/"},"author":{"name":"Redacci\u00f3n Blanc!","@id":"https:\/\/blancfestival.com\/#\/schema\/person\/1c1365d1e51e5730cf3f5fadb8670c06"},"headline":"Descubre el origen del logo de Apple: una mordida a su historia","datePublished":"2022-07-07T13:23:31+00:00","dateModified":"2022-07-15T10:51:56+00:00","mainEntityOfPage":{"@id":"https:\/\/blancfestival.com\/diseno-logo-de-apple\/"},"wordCount":848,"commentCount":0,"publisher":{"@id":"https:\/\/blancfestival.com\/#organization"},"image":{"@id":"https:\/\/blancfestival.com\/diseno-logo-de-apple\/#primaryimage"},"thumbnailUrl":"https:\/\/blancfestival.com\/wp-content\/uploads\/2022\/07\/pexels-photo-1237103.jpeg","keywords":["apple","tecnolog\u00eda","manzana","mordida","historia","evoluci\u00f3n","logotipo","dise\u00f1o gr\u00e1fico"],"articleSection":["Blanc Basics"],"inLanguage":"en-US","potentialAction":[{"@type":"CommentAction","name":"Comment","target":["https:\/\/blancfestival.com\/diseno-logo-de-apple\/#respond"]}]},{"@type":"WebPage","@id":"https:\/\/blancfestival.com\/diseno-logo-de-apple\/","url":"https:\/\/blancfestival.com\/diseno-logo-de-apple\/","name":"Descubre el origen del dise\u00f1o del logo de Apple: una mordida a su historia","isPartOf":{"@id":"https:\/\/blancfestival.com\/#website"},"primaryImageOfPage":{"@id":"https:\/\/blancfestival.com\/diseno-logo-de-apple\/#primaryimage"},"image":{"@id":"https:\/\/blancfestival.com\/diseno-logo-de-apple\/#primaryimage"},"thumbnailUrl":"https:\/\/blancfestival.com\/wp-content\/uploads\/2022\/07\/pexels-photo-1237103.jpeg","datePublished":"2022-07-07T13:23:31+00:00","dateModified":"2022-07-15T10:51:56+00:00","description":"\u00bfPor qu\u00e9 el logo de Apple es una manzana mordida? Te mostramos r\u00e1pidamente la evoluci\u00f3n de este dise\u00f1o desde el mensaje hasta el logo actual.","breadcrumb":{"@id":"https:\/\/blancfestival.com\/diseno-logo-de-apple\/#breadcrumb"},"inLanguage":"en-US","potentialAction":[{"@type":"ReadAction","target":["https:\/\/blancfestival.com\/diseno-logo-de-apple\/"]}]},{"@type":"ImageObject","inLanguage":"en-US","@id":"https:\/\/blancfestival.com\/diseno-logo-de-apple\/#primaryimage","url":"https:\/\/blancfestival.com\/wp-content\/uploads\/2022\/07\/pexels-photo-1237103.jpeg","contentUrl":"https:\/\/blancfestival.com\/wp-content\/uploads\/2022\/07\/pexels-photo-1237103.jpeg","width":1000,"height":1500},{"@type":"BreadcrumbList","@id":"https:\/\/blancfestival.com\/diseno-logo-de-apple\/#breadcrumb","itemListElement":[{"@type":"ListItem","position":1,"name":"Portada","item":"https:\/\/blancfestival.com\/en\/"},{"@type":"ListItem","position":2,"name":"Descubre el origen del logo de Apple: una mordida a su historia"}]},{"@type":"WebSite","@id":"https:\/\/blancfestival.com\/#website","url":"https:\/\/blancfestival.com\/","name":"Blanc! Festival","description":"Dise\u00f1o, Creatividad e Innovaci\u00f3n","publisher":{"@id":"https:\/\/blancfestival.com\/#organization"},"potentialAction":[{"@type":"SearchAction","target":{"@type":"EntryPoint","urlTemplate":"https:\/\/blancfestival.com\/?s={search_term_string}"},"query-input":{"@type":"PropertyValueSpecification","valueRequired":true,"valueName":"search_term_string"}}],"inLanguage":"en-US"},{"@type":"Organization","@id":"https:\/\/blancfestival.com\/#organization","name":"Blanc! Festival de Dise\u00f1o, Creatividad e Innovaci\u00f3n","url":"https:\/\/blancfestival.com\/","logo":{"@type":"ImageObject","inLanguage":"en-US","@id":"https:\/\/blancfestival.com\/#\/schema\/logo\/image\/","url":"https:\/\/blancfestival.com\/wp-content\/uploads\/2025\/01\/logo_icono_blanc.jpg","contentUrl":"https:\/\/blancfestival.com\/wp-content\/uploads\/2025\/01\/logo_icono_blanc.jpg","width":2000,"height":2000,"caption":"Blanc! Festival de Dise\u00f1o, Creatividad e Innovaci\u00f3n"},"image":{"@id":"https:\/\/blancfestival.com\/#\/schema\/logo\/image\/"},"sameAs":["https:\/\/www.facebook.com\/blanc.festivaldissenygrafic\/","https:\/\/x.com\/blancfest","https:\/\/www.instagram.com\/blancfest\/","https:\/\/www.linkedin.com\/company\/blanc-festival","https:\/\/www.pinterest.com\/blancfest\/","https:\/\/www.youtube.com\/channel\/UCM-IjxOFb5gQg4yPgmze3Gg"]},{"@type":"Person","@id":"https:\/\/blancfestival.com\/#\/schema\/person\/1c1365d1e51e5730cf3f5fadb8670c06","name":"Redacci\u00f3n Blanc!","image":{"@type":"ImageObject","inLanguage":"en-US","@id":"https:\/\/blancfestival.com\/#\/schema\/person\/image\/","url":"https:\/\/blancfestival.com\/wp-content\/uploads\/2020\/02\/ico-120x120.png","contentUrl":"https:\/\/blancfestival.com\/wp-content\/uploads\/2020\/02\/ico-120x120.png","caption":"Redacci\u00f3n Blanc!"},"description":"\u201cNo trates de doblar la cuchara. Es imposible. En lugar de hacerlo, solo intenta darte cuenta de la verdad\u2026 No hay cuchara. Entonces, ver\u00e1s que no es la cuchara lo que se dobla, te doblas t\u00fa\u201d"}]}},"_links":{"self":[{"href":"https:\/\/blancfestival.com\/en\/wp-json\/wp\/v2\/posts\/9138","targetHints":{"allow":["GET"]}}],"collection":[{"href":"https:\/\/blancfestival.com\/en\/wp-json\/wp\/v2\/posts"}],"about":[{"href":"https:\/\/blancfestival.com\/en\/wp-json\/wp\/v2\/types\/post"}],"author":[{"embeddable":true,"href":"https:\/\/blancfestival.com\/en\/wp-json\/wp\/v2\/users\/3"}],"replies":[{"embeddable":true,"href":"https:\/\/blancfestival.com\/en\/wp-json\/wp\/v2\/comments?post=9138"}],"version-history":[{"count":4,"href":"https:\/\/blancfestival.com\/en\/wp-json\/wp\/v2\/posts\/9138\/revisions"}],"predecessor-version":[{"id":9286,"href":"https:\/\/blancfestival.com\/en\/wp-json\/wp\/v2\/posts\/9138\/revisions\/9286"}],"wp:featuredmedia":[{"embeddable":true,"href":"https:\/\/blancfestival.com\/en\/wp-json\/wp\/v2\/media\/9142"}],"wp:attachment":[{"href":"https:\/\/blancfestival.com\/en\/wp-json\/wp\/v2\/media?parent=9138"}],"wp:term":[{"taxonomy":"category","embeddable":true,"href":"https:\/\/blancfestival.com\/en\/wp-json\/wp\/v2\/categories?post=9138"},{"taxonomy":"post_tag","embeddable":true,"href":"https:\/\/blancfestival.com\/en\/wp-json\/wp\/v2\/tags?post=9138"},{"taxonomy":"evento","embeddable":true,"href":"https:\/\/blancfestival.com\/en\/wp-json\/wp\/v2\/evento?post=9138"}],"curies":[{"name":"wp","href":"https:\/\/api.w.org\/{rel}","templated":true}]}}