{"id":9236,"date":"2022-07-11T17:31:01","date_gmt":"2022-07-11T15:31:01","guid":{"rendered":"https:\/\/blancfestival.com\/?p=9236"},"modified":"2022-11-03T13:28:50","modified_gmt":"2022-11-03T12:28:50","slug":"poco-se-ha-dicho-de-joan-costa-homenaje","status":"publish","type":"post","link":"https:\/\/blancfestival.com\/en\/poco-se-ha-dicho-de-joan-costa-homenaje\/","title":{"rendered":"Poco se ha dicho de Joan Costa"},"content":{"rendered":"<p>Empez\u00f3 en el mundo del dise\u00f1o a la edad de 10 a\u00f1os por vivir cerca de un cine y fijarse cada d\u00eda en la pizarra donde anunciaban las pel\u00edculas. Comenz\u00f3 a escribir en aquellas pizarras por 5 pesetas y desde entonces fue empalmando los trabajos, un encargo le llevaba al siguiente y as\u00ed sucesivamente. Primero como <i>dibujante comercial<\/i>, el nombre por el que se conoc\u00eda la profesi\u00f3n, seguidamente trabaj\u00f3 como <i>grafista<\/i> hasta llegar a la denominaci\u00f3n actual, <i>dise\u00f1ador gr\u00e1fico<\/i>.<br \/>\n<img loading=\"lazy\" decoding=\"async\" class=\"aligncenter wp-image-9240 size-large\" src=\"https:\/\/blancfestival.com\/wp-content\/uploads\/2022\/07\/Homenatge_a_Joan_Costa-15-1-700x466.jpg\" alt=\"\" width=\"700\" height=\"466\" srcset=\"https:\/\/blancfestival.com\/wp-content\/uploads\/2022\/07\/Homenatge_a_Joan_Costa-15-1-700x466.jpg 700w, https:\/\/blancfestival.com\/wp-content\/uploads\/2022\/07\/Homenatge_a_Joan_Costa-15-1-250x166.jpg 250w, https:\/\/blancfestival.com\/wp-content\/uploads\/2022\/07\/Homenatge_a_Joan_Costa-15-1-768x511.jpg 768w, https:\/\/blancfestival.com\/wp-content\/uploads\/2022\/07\/Homenatge_a_Joan_Costa-15-1-1536x1022.jpg 1536w, https:\/\/blancfestival.com\/wp-content\/uploads\/2022\/07\/Homenatge_a_Joan_Costa-15-1-120x80.jpg 120w, https:\/\/blancfestival.com\/wp-content\/uploads\/2022\/07\/Homenatge_a_Joan_Costa-15-1-272x182.jpg 272w, https:\/\/blancfestival.com\/wp-content\/uploads\/2022\/07\/Homenatge_a_Joan_Costa-15-1.jpg 1920w\" sizes=\"auto, (max-width: 700px) 100vw, 700px\" \/><\/p>\n<p class=\"p1\"><b>Joan Costa<\/b> (Badalona, 1926) es dise\u00f1ador, soci\u00f3logo, comunic\u00f3logo y metod\u00f3logo. Doctor Honoris Causa por la Universidad Jaume I (Espa\u00f1a), la Universidad Empresa Siglo XXI (Argentina), y la Universidad Peruana de Ciencias Aplicadas (Per\u00fa). Con formaci\u00f3n autodidacta por necesidad y emprendedor por fuerza, se define como librepensador y francotirador. Donde pone el ojo pone la reflexi\u00f3n.<\/p>\n<p class=\"p1\">Fue un pionero al academizar la Comunicaci\u00f3n Visual o el DirCom, y en hablar por primera vez en el mundo sobre integrar las comunicaciones de la empresa. Entendi\u00f3 r\u00e1pidamente que dise\u00f1o, publicidad, marketing\u2026 pasar\u00edan a ser herramientas t\u00e9cnicas de la estrategia global. <strong>Se habla mucho de la idea de &#8220;abrir caminos&#8230;&#8221; pero es que Costa construy\u00f3 el camino; lo traz\u00f3 y habilit\u00f3 para todos nosotros<\/strong>.<\/p>\n<p class=\"p1\">Parece que hay una idea preestablecida que solo son importantes para el dise\u00f1o aquellos y aquellas que ejercen su profesi\u00f3n desde la pr\u00e1ctica. Cuando la pr\u00e1ctica es la aplicaci\u00f3n real y experimental de una ciencia o teor\u00eda. Costa ha sido una figura poco comprendida en el sector, igual por su avanzada visi\u00f3n sobre la comunicaci\u00f3n visual y el dise\u00f1o gr\u00e1fico.<\/p>\n<p>&nbsp;<\/p>\n<p class=\"p3\" style=\"text-align: center;\">\u201cJoan Costa o la potencia del pensamiento.\u201d Abraham Moles<span class=\"Apple-converted-space\">\u00a0<\/span><\/p>\n<p>&nbsp;<\/p>\n<p><img loading=\"lazy\" decoding=\"async\" width=\"700\" height=\"466\" class=\"aligncenter size-large wp-image-9258\" src=\"https:\/\/blancfestival.com\/wp-content\/uploads\/2022\/07\/Homenatge_a_Joan_Costa-21-700x466.jpg\" alt=\"\" srcset=\"https:\/\/blancfestival.com\/wp-content\/uploads\/2022\/07\/Homenatge_a_Joan_Costa-21-700x466.jpg 700w, https:\/\/blancfestival.com\/wp-content\/uploads\/2022\/07\/Homenatge_a_Joan_Costa-21-250x166.jpg 250w, https:\/\/blancfestival.com\/wp-content\/uploads\/2022\/07\/Homenatge_a_Joan_Costa-21-768x511.jpg 768w, https:\/\/blancfestival.com\/wp-content\/uploads\/2022\/07\/Homenatge_a_Joan_Costa-21-1536x1022.jpg 1536w, https:\/\/blancfestival.com\/wp-content\/uploads\/2022\/07\/Homenatge_a_Joan_Costa-21-2048x1363.jpg 2048w, https:\/\/blancfestival.com\/wp-content\/uploads\/2022\/07\/Homenatge_a_Joan_Costa-21-120x80.jpg 120w, https:\/\/blancfestival.com\/wp-content\/uploads\/2022\/07\/Homenatge_a_Joan_Costa-21-272x182.jpg 272w\" sizes=\"auto, (max-width: 700px) 100vw, 700px\" \/><\/p>\n<p class=\"p1\">Costa es una persona sencilla y moderada. Muy riguroso en el cumplimiento de las normas y en el buen hacer. En el respeto al oficio y a los valores tradicionales como la propuesta metodol\u00f3gica pr\u00e1ctica. Comprender la comunicaci\u00f3n visual le supuso entender la naturaleza humana, universal y matricial. Le ha interesado desde siempre las relaciones de las personas con las representaciones, los s\u00edmbolos, las im\u00e1genes, los signos, las formas y los colores. No tanto por sus mensajes, sino por los fen\u00f3menos de comunicaci\u00f3n, los hechos sociales.<\/p>\n<p>&nbsp;<\/p>\n<p class=\"p3\" style=\"text-align: center;\">\u201cJoan Costa fue mi profesor favorito en la universidad y desde entonces no he dejado de considerarlo un maestro capaz de reunir imaginaci\u00f3n en las ideas, profundidad en el an\u00e1lisis y claridad en la exposici\u00f3n.\u201d Joan Fontcuberta<span class=\"Apple-converted-space\">\u00a0<\/span><\/p>\n<p>&nbsp;<\/p>\n<p class=\"p1\">Hacia los a\u00f1os &#8217;50 empez\u00f3 a trabajar para Gallina Blanca, con el empresario, escritor y mecenas, Llu\u00eds Carulla. Marc\u00f3 un antes y un despu\u00e9s, por el trabajo realizado y por la relaci\u00f3n con el propio Carulla. Le hizo crecer como profesional generando en \u00e9l una visi\u00f3n de empresa y un atributo que conserva desde entonces, el ir al grano de la cuesti\u00f3n.<\/p>\n<p class=\"p1\">Estimulado por la idea de transmitir y comunicar, en 1971 tras investigar y escribir durante un tiempo acab\u00f3 publicando un libro, <i>La Imagen y el impacto psicovisual<\/i>, que le marcar\u00eda tres grandes frentes: el campo profesional, el campo acad\u00e9mico y el campo de consultor\u00eda.<\/p>\n<p><img loading=\"lazy\" decoding=\"async\" class=\"aligncenter wp-image-9243 size-large\" src=\"https:\/\/blancfestival.com\/wp-content\/uploads\/2022\/07\/Homenatge_a_Joan_Costa-17-700x521.jpg\" alt=\"\" width=\"700\" height=\"521\" srcset=\"https:\/\/blancfestival.com\/wp-content\/uploads\/2022\/07\/Homenatge_a_Joan_Costa-17-700x521.jpg 700w, https:\/\/blancfestival.com\/wp-content\/uploads\/2022\/07\/Homenatge_a_Joan_Costa-17-250x186.jpg 250w, https:\/\/blancfestival.com\/wp-content\/uploads\/2022\/07\/Homenatge_a_Joan_Costa-17-768x572.jpg 768w, https:\/\/blancfestival.com\/wp-content\/uploads\/2022\/07\/Homenatge_a_Joan_Costa-17-1536x1143.jpg 1536w, https:\/\/blancfestival.com\/wp-content\/uploads\/2022\/07\/Homenatge_a_Joan_Costa-17-120x89.jpg 120w, https:\/\/blancfestival.com\/wp-content\/uploads\/2022\/07\/Homenatge_a_Joan_Costa-17.jpg 1920w\" sizes=\"auto, (max-width: 700px) 100vw, 700px\" \/><\/p>\n<p class=\"p1\">En 1972, en un viaje a Niza por el Congreso de Comunicaci\u00f3n de principios te\u00f3ricos y f\u00f3rmulas matem\u00e1ticas, conoci\u00f3 a uno de los padres de la moderna ciencia de la comunicaci\u00f3n, Abraham Moles, que fue adem\u00e1s profesor de la Escuela Ulm. Juntos compartieron durante mucho tiempo la pasi\u00f3n por las im\u00e1genes, el dise\u00f1o y la comunicaci\u00f3n. Costa y Moles dirigieron varios proyectos conjuntamente, escribieron un total de seis libros y organizaron la <i>Enciclopedia del Dise\u00f1o<\/i> (CEAC).<\/p>\n<p class=\"p4\"><strong>Costa es el promotor de la Comunicolog\u00eda<\/strong>. En 1973 es invitado como asesor del Banco Nacional de M\u00e9xico para abordar un cambio radical en el modelo de negocio que implicaba tambi\u00e9n la renovaci\u00f3n del concepto de productos, de procedimientos, de estructuras y de mentalidad de todo el banco aplicando el <i>financial marketing<\/i> reci\u00e9n llegado a M\u00e9xico. Ese per\u00edodo fue el preludio del auge de los servicios y la agon\u00eda de la econom\u00eda industrial. Este encargo le produjo la formaci\u00f3n profesional de lo que estaba apunto de ocurrir en Espa\u00f1a.<\/p>\n<p><img loading=\"lazy\" decoding=\"async\" width=\"700\" height=\"484\" class=\"aligncenter size-large wp-image-9270\" src=\"https:\/\/blancfestival.com\/wp-content\/uploads\/2022\/07\/IMAGEN-DIDA\u0301CTICA_COSTA-MOLES_1991_2-700x484.jpg\" alt=\"\" srcset=\"https:\/\/blancfestival.com\/wp-content\/uploads\/2022\/07\/IMAGEN-DIDA\u0301CTICA_COSTA-MOLES_1991_2-700x484.jpg 700w, https:\/\/blancfestival.com\/wp-content\/uploads\/2022\/07\/IMAGEN-DIDA\u0301CTICA_COSTA-MOLES_1991_2-250x173.jpg 250w, https:\/\/blancfestival.com\/wp-content\/uploads\/2022\/07\/IMAGEN-DIDA\u0301CTICA_COSTA-MOLES_1991_2-768x531.jpg 768w, https:\/\/blancfestival.com\/wp-content\/uploads\/2022\/07\/IMAGEN-DIDA\u0301CTICA_COSTA-MOLES_1991_2-1536x1062.jpg 1536w, https:\/\/blancfestival.com\/wp-content\/uploads\/2022\/07\/IMAGEN-DIDA\u0301CTICA_COSTA-MOLES_1991_2-120x83.jpg 120w, https:\/\/blancfestival.com\/wp-content\/uploads\/2022\/07\/IMAGEN-DIDA\u0301CTICA_COSTA-MOLES_1991_2.jpg 1553w\" sizes=\"auto, (max-width: 700px) 100vw, 700px\" \/><\/p>\n<p class=\"p4\">Es el momento en el que nace la cultura del servicio, empezaba una nueva era en la que lo importante no era el producto, sino los valores institucionales, la cercan\u00eda, la empat\u00eda con los clientes y la sociedad. En las empresas ya no bastaba con crear una imagen externa y una imagen ambiental interna. La idea impulsada por Joan Costa es: \u00ab\u00a1Todo comunica!\u00bb.<span class=\"Apple-converted-space\">\u00a0<\/span><\/p>\n<p class=\"p1\">A mediados de los a\u00f1os &#8217;70 crea la primera consultor\u00eda en imagen y comunicaci\u00f3n en Barcelona, CIAC &#8211; <strong>Centro de Investigaci\u00f3n y Aplicaciones de la Comunicaci\u00f3n<\/strong>. Especializada en asesorar en la toma de decisiones sobre cuestiones globales de imagen y comunicaci\u00f3n corporativa. Inicia sus colaboraciones con empresas y universidades de Europa y Am\u00e9rica latina. Un gran n\u00famero y diversidad de empresas, instituciones y organizaciones internacionales jalonan la trayectoria de la Consultor\u00eda, ahora renovada desde <i>Joan Costa Institute<\/i>.<\/p>\n<p><img loading=\"lazy\" decoding=\"async\" class=\"aligncenter wp-image-9265 size-large\" src=\"https:\/\/blancfestival.com\/wp-content\/uploads\/2022\/07\/Homenatge_a_Joan_Costa-33-700x466.jpg\" alt=\"\" width=\"700\" height=\"466\" srcset=\"https:\/\/blancfestival.com\/wp-content\/uploads\/2022\/07\/Homenatge_a_Joan_Costa-33-700x466.jpg 700w, https:\/\/blancfestival.com\/wp-content\/uploads\/2022\/07\/Homenatge_a_Joan_Costa-33-250x166.jpg 250w, https:\/\/blancfestival.com\/wp-content\/uploads\/2022\/07\/Homenatge_a_Joan_Costa-33-768x511.jpg 768w, https:\/\/blancfestival.com\/wp-content\/uploads\/2022\/07\/Homenatge_a_Joan_Costa-33-1536x1022.jpg 1536w, https:\/\/blancfestival.com\/wp-content\/uploads\/2022\/07\/Homenatge_a_Joan_Costa-33-2048x1363.jpg 2048w, https:\/\/blancfestival.com\/wp-content\/uploads\/2022\/07\/Homenatge_a_Joan_Costa-33-120x80.jpg 120w, https:\/\/blancfestival.com\/wp-content\/uploads\/2022\/07\/Homenatge_a_Joan_Costa-33-272x182.jpg 272w\" sizes=\"auto, (max-width: 700px) 100vw, 700px\" \/><\/p>\n<p class=\"p1\">En los a\u00f1os &#8217;80 con el volumen <em>Se\u00f1al\u00e9tica e Imagen Global de la Enciclopedia del Dise\u00f1o<\/em>, aporta nuevos conceptos, teor\u00eda y metodolog\u00eda y se afirman como disciplinas de dise\u00f1o. En 1999 publica en M\u00e9xico el Manifiesto por el Dise\u00f1o del siglo XXl, un a\u00f1o antes del c\u00e9lebre <i>First Things First Manifesto 2000<\/i>. Sus aportaciones pioneras en Esquem\u00e1tica, la ciencia de los esquemas (1998) y Esquematismo (2019) son las obras de referencia en esta nueva disciplina.<\/p>\n<p>&nbsp;<\/p>\n<p class=\"p3\" style=\"text-align: center;\">\u201cJoan Costa particulariza un tipo de visualizaci\u00f3n esquem\u00e1tica, que puede considerarse una representaci\u00f3n gr\u00e1fica o simb\u00f3lica de las cosas materiales o inmateriales. Y presenta doce puntos sobre la naturaleza y funcionalidad de la visualizaci\u00f3n esquem\u00e1tica.\u201d John Maeda<\/p>\n<p class=\"p3\" style=\"text-align: center;\"><span class=\"Apple-converted-space\">\u00a0<\/span><\/p>\n<p><img loading=\"lazy\" decoding=\"async\" class=\"aligncenter wp-image-9252 size-large\" src=\"https:\/\/blancfestival.com\/wp-content\/uploads\/2022\/07\/La-esquematica_Costa_1998-700x467.jpg\" alt=\"\" width=\"700\" height=\"467\" srcset=\"https:\/\/blancfestival.com\/wp-content\/uploads\/2022\/07\/La-esquematica_Costa_1998-700x467.jpg 700w, https:\/\/blancfestival.com\/wp-content\/uploads\/2022\/07\/La-esquematica_Costa_1998-250x167.jpg 250w, https:\/\/blancfestival.com\/wp-content\/uploads\/2022\/07\/La-esquematica_Costa_1998-768x512.jpg 768w, https:\/\/blancfestival.com\/wp-content\/uploads\/2022\/07\/La-esquematica_Costa_1998-1536x1025.jpg 1536w, https:\/\/blancfestival.com\/wp-content\/uploads\/2022\/07\/La-esquematica_Costa_1998-120x80.jpg 120w, https:\/\/blancfestival.com\/wp-content\/uploads\/2022\/07\/La-esquematica_Costa_1998-272x182.jpg 272w, https:\/\/blancfestival.com\/wp-content\/uploads\/2022\/07\/La-esquematica_Costa_1998.jpg 1920w\" sizes=\"auto, (max-width: 700px) 100vw, 700px\" \/><\/p>\n<p class=\"p1\">En su longeva trayectoria profesional, Joan Costa ha sido galardonado por el Art Directors Club de New York (1987), premio de la revista Control y Premio Liderman de Relaciones P\u00fablicas en Espa\u00f1a (1988). Premio Liderman Internacional de Comunicaci\u00f3n. Premio de la Generalitat de Catalunya (1989). Premio Fundesco de Ensayo (Madrid, 1994), entre otros destacados galardones.<\/p>\n<p class=\"p1\">Actualmente, centra su actividad en los cursos, investigaciones y publicaciones desde <a href=\"http:\/\/www.joancostainstitute.com\/\"><i>Joan Costa Institute<\/i><\/a>. Su trabajo en Cientigrafia integra la imaginaria cient\u00edfica en una categor\u00eda espec\u00edfica de la comunicaci\u00f3n visual. Costa ha dado contenido pragm\u00e1tico-cient\u00edfico y modelos de gesti\u00f3n a la disciplina de Direcci\u00f3n de Comunicaci\u00f3n, DirCom. Es autor de 52 libros sobre Imagen, Comunicaci\u00f3n, Dise\u00f1o e Innovaci\u00f3n.<\/p>\n<p class=\"p1\">El 28 de junio de 2022 producimos un <i>Especial Mestres!<\/i>, desde Blanc! y con el apoyo del Museu del Disseny de Barcelona le rendimos un merecido homenaje por su trayectoria y su singular l\u00ednea de pensamiento. Esta vez por fin, en su tierra.<\/p>\n<p>&nbsp;<\/p>\n<p><img loading=\"lazy\" decoding=\"async\" class=\"aligncenter wp-image-9249 size-large\" src=\"https:\/\/blancfestival.com\/wp-content\/uploads\/2022\/07\/Homenatge_a_Joan_Costa-73-700x466.jpg\" alt=\"\" width=\"700\" height=\"466\" srcset=\"https:\/\/blancfestival.com\/wp-content\/uploads\/2022\/07\/Homenatge_a_Joan_Costa-73-700x466.jpg 700w, https:\/\/blancfestival.com\/wp-content\/uploads\/2022\/07\/Homenatge_a_Joan_Costa-73-250x166.jpg 250w, https:\/\/blancfestival.com\/wp-content\/uploads\/2022\/07\/Homenatge_a_Joan_Costa-73-768x511.jpg 768w, https:\/\/blancfestival.com\/wp-content\/uploads\/2022\/07\/Homenatge_a_Joan_Costa-73-1536x1022.jpg 1536w, https:\/\/blancfestival.com\/wp-content\/uploads\/2022\/07\/Homenatge_a_Joan_Costa-73-120x80.jpg 120w, https:\/\/blancfestival.com\/wp-content\/uploads\/2022\/07\/Homenatge_a_Joan_Costa-73-272x182.jpg 272w, https:\/\/blancfestival.com\/wp-content\/uploads\/2022\/07\/Homenatge_a_Joan_Costa-73.jpg 1920w\" sizes=\"auto, (max-width: 700px) 100vw, 700px\" \/><\/p>\n<p>&nbsp;<\/p>\n<p class=\"p6\"><i>Fotograf\u00edas: Mart\u00ed Pujol. 2022.06.28, Museu del Disseny de Barcelona &#8211; Blanc!<\/i><\/p>\n","protected":false},"excerpt":{"rendered":"Empez\u00f3 en el mundo del dise\u00f1o a la edad de 10 a\u00f1os por vivir cerca de un cine y fijarse cada d\u00eda en la pizarra donde anunciaban las pel\u00edculas. Comenz\u00f3 a escribir en aquellas pizarras por 5 pesetas y desde entonces fue empalmando los trabajos, un encargo le llevaba al siguiente y as\u00ed sucesivamente. Primero&hellip;","protected":false},"author":11,"featured_media":9258,"comment_status":"open","ping_status":"open","sticky":false,"template":"","format":"standard","meta":{"_acf_changed":false,"footnotes":""},"categories":[169,20,2],"tags":[302,303,304,305,306,307,308,225,30],"evento":[],"class_list":["post-9236","post","type-post","status-publish","format-standard","has-post-thumbnail","hentry","category-actualidad","category-eventos","category-diseno","tag-joan-costa","tag-esquematismo","tag-imagen","tag-comunicacion","tag-comunicar","tag-visual","tag-enciclopedia-del-diseno","tag-senaletica","tag-diseno-grafico"],"acf":[],"yoast_head":"<!-- This site is optimized with the Yoast SEO plugin v23.7 - https:\/\/yoast.com\/wordpress\/plugins\/seo\/ -->\n<title>Poco se ha dicho de Joan Costa - Homenaje - Blanc!<\/title>\n<meta name=\"description\" content=\"Poco se ha hablado del dise\u00f1ador, soci\u00f3logo, comunic\u00f3logo y metod\u00f3logo Joan Costa. Te contamos por qu\u00e9 hay tanto que agradecer a este maestro.\" \/>\n<meta name=\"robots\" content=\"index, follow, max-snippet:-1, max-image-preview:large, max-video-preview:-1\" \/>\n<link rel=\"canonical\" href=\"https:\/\/blancfestival.com\/ca\/poco-se-ha-dicho-de-joan-costa-homenaje\/\" \/>\n<meta property=\"og:locale\" content=\"en_US\" \/>\n<meta property=\"og:type\" content=\"article\" \/>\n<meta property=\"og:title\" content=\"Poco se ha dicho de Joan Costa - Homenaje - Blanc!\" \/>\n<meta property=\"og:description\" content=\"Poco se ha hablado del dise\u00f1ador, soci\u00f3logo, comunic\u00f3logo y metod\u00f3logo Joan Costa. Te contamos por qu\u00e9 hay tanto que agradecer a este maestro.\" \/>\n<meta property=\"og:url\" content=\"https:\/\/blancfestival.com\/ca\/poco-se-ha-dicho-de-joan-costa-homenaje\/\" \/>\n<meta property=\"og:site_name\" content=\"Blanc!\" \/>\n<meta property=\"article:publisher\" content=\"https:\/\/www.facebook.com\/blanc.festivaldissenygrafic\/\" \/>\n<meta property=\"article:published_time\" content=\"2022-07-11T15:31:01+00:00\" \/>\n<meta property=\"article:modified_time\" content=\"2022-11-03T12:28:50+00:00\" \/>\n<meta property=\"og:image\" content=\"https:\/\/blancfestival.com\/wp-content\/uploads\/2022\/07\/Homenatge_a_Joan_Costa-21-scaled.jpg\" \/>\n\t<meta property=\"og:image:width\" content=\"2560\" \/>\n\t<meta property=\"og:image:height\" content=\"1704\" \/>\n\t<meta property=\"og:image:type\" content=\"image\/jpeg\" \/>\n<meta name=\"author\" content=\"Vicent Almi\u00f1ana\" \/>\n<meta name=\"twitter:card\" content=\"summary_large_image\" \/>\n<meta name=\"twitter:creator\" content=\"@blancfest\" \/>\n<meta name=\"twitter:site\" content=\"@blancfest\" \/>\n<meta name=\"twitter:label1\" content=\"Written by\" \/>\n\t<meta name=\"twitter:data1\" content=\"Vicent Almi\u00f1ana\" \/>\n\t<meta name=\"twitter:label2\" content=\"Est. reading time\" \/>\n\t<meta name=\"twitter:data2\" content=\"6 minutes\" \/>\n<script type=\"application\/ld+json\" class=\"yoast-schema-graph\">{\"@context\":\"https:\/\/schema.org\",\"@graph\":[{\"@type\":\"Article\",\"@id\":\"https:\/\/blancfestival.com\/ca\/poco-se-ha-dicho-de-joan-costa-homenaje\/#article\",\"isPartOf\":{\"@id\":\"https:\/\/blancfestival.com\/ca\/poco-se-ha-dicho-de-joan-costa-homenaje\/\"},\"author\":{\"name\":\"Vicent Almi\u00f1ana\",\"@id\":\"https:\/\/blancfestival.com\/#\/schema\/person\/cefc56543155b30cc9cfa1801fb912bf\"},\"headline\":\"Poco se ha dicho de Joan Costa\",\"datePublished\":\"2022-07-11T15:31:01+00:00\",\"dateModified\":\"2022-11-03T12:28:50+00:00\",\"mainEntityOfPage\":{\"@id\":\"https:\/\/blancfestival.com\/ca\/poco-se-ha-dicho-de-joan-costa-homenaje\/\"},\"wordCount\":1193,\"commentCount\":0,\"publisher\":{\"@id\":\"https:\/\/blancfestival.com\/#organization\"},\"image\":{\"@id\":\"https:\/\/blancfestival.com\/ca\/poco-se-ha-dicho-de-joan-costa-homenaje\/#primaryimage\"},\"thumbnailUrl\":\"https:\/\/blancfestival.com\/wp-content\/uploads\/2022\/07\/Homenatge_a_Joan_Costa-21-scaled.jpg\",\"keywords\":[\"Joan Costa\",\"esquematismo\",\"imagen\",\"comunicaci\u00f3n\",\"comunicar\",\"visual\",\"enciclopedia del dise\u00f1o\",\"se\u00f1aletica\",\"dise\u00f1o gr\u00e1fico\"],\"articleSection\":[\"Actualidad\",\"Eventos\",\"Dise\u00f1o\"],\"inLanguage\":\"en-US\",\"potentialAction\":[{\"@type\":\"CommentAction\",\"name\":\"Comment\",\"target\":[\"https:\/\/blancfestival.com\/ca\/poco-se-ha-dicho-de-joan-costa-homenaje\/#respond\"]}]},{\"@type\":\"WebPage\",\"@id\":\"https:\/\/blancfestival.com\/ca\/poco-se-ha-dicho-de-joan-costa-homenaje\/\",\"url\":\"https:\/\/blancfestival.com\/ca\/poco-se-ha-dicho-de-joan-costa-homenaje\/\",\"name\":\"Poco se ha dicho de Joan Costa - Homenaje - Blanc!\",\"isPartOf\":{\"@id\":\"https:\/\/blancfestival.com\/#website\"},\"primaryImageOfPage\":{\"@id\":\"https:\/\/blancfestival.com\/ca\/poco-se-ha-dicho-de-joan-costa-homenaje\/#primaryimage\"},\"image\":{\"@id\":\"https:\/\/blancfestival.com\/ca\/poco-se-ha-dicho-de-joan-costa-homenaje\/#primaryimage\"},\"thumbnailUrl\":\"https:\/\/blancfestival.com\/wp-content\/uploads\/2022\/07\/Homenatge_a_Joan_Costa-21-scaled.jpg\",\"datePublished\":\"2022-07-11T15:31:01+00:00\",\"dateModified\":\"2022-11-03T12:28:50+00:00\",\"description\":\"Poco se ha hablado del dise\u00f1ador, soci\u00f3logo, comunic\u00f3logo y metod\u00f3logo Joan Costa. Te contamos por qu\u00e9 hay tanto que agradecer a este maestro.\",\"breadcrumb\":{\"@id\":\"https:\/\/blancfestival.com\/ca\/poco-se-ha-dicho-de-joan-costa-homenaje\/#breadcrumb\"},\"inLanguage\":\"en-US\",\"potentialAction\":[{\"@type\":\"ReadAction\",\"target\":[\"https:\/\/blancfestival.com\/ca\/poco-se-ha-dicho-de-joan-costa-homenaje\/\"]}]},{\"@type\":\"ImageObject\",\"inLanguage\":\"en-US\",\"@id\":\"https:\/\/blancfestival.com\/ca\/poco-se-ha-dicho-de-joan-costa-homenaje\/#primaryimage\",\"url\":\"https:\/\/blancfestival.com\/wp-content\/uploads\/2022\/07\/Homenatge_a_Joan_Costa-21-scaled.jpg\",\"contentUrl\":\"https:\/\/blancfestival.com\/wp-content\/uploads\/2022\/07\/Homenatge_a_Joan_Costa-21-scaled.jpg\",\"width\":2560,\"height\":1704},{\"@type\":\"BreadcrumbList\",\"@id\":\"https:\/\/blancfestival.com\/ca\/poco-se-ha-dicho-de-joan-costa-homenaje\/#breadcrumb\",\"itemListElement\":[{\"@type\":\"ListItem\",\"position\":1,\"name\":\"Portada\",\"item\":\"https:\/\/blancfestival.com\/en\/\"},{\"@type\":\"ListItem\",\"position\":2,\"name\":\"Poco se ha dicho de Joan Costa\"}]},{\"@type\":\"WebSite\",\"@id\":\"https:\/\/blancfestival.com\/#website\",\"url\":\"https:\/\/blancfestival.com\/\",\"name\":\"Blanc! Festival\",\"description\":\"Dise\u00f1o, Creatividad e Innovaci\u00f3n\",\"publisher\":{\"@id\":\"https:\/\/blancfestival.com\/#organization\"},\"potentialAction\":[{\"@type\":\"SearchAction\",\"target\":{\"@type\":\"EntryPoint\",\"urlTemplate\":\"https:\/\/blancfestival.com\/?s={search_term_string}\"},\"query-input\":{\"@type\":\"PropertyValueSpecification\",\"valueRequired\":true,\"valueName\":\"search_term_string\"}}],\"inLanguage\":\"en-US\"},{\"@type\":\"Organization\",\"@id\":\"https:\/\/blancfestival.com\/#organization\",\"name\":\"Blanc! Festival de Dise\u00f1o, Creatividad e Innovaci\u00f3n\",\"url\":\"https:\/\/blancfestival.com\/\",\"logo\":{\"@type\":\"ImageObject\",\"inLanguage\":\"en-US\",\"@id\":\"https:\/\/blancfestival.com\/#\/schema\/logo\/image\/\",\"url\":\"https:\/\/blancfestival.com\/wp-content\/uploads\/2025\/01\/logo_icono_blanc.jpg\",\"contentUrl\":\"https:\/\/blancfestival.com\/wp-content\/uploads\/2025\/01\/logo_icono_blanc.jpg\",\"width\":2000,\"height\":2000,\"caption\":\"Blanc! Festival de Dise\u00f1o, Creatividad e Innovaci\u00f3n\"},\"image\":{\"@id\":\"https:\/\/blancfestival.com\/#\/schema\/logo\/image\/\"},\"sameAs\":[\"https:\/\/www.facebook.com\/blanc.festivaldissenygrafic\/\",\"https:\/\/x.com\/blancfest\",\"https:\/\/www.instagram.com\/blancfest\/\",\"https:\/\/www.linkedin.com\/company\/blanc-festival\",\"https:\/\/www.pinterest.com\/blancfest\/\",\"https:\/\/www.youtube.com\/channel\/UCM-IjxOFb5gQg4yPgmze3Gg\"]},{\"@type\":\"Person\",\"@id\":\"https:\/\/blancfestival.com\/#\/schema\/person\/cefc56543155b30cc9cfa1801fb912bf\",\"name\":\"Vicent Almi\u00f1ana\",\"image\":{\"@type\":\"ImageObject\",\"inLanguage\":\"en-US\",\"@id\":\"https:\/\/blancfestival.com\/#\/schema\/person\/image\/\",\"url\":\"https:\/\/blancfestival.com\/wp-content\/uploads\/2020\/04\/Vicent_3_web-e1587308297166-150x150.jpg\",\"contentUrl\":\"https:\/\/blancfestival.com\/wp-content\/uploads\/2020\/04\/Vicent_3_web-e1587308297166-150x150.jpg\",\"caption\":\"Vicent Almi\u00f1ana\"},\"description\":\"Dise\u00f1ador gr\u00e1fico, docente y comisario de exposiciones. Con fuerte inter\u00e9s por la defensa del dise\u00f1o y las artes visuales. Responsable de la secci\u00f3n\u00a0Mestres del Blanc!\"}]}<\/script>\n<!-- \/ Yoast SEO plugin. -->","yoast_head_json":{"title":"Poco se ha dicho de Joan Costa - Homenaje - Blanc!","description":"Poco se ha hablado del dise\u00f1ador, soci\u00f3logo, comunic\u00f3logo y metod\u00f3logo Joan Costa. Te contamos por qu\u00e9 hay tanto que agradecer a este maestro.","robots":{"index":"index","follow":"follow","max-snippet":"max-snippet:-1","max-image-preview":"max-image-preview:large","max-video-preview":"max-video-preview:-1"},"canonical":"https:\/\/blancfestival.com\/ca\/poco-se-ha-dicho-de-joan-costa-homenaje\/","og_locale":"en_US","og_type":"article","og_title":"Poco se ha dicho de Joan Costa - Homenaje - Blanc!","og_description":"Poco se ha hablado del dise\u00f1ador, soci\u00f3logo, comunic\u00f3logo y metod\u00f3logo Joan Costa. Te contamos por qu\u00e9 hay tanto que agradecer a este maestro.","og_url":"https:\/\/blancfestival.com\/ca\/poco-se-ha-dicho-de-joan-costa-homenaje\/","og_site_name":"Blanc!","article_publisher":"https:\/\/www.facebook.com\/blanc.festivaldissenygrafic\/","article_published_time":"2022-07-11T15:31:01+00:00","article_modified_time":"2022-11-03T12:28:50+00:00","og_image":[{"width":2560,"height":1704,"url":"https:\/\/blancfestival.com\/wp-content\/uploads\/2022\/07\/Homenatge_a_Joan_Costa-21-scaled.jpg","type":"image\/jpeg"}],"author":"Vicent Almi\u00f1ana","twitter_card":"summary_large_image","twitter_creator":"@blancfest","twitter_site":"@blancfest","twitter_misc":{"Written by":"Vicent Almi\u00f1ana","Est. reading time":"6 minutes"},"schema":{"@context":"https:\/\/schema.org","@graph":[{"@type":"Article","@id":"https:\/\/blancfestival.com\/ca\/poco-se-ha-dicho-de-joan-costa-homenaje\/#article","isPartOf":{"@id":"https:\/\/blancfestival.com\/ca\/poco-se-ha-dicho-de-joan-costa-homenaje\/"},"author":{"name":"Vicent Almi\u00f1ana","@id":"https:\/\/blancfestival.com\/#\/schema\/person\/cefc56543155b30cc9cfa1801fb912bf"},"headline":"Poco se ha dicho de Joan Costa","datePublished":"2022-07-11T15:31:01+00:00","dateModified":"2022-11-03T12:28:50+00:00","mainEntityOfPage":{"@id":"https:\/\/blancfestival.com\/ca\/poco-se-ha-dicho-de-joan-costa-homenaje\/"},"wordCount":1193,"commentCount":0,"publisher":{"@id":"https:\/\/blancfestival.com\/#organization"},"image":{"@id":"https:\/\/blancfestival.com\/ca\/poco-se-ha-dicho-de-joan-costa-homenaje\/#primaryimage"},"thumbnailUrl":"https:\/\/blancfestival.com\/wp-content\/uploads\/2022\/07\/Homenatge_a_Joan_Costa-21-scaled.jpg","keywords":["Joan Costa","esquematismo","imagen","comunicaci\u00f3n","comunicar","visual","enciclopedia del dise\u00f1o","se\u00f1aletica","dise\u00f1o gr\u00e1fico"],"articleSection":["Actualidad","Eventos","Dise\u00f1o"],"inLanguage":"en-US","potentialAction":[{"@type":"CommentAction","name":"Comment","target":["https:\/\/blancfestival.com\/ca\/poco-se-ha-dicho-de-joan-costa-homenaje\/#respond"]}]},{"@type":"WebPage","@id":"https:\/\/blancfestival.com\/ca\/poco-se-ha-dicho-de-joan-costa-homenaje\/","url":"https:\/\/blancfestival.com\/ca\/poco-se-ha-dicho-de-joan-costa-homenaje\/","name":"Poco se ha dicho de Joan Costa - Homenaje - Blanc!","isPartOf":{"@id":"https:\/\/blancfestival.com\/#website"},"primaryImageOfPage":{"@id":"https:\/\/blancfestival.com\/ca\/poco-se-ha-dicho-de-joan-costa-homenaje\/#primaryimage"},"image":{"@id":"https:\/\/blancfestival.com\/ca\/poco-se-ha-dicho-de-joan-costa-homenaje\/#primaryimage"},"thumbnailUrl":"https:\/\/blancfestival.com\/wp-content\/uploads\/2022\/07\/Homenatge_a_Joan_Costa-21-scaled.jpg","datePublished":"2022-07-11T15:31:01+00:00","dateModified":"2022-11-03T12:28:50+00:00","description":"Poco se ha hablado del dise\u00f1ador, soci\u00f3logo, comunic\u00f3logo y metod\u00f3logo Joan Costa. Te contamos por qu\u00e9 hay tanto que agradecer a este maestro.","breadcrumb":{"@id":"https:\/\/blancfestival.com\/ca\/poco-se-ha-dicho-de-joan-costa-homenaje\/#breadcrumb"},"inLanguage":"en-US","potentialAction":[{"@type":"ReadAction","target":["https:\/\/blancfestival.com\/ca\/poco-se-ha-dicho-de-joan-costa-homenaje\/"]}]},{"@type":"ImageObject","inLanguage":"en-US","@id":"https:\/\/blancfestival.com\/ca\/poco-se-ha-dicho-de-joan-costa-homenaje\/#primaryimage","url":"https:\/\/blancfestival.com\/wp-content\/uploads\/2022\/07\/Homenatge_a_Joan_Costa-21-scaled.jpg","contentUrl":"https:\/\/blancfestival.com\/wp-content\/uploads\/2022\/07\/Homenatge_a_Joan_Costa-21-scaled.jpg","width":2560,"height":1704},{"@type":"BreadcrumbList","@id":"https:\/\/blancfestival.com\/ca\/poco-se-ha-dicho-de-joan-costa-homenaje\/#breadcrumb","itemListElement":[{"@type":"ListItem","position":1,"name":"Portada","item":"https:\/\/blancfestival.com\/en\/"},{"@type":"ListItem","position":2,"name":"Poco se ha dicho de Joan Costa"}]},{"@type":"WebSite","@id":"https:\/\/blancfestival.com\/#website","url":"https:\/\/blancfestival.com\/","name":"Blanc! Festival","description":"Dise\u00f1o, Creatividad e Innovaci\u00f3n","publisher":{"@id":"https:\/\/blancfestival.com\/#organization"},"potentialAction":[{"@type":"SearchAction","target":{"@type":"EntryPoint","urlTemplate":"https:\/\/blancfestival.com\/?s={search_term_string}"},"query-input":{"@type":"PropertyValueSpecification","valueRequired":true,"valueName":"search_term_string"}}],"inLanguage":"en-US"},{"@type":"Organization","@id":"https:\/\/blancfestival.com\/#organization","name":"Blanc! Festival de Dise\u00f1o, Creatividad e Innovaci\u00f3n","url":"https:\/\/blancfestival.com\/","logo":{"@type":"ImageObject","inLanguage":"en-US","@id":"https:\/\/blancfestival.com\/#\/schema\/logo\/image\/","url":"https:\/\/blancfestival.com\/wp-content\/uploads\/2025\/01\/logo_icono_blanc.jpg","contentUrl":"https:\/\/blancfestival.com\/wp-content\/uploads\/2025\/01\/logo_icono_blanc.jpg","width":2000,"height":2000,"caption":"Blanc! Festival de Dise\u00f1o, Creatividad e Innovaci\u00f3n"},"image":{"@id":"https:\/\/blancfestival.com\/#\/schema\/logo\/image\/"},"sameAs":["https:\/\/www.facebook.com\/blanc.festivaldissenygrafic\/","https:\/\/x.com\/blancfest","https:\/\/www.instagram.com\/blancfest\/","https:\/\/www.linkedin.com\/company\/blanc-festival","https:\/\/www.pinterest.com\/blancfest\/","https:\/\/www.youtube.com\/channel\/UCM-IjxOFb5gQg4yPgmze3Gg"]},{"@type":"Person","@id":"https:\/\/blancfestival.com\/#\/schema\/person\/cefc56543155b30cc9cfa1801fb912bf","name":"Vicent Almi\u00f1ana","image":{"@type":"ImageObject","inLanguage":"en-US","@id":"https:\/\/blancfestival.com\/#\/schema\/person\/image\/","url":"https:\/\/blancfestival.com\/wp-content\/uploads\/2020\/04\/Vicent_3_web-e1587308297166-150x150.jpg","contentUrl":"https:\/\/blancfestival.com\/wp-content\/uploads\/2020\/04\/Vicent_3_web-e1587308297166-150x150.jpg","caption":"Vicent Almi\u00f1ana"},"description":"Dise\u00f1ador gr\u00e1fico, docente y comisario de exposiciones. Con fuerte inter\u00e9s por la defensa del dise\u00f1o y las artes visuales. Responsable de la secci\u00f3n\u00a0Mestres del Blanc!"}]}},"_links":{"self":[{"href":"https:\/\/blancfestival.com\/en\/wp-json\/wp\/v2\/posts\/9236","targetHints":{"allow":["GET"]}}],"collection":[{"href":"https:\/\/blancfestival.com\/en\/wp-json\/wp\/v2\/posts"}],"about":[{"href":"https:\/\/blancfestival.com\/en\/wp-json\/wp\/v2\/types\/post"}],"author":[{"embeddable":true,"href":"https:\/\/blancfestival.com\/en\/wp-json\/wp\/v2\/users\/11"}],"replies":[{"embeddable":true,"href":"https:\/\/blancfestival.com\/en\/wp-json\/wp\/v2\/comments?post=9236"}],"version-history":[{"count":16,"href":"https:\/\/blancfestival.com\/en\/wp-json\/wp\/v2\/posts\/9236\/revisions"}],"predecessor-version":[{"id":11671,"href":"https:\/\/blancfestival.com\/en\/wp-json\/wp\/v2\/posts\/9236\/revisions\/11671"}],"wp:featuredmedia":[{"embeddable":true,"href":"https:\/\/blancfestival.com\/en\/wp-json\/wp\/v2\/media\/9258"}],"wp:attachment":[{"href":"https:\/\/blancfestival.com\/en\/wp-json\/wp\/v2\/media?parent=9236"}],"wp:term":[{"taxonomy":"category","embeddable":true,"href":"https:\/\/blancfestival.com\/en\/wp-json\/wp\/v2\/categories?post=9236"},{"taxonomy":"post_tag","embeddable":true,"href":"https:\/\/blancfestival.com\/en\/wp-json\/wp\/v2\/tags?post=9236"},{"taxonomy":"evento","embeddable":true,"href":"https:\/\/blancfestival.com\/en\/wp-json\/wp\/v2\/evento?post=9236"}],"curies":[{"name":"wp","href":"https:\/\/api.w.org\/{rel}","templated":true}]}}