{"id":928,"date":"2020-03-05T16:17:47","date_gmt":"2020-03-05T15:17:47","guid":{"rendered":"https:\/\/blancfestival.com\/?p=928"},"modified":"2020-04-06T18:14:04","modified_gmt":"2020-04-06T16:14:04","slug":"ramon-lechado-proyecto-fade","status":"publish","type":"post","link":"https:\/\/blancfestival.com\/en\/ramon-lechado-proyecto-fade\/","title":{"rendered":"Ram\u00f3n Lechado &#8211; Proyecto Fade"},"content":{"rendered":"<p><a href=\"https:\/\/www.behance.net\/rlechadodesign\" target=\"_blank\" rel=\"noopener noreferrer\">Ram\u00f3n Lechado<\/a> present\u00f3 su proyecto de final de carrera de dise\u00f1o gr\u00e1fico en la edici\u00f3n de Blanc! 2019, representando a <a href=\"http:\/\/www.esdap.cat\/p\/1\/1\/0\/ESDAP\" target=\"_blank\" rel=\"noopener noreferrer\">ESDAP Catalunya \/ Campus Pau Gargallo<\/a>. FADE es un proyecto que nace desde la experiencia propia del dise\u00f1ador, y que propone una serie de herramientas que puedan facilitar y favorecer la accesibilidad para el colectivo sordo a festivales, espect\u00e1culos y eventos.<\/p>\n<p>&nbsp;<\/p>\n<h2>Accesibilidad para espacios \u00abdeaf-friendly\u00bb<\/h2>\n<p>Como dise\u00f1ador gr\u00e1fico con sordera (hipoacusia bilateral de nacimiento), al ver que la sociedad que le rodea no est\u00e1 adaptada o dise\u00f1ada a sus necesidades y que la comunidad sorda, en general, no tiene muy buena experiencia en ning\u00fan evento p\u00fablico, Ram\u00f3n se hizo la siguiente pregunta:<\/p>\n<p>&nbsp;<\/p>\n<p><span class=\"span_citas\">&#8220;\u00bfC\u00f3mo podemos hacer un evento o cualquier espacio accesible para personas sordas?&#8221;<\/span><\/p>\n<p>&nbsp;<\/p>\n<p>En la actualidad hay 466 millones de personas con p\u00e9rdida de audici\u00f3n por todo el mundo y hay 32.320 personas sordas en Catalunya, las cuales representan un 2,9% en dicha comunidad. Tener esta discapacidad conlleva diversas consecuencias sociales y emocionales, funcionales y econ\u00f3micas, tales como; aislamiento, ansiedad, coste elevado de tratamientos, dificultades de concentraci\u00f3n, etc.<\/p>\n<p>Realizando una investigaci\u00f3n extensa para entender los estilos de vida, el comportamiento del p\u00fablico objetivo y reconocer sus limitaciones dentro de la sociedad, se llegaron a detectar las siguientes necesidades:<\/p>\n<ul>\n<li>Acceso a toda la informaci\u00f3n.<\/li>\n<li>Facilitar soportes escritos y visuales.<\/li>\n<li>Autonom\u00eda e independencia.<\/li>\n<li>Comprensi\u00f3n lingu\u0308\u00edstica,<\/li>\n<li>Confianza y seguridad en los espacios.<\/li>\n<\/ul>\n<p>Una vez detectadas las carencias no cubiertas del colectivo sordo se determinaron los objetivos principales del proyecto que consisten en dar visibilidad al colectivo, facilitar la accesibilidad, ofrecer seguridad y confianza y, sobre todo, mejorar su experiencia.<\/p>\n<p>Por lo tanto, dadas las dificultades lingu\u0308\u00edsticas y comunicativas que presenta la comunidad sorda cuando asiste a <a href=\"https:\/\/blancfestival.com\/\" target=\"_blank\" rel=\"noopener noreferrer\">festivales<\/a>, espect\u00e1culos o eventos, como tambi\u00e9n cualquier situaci\u00f3n que implique interacciones sociales, FADE nace como un punto de partida, como una consultora o entidad social responsable de recomendar y orientar a asociaciones, empresas y organizaciones para que las condiciones de los espacios favorezcan la <a href=\"https:\/\/es.wikipedia.org\/wiki\/Accesibilidad\" target=\"_blank\" rel=\"noopener noreferrer\">accesibilidad<\/a> y la inclusi\u00f3n.<\/p>\n<p>&nbsp;<\/p>\n<h2>Proyecto final de carrera de dise\u00f1o gr\u00e1fico FADE<\/h2>\n<p>A trav\u00e9s del \u00abbrand book\u00bb, adem\u00e1s de explicar la identidad corporativa incidiendo en puntos como su filosof\u00eda y objetivos, el sistema de identidad (logotipo y versiones, tipograf\u00edas, cromatismo y s\u00edmbolos) y sus aplicaciones, se reflejan las recomendaciones principales que explican los puntos principales a tener en cuenta a la hora de dise\u00f1ar un espacio destinado al p\u00fablico sordo. Dichas recomendaciones se traducen en una normativa que se aplican tanto en formatos f\u00edsicos como en multimedia y audiovisual.<\/p>\n<p>&nbsp;<\/p>\n<p><img loading=\"lazy\" decoding=\"async\" width=\"680\" height=\"476\" class=\"alignnone size-full wp-image-938\" src=\"https:\/\/blancfestival.com\/wp-content\/uploads\/2020\/02\/ramon-lechado-fade-pau-gargallo-blanc0003.jpg\" alt=\"Ram\u00f3n Lechado - Proyecto Fade - Pau Gargallo - Blanc! 2019\" srcset=\"https:\/\/blancfestival.com\/wp-content\/uploads\/2020\/02\/ramon-lechado-fade-pau-gargallo-blanc0003.jpg 680w, https:\/\/blancfestival.com\/wp-content\/uploads\/2020\/02\/ramon-lechado-fade-pau-gargallo-blanc0003-250x175.jpg 250w, https:\/\/blancfestival.com\/wp-content\/uploads\/2020\/02\/ramon-lechado-fade-pau-gargallo-blanc0003-120x84.jpg 120w\" sizes=\"auto, (max-width: 680px) 100vw, 680px\" \/><\/p>\n<p>&nbsp;<\/p>\n<p>Por el otro lado, la \u00abapp\u00bb es un prototipo que simula una plataforma digital que contiene informaci\u00f3n recogida de todos los eventos que se celebran en el momento y cuenta con el apoyo de FADE (marcado por s\u00edmbolos de garant\u00eda que certifican que sus espacios son \u00abdeaf-friendly\u00bb). Cuenta con la posibilidad de registrarse y crear un perfil de usuario para poder guardar aquellos eventos que el usuario le interesa y recibir notificaciones a tiempo real para poder ubicarse y entender qu\u00e9 ocurre una vez que est\u00e1 asistiendo un evento.<\/p>\n<p>&nbsp;<\/p>\n<p><img loading=\"lazy\" decoding=\"async\" width=\"680\" height=\"476\" class=\"alignnone size-full wp-image-959\" src=\"https:\/\/blancfestival.com\/wp-content\/uploads\/2020\/02\/ramon-lechado-fade-pau-gargallo-blanc0010.jpg\" alt=\"Ram\u00f3n Lechado - Proyecto Fade - Pau Gargallo - Blanc! 2019\" srcset=\"https:\/\/blancfestival.com\/wp-content\/uploads\/2020\/02\/ramon-lechado-fade-pau-gargallo-blanc0010.jpg 680w, https:\/\/blancfestival.com\/wp-content\/uploads\/2020\/02\/ramon-lechado-fade-pau-gargallo-blanc0010-250x175.jpg 250w, https:\/\/blancfestival.com\/wp-content\/uploads\/2020\/02\/ramon-lechado-fade-pau-gargallo-blanc0010-120x84.jpg 120w\" sizes=\"auto, (max-width: 680px) 100vw, 680px\" \/><\/p>\n<p>&nbsp;<\/p>\n<p>En todo caso, este proyecto no tiene la principal intenci\u00f3n de resolver estos obst\u00e1culos o ser la soluci\u00f3n final, decisiva y resolutiva. Su prop\u00f3sito es ser una respuesta activista cuyo objetivo es empezar a tomar iniciativas y avanzar hacia mejores experiencias, espacios m\u00e1s accesibles y dar plataformas a las personas con discapacidad. La sociedad debe de adaptarse a las personas, no al rev\u00e9s.<\/p>\n<p>&nbsp;<\/p>\n<p><img loading=\"lazy\" decoding=\"async\" width=\"680\" height=\"476\" class=\"alignnone size-full wp-image-932\" src=\"https:\/\/blancfestival.com\/wp-content\/uploads\/2020\/02\/ramon-lechado-fade-pau-gargallo-blanc0001.jpg\" alt=\"Ram\u00f3n Lechado - Proyecto Fade - Pau Gargallo - Blanc! 2019\" srcset=\"https:\/\/blancfestival.com\/wp-content\/uploads\/2020\/02\/ramon-lechado-fade-pau-gargallo-blanc0001.jpg 680w, https:\/\/blancfestival.com\/wp-content\/uploads\/2020\/02\/ramon-lechado-fade-pau-gargallo-blanc0001-250x175.jpg 250w, https:\/\/blancfestival.com\/wp-content\/uploads\/2020\/02\/ramon-lechado-fade-pau-gargallo-blanc0001-120x84.jpg 120w\" sizes=\"auto, (max-width: 680px) 100vw, 680px\" \/><\/p>\n<p><img loading=\"lazy\" decoding=\"async\" width=\"680\" height=\"476\" class=\"alignnone size-full wp-image-950\" src=\"https:\/\/blancfestival.com\/wp-content\/uploads\/2020\/02\/ramon-lechado-fade-pau-gargallo-blanc0007.jpg\" alt=\"Ram\u00f3n Lechado - Proyecto Fade - Pau Gargallo - Blanc! 2019\" srcset=\"https:\/\/blancfestival.com\/wp-content\/uploads\/2020\/02\/ramon-lechado-fade-pau-gargallo-blanc0007.jpg 680w, https:\/\/blancfestival.com\/wp-content\/uploads\/2020\/02\/ramon-lechado-fade-pau-gargallo-blanc0007-250x175.jpg 250w, https:\/\/blancfestival.com\/wp-content\/uploads\/2020\/02\/ramon-lechado-fade-pau-gargallo-blanc0007-120x84.jpg 120w\" sizes=\"auto, (max-width: 680px) 100vw, 680px\" \/><\/p>\n<p><img loading=\"lazy\" decoding=\"async\" width=\"680\" height=\"476\" class=\"alignnone size-full wp-image-947\" src=\"https:\/\/blancfestival.com\/wp-content\/uploads\/2020\/02\/ramon-lechado-fade-pau-gargallo-blanc0006.jpg\" alt=\"Ram\u00f3n Lechado - Proyecto Fade - Pau Gargallo - Blanc! 2019\" srcset=\"https:\/\/blancfestival.com\/wp-content\/uploads\/2020\/02\/ramon-lechado-fade-pau-gargallo-blanc0006.jpg 680w, https:\/\/blancfestival.com\/wp-content\/uploads\/2020\/02\/ramon-lechado-fade-pau-gargallo-blanc0006-250x175.jpg 250w, https:\/\/blancfestival.com\/wp-content\/uploads\/2020\/02\/ramon-lechado-fade-pau-gargallo-blanc0006-120x84.jpg 120w\" sizes=\"auto, (max-width: 680px) 100vw, 680px\" \/><\/p>\n<p><img loading=\"lazy\" decoding=\"async\" width=\"680\" height=\"476\" class=\"alignnone size-full wp-image-944\" src=\"https:\/\/blancfestival.com\/wp-content\/uploads\/2020\/02\/ramon-lechado-fade-pau-gargallo-blanc0005.jpg\" alt=\"Ram\u00f3n Lechado - Proyecto Fade - Pau Gargallo - Blanc! 2019\" srcset=\"https:\/\/blancfestival.com\/wp-content\/uploads\/2020\/02\/ramon-lechado-fade-pau-gargallo-blanc0005.jpg 680w, https:\/\/blancfestival.com\/wp-content\/uploads\/2020\/02\/ramon-lechado-fade-pau-gargallo-blanc0005-250x175.jpg 250w, https:\/\/blancfestival.com\/wp-content\/uploads\/2020\/02\/ramon-lechado-fade-pau-gargallo-blanc0005-120x84.jpg 120w\" sizes=\"auto, (max-width: 680px) 100vw, 680px\" \/><\/p>\n<p><img loading=\"lazy\" decoding=\"async\" width=\"680\" height=\"476\" class=\"alignnone size-full wp-image-941\" src=\"https:\/\/blancfestival.com\/wp-content\/uploads\/2020\/02\/ramon-lechado-fade-pau-gargallo-blanc0004.jpg\" alt=\"Ram\u00f3n Lechado - Proyecto Fade - Pau Gargallo - Blanc! 2019\" srcset=\"https:\/\/blancfestival.com\/wp-content\/uploads\/2020\/02\/ramon-lechado-fade-pau-gargallo-blanc0004.jpg 680w, https:\/\/blancfestival.com\/wp-content\/uploads\/2020\/02\/ramon-lechado-fade-pau-gargallo-blanc0004-250x175.jpg 250w, https:\/\/blancfestival.com\/wp-content\/uploads\/2020\/02\/ramon-lechado-fade-pau-gargallo-blanc0004-120x84.jpg 120w\" sizes=\"auto, (max-width: 680px) 100vw, 680px\" \/><\/p>\n<p><img loading=\"lazy\" decoding=\"async\" width=\"680\" height=\"476\" class=\"alignnone size-full wp-image-935\" src=\"https:\/\/blancfestival.com\/wp-content\/uploads\/2020\/02\/ramon-lechado-fade-pau-gargallo-blanc0002.jpg\" alt=\"Ram\u00f3n Lechado - Proyecto Fade - Pau Gargallo - Blanc! 2019\" srcset=\"https:\/\/blancfestival.com\/wp-content\/uploads\/2020\/02\/ramon-lechado-fade-pau-gargallo-blanc0002.jpg 680w, https:\/\/blancfestival.com\/wp-content\/uploads\/2020\/02\/ramon-lechado-fade-pau-gargallo-blanc0002-250x175.jpg 250w, https:\/\/blancfestival.com\/wp-content\/uploads\/2020\/02\/ramon-lechado-fade-pau-gargallo-blanc0002-120x84.jpg 120w\" sizes=\"auto, (max-width: 680px) 100vw, 680px\" \/><\/p>\n<p><img loading=\"lazy\" decoding=\"async\" width=\"680\" height=\"476\" class=\"alignnone size-full wp-image-953\" src=\"https:\/\/blancfestival.com\/wp-content\/uploads\/2020\/02\/ramon-lechado-fade-pau-gargallo-blanc0008.jpg\" alt=\"Ram\u00f3n Lechado - Proyecto Fade - Pau Gargallo - Blanc! 2019\" srcset=\"https:\/\/blancfestival.com\/wp-content\/uploads\/2020\/02\/ramon-lechado-fade-pau-gargallo-blanc0008.jpg 680w, https:\/\/blancfestival.com\/wp-content\/uploads\/2020\/02\/ramon-lechado-fade-pau-gargallo-blanc0008-250x175.jpg 250w, https:\/\/blancfestival.com\/wp-content\/uploads\/2020\/02\/ramon-lechado-fade-pau-gargallo-blanc0008-120x84.jpg 120w\" sizes=\"auto, (max-width: 680px) 100vw, 680px\" \/><\/p>\n<p><img loading=\"lazy\" decoding=\"async\" width=\"680\" height=\"476\" class=\"alignnone size-full wp-image-965\" src=\"https:\/\/blancfestival.com\/wp-content\/uploads\/2020\/02\/ramon-lechado-fade-pau-gargallo-blanc0012.jpg\" alt=\"Ram\u00f3n Lechado - Proyecto Fade - Pau Gargallo - Blanc! 2019\" srcset=\"https:\/\/blancfestival.com\/wp-content\/uploads\/2020\/02\/ramon-lechado-fade-pau-gargallo-blanc0012.jpg 680w, https:\/\/blancfestival.com\/wp-content\/uploads\/2020\/02\/ramon-lechado-fade-pau-gargallo-blanc0012-250x175.jpg 250w, https:\/\/blancfestival.com\/wp-content\/uploads\/2020\/02\/ramon-lechado-fade-pau-gargallo-blanc0012-120x84.jpg 120w\" sizes=\"auto, (max-width: 680px) 100vw, 680px\" \/><\/p>\n<p><img loading=\"lazy\" decoding=\"async\" width=\"680\" height=\"299\" class=\"alignnone size-full wp-image-968\" src=\"https:\/\/blancfestival.com\/wp-content\/uploads\/2020\/02\/ramon-lechado-fade-pau-gargallo-blanc0013.jpg\" alt=\"Ram\u00f3n Lechado - Proyecto Fade - Pau Gargallo - Blanc! 2019\" srcset=\"https:\/\/blancfestival.com\/wp-content\/uploads\/2020\/02\/ramon-lechado-fade-pau-gargallo-blanc0013.jpg 680w, https:\/\/blancfestival.com\/wp-content\/uploads\/2020\/02\/ramon-lechado-fade-pau-gargallo-blanc0013-250x110.jpg 250w, https:\/\/blancfestival.com\/wp-content\/uploads\/2020\/02\/ramon-lechado-fade-pau-gargallo-blanc0013-120x53.jpg 120w\" sizes=\"auto, (max-width: 680px) 100vw, 680px\" \/><\/p>\n<p>&nbsp;<\/p>\n<p>Para m\u00e1s informaci\u00f3n, <a href=\"https:\/\/www.behance.net\/rlechadodesign\" target=\"_blank\" rel=\"noopener noreferrer\">visita el behance de Ram\u00f3n Lechado<\/a><\/p>\n","protected":false},"excerpt":{"rendered":"Ram\u00f3n Lechado present\u00f3 su proyecto de final de carrera de dise\u00f1o gr\u00e1fico en la edici\u00f3n de Blanc! 2019, representando a ESDAP Catalunya \/ Campus Pau Gargallo. FADE es un proyecto que nace desde la experiencia propia del dise\u00f1ador, y que propone una serie de herramientas que puedan facilitar y favorecer la accesibilidad para el colectivo&hellip;","protected":false},"author":3,"featured_media":929,"comment_status":"open","ping_status":"open","sticky":false,"template":"","format":"standard","meta":{"_acf_changed":false,"footnotes":""},"categories":[36],"tags":[],"evento":[],"class_list":["post-928","post","type-post","status-publish","format-standard","has-post-thumbnail","hentry","category-jovenes-disenadores"],"acf":[],"yoast_head":"<!-- This site is optimized with the Yoast SEO plugin v23.7 - https:\/\/yoast.com\/wordpress\/plugins\/seo\/ -->\n<title>Ram\u00f3n Lechado - Proyecto Fade - Proyecto final carrera de dise\u00f1o gr\u00e1fico<\/title>\n<meta name=\"description\" content=\"El proyecto final de carrera de dise\u00f1o gr\u00e1fico FADE propone herramientas que facilitan la accesibilidad para el colectivo sordo a festivales.\" \/>\n<meta name=\"robots\" content=\"index, follow, max-snippet:-1, max-image-preview:large, max-video-preview:-1\" \/>\n<link rel=\"canonical\" href=\"https:\/\/blancfestival.com\/ramon-lechado-proyecto-fade\/\" \/>\n<meta property=\"og:locale\" content=\"en_US\" \/>\n<meta property=\"og:type\" content=\"article\" \/>\n<meta property=\"og:title\" content=\"Ram\u00f3n Lechado - Proyecto Fade - Proyecto final carrera de dise\u00f1o gr\u00e1fico\" \/>\n<meta property=\"og:description\" content=\"El proyecto final de carrera de dise\u00f1o gr\u00e1fico FADE propone herramientas que facilitan la accesibilidad para el colectivo sordo a festivales.\" \/>\n<meta property=\"og:url\" content=\"https:\/\/blancfestival.com\/ramon-lechado-proyecto-fade\/\" \/>\n<meta property=\"og:site_name\" content=\"Blanc!\" \/>\n<meta property=\"article:publisher\" content=\"https:\/\/www.facebook.com\/blanc.festivaldissenygrafic\/\" \/>\n<meta property=\"article:published_time\" content=\"2020-03-05T15:17:47+00:00\" \/>\n<meta property=\"article:modified_time\" content=\"2020-04-06T16:14:04+00:00\" \/>\n<meta property=\"og:image\" content=\"https:\/\/blancfestival.com\/wp-content\/uploads\/2020\/02\/destacado-proyecto-fade-ramon-lechado.jpg\" \/>\n\t<meta property=\"og:image:width\" content=\"1920\" \/>\n\t<meta property=\"og:image:height\" content=\"771\" \/>\n\t<meta property=\"og:image:type\" content=\"image\/jpeg\" \/>\n<meta name=\"author\" content=\"Redacci\u00f3n Blanc!\" \/>\n<meta name=\"twitter:card\" content=\"summary_large_image\" \/>\n<meta name=\"twitter:creator\" content=\"@blancfest\" \/>\n<meta name=\"twitter:site\" content=\"@blancfest\" \/>\n<meta name=\"twitter:label1\" content=\"Written by\" \/>\n\t<meta name=\"twitter:data1\" content=\"Redacci\u00f3n Blanc!\" \/>\n\t<meta name=\"twitter:label2\" content=\"Est. reading time\" \/>\n\t<meta name=\"twitter:data2\" content=\"3 minutes\" \/>\n<script type=\"application\/ld+json\" class=\"yoast-schema-graph\">{\"@context\":\"https:\/\/schema.org\",\"@graph\":[{\"@type\":\"Article\",\"@id\":\"https:\/\/blancfestival.com\/ramon-lechado-proyecto-fade\/#article\",\"isPartOf\":{\"@id\":\"https:\/\/blancfestival.com\/ramon-lechado-proyecto-fade\/\"},\"author\":{\"name\":\"Redacci\u00f3n Blanc!\",\"@id\":\"https:\/\/blancfestival.com\/#\/schema\/person\/1c1365d1e51e5730cf3f5fadb8670c06\"},\"headline\":\"Ram\u00f3n Lechado &#8211; Proyecto Fade\",\"datePublished\":\"2020-03-05T15:17:47+00:00\",\"dateModified\":\"2020-04-06T16:14:04+00:00\",\"mainEntityOfPage\":{\"@id\":\"https:\/\/blancfestival.com\/ramon-lechado-proyecto-fade\/\"},\"wordCount\":639,\"commentCount\":0,\"publisher\":{\"@id\":\"https:\/\/blancfestival.com\/#organization\"},\"image\":{\"@id\":\"https:\/\/blancfestival.com\/ramon-lechado-proyecto-fade\/#primaryimage\"},\"thumbnailUrl\":\"https:\/\/blancfestival.com\/wp-content\/uploads\/2020\/02\/destacado-proyecto-fade-ramon-lechado.jpg\",\"articleSection\":[\"J\u00f3venes dise\u00f1adores\"],\"inLanguage\":\"en-US\",\"potentialAction\":[{\"@type\":\"CommentAction\",\"name\":\"Comment\",\"target\":[\"https:\/\/blancfestival.com\/ramon-lechado-proyecto-fade\/#respond\"]}]},{\"@type\":\"WebPage\",\"@id\":\"https:\/\/blancfestival.com\/ramon-lechado-proyecto-fade\/\",\"url\":\"https:\/\/blancfestival.com\/ramon-lechado-proyecto-fade\/\",\"name\":\"Ram\u00f3n Lechado - Proyecto Fade - Proyecto final carrera de dise\u00f1o gr\u00e1fico\",\"isPartOf\":{\"@id\":\"https:\/\/blancfestival.com\/#website\"},\"primaryImageOfPage\":{\"@id\":\"https:\/\/blancfestival.com\/ramon-lechado-proyecto-fade\/#primaryimage\"},\"image\":{\"@id\":\"https:\/\/blancfestival.com\/ramon-lechado-proyecto-fade\/#primaryimage\"},\"thumbnailUrl\":\"https:\/\/blancfestival.com\/wp-content\/uploads\/2020\/02\/destacado-proyecto-fade-ramon-lechado.jpg\",\"datePublished\":\"2020-03-05T15:17:47+00:00\",\"dateModified\":\"2020-04-06T16:14:04+00:00\",\"description\":\"El proyecto final de carrera de dise\u00f1o gr\u00e1fico FADE propone herramientas que facilitan la accesibilidad para el colectivo sordo a festivales.\",\"breadcrumb\":{\"@id\":\"https:\/\/blancfestival.com\/ramon-lechado-proyecto-fade\/#breadcrumb\"},\"inLanguage\":\"en-US\",\"potentialAction\":[{\"@type\":\"ReadAction\",\"target\":[\"https:\/\/blancfestival.com\/ramon-lechado-proyecto-fade\/\"]}]},{\"@type\":\"ImageObject\",\"inLanguage\":\"en-US\",\"@id\":\"https:\/\/blancfestival.com\/ramon-lechado-proyecto-fade\/#primaryimage\",\"url\":\"https:\/\/blancfestival.com\/wp-content\/uploads\/2020\/02\/destacado-proyecto-fade-ramon-lechado.jpg\",\"contentUrl\":\"https:\/\/blancfestival.com\/wp-content\/uploads\/2020\/02\/destacado-proyecto-fade-ramon-lechado.jpg\",\"width\":1920,\"height\":771,\"caption\":\"Ram\u00f3n Lechado - Proyecto Fade - Pau Gargallo - Blanc! 2019\"},{\"@type\":\"BreadcrumbList\",\"@id\":\"https:\/\/blancfestival.com\/ramon-lechado-proyecto-fade\/#breadcrumb\",\"itemListElement\":[{\"@type\":\"ListItem\",\"position\":1,\"name\":\"Portada\",\"item\":\"https:\/\/blancfestival.com\/en\/\"},{\"@type\":\"ListItem\",\"position\":2,\"name\":\"Ram\u00f3n Lechado &#8211; Proyecto Fade\"}]},{\"@type\":\"WebSite\",\"@id\":\"https:\/\/blancfestival.com\/#website\",\"url\":\"https:\/\/blancfestival.com\/\",\"name\":\"Blanc! Festival\",\"description\":\"Dise\u00f1o, Creatividad e Innovaci\u00f3n\",\"publisher\":{\"@id\":\"https:\/\/blancfestival.com\/#organization\"},\"potentialAction\":[{\"@type\":\"SearchAction\",\"target\":{\"@type\":\"EntryPoint\",\"urlTemplate\":\"https:\/\/blancfestival.com\/?s={search_term_string}\"},\"query-input\":{\"@type\":\"PropertyValueSpecification\",\"valueRequired\":true,\"valueName\":\"search_term_string\"}}],\"inLanguage\":\"en-US\"},{\"@type\":\"Organization\",\"@id\":\"https:\/\/blancfestival.com\/#organization\",\"name\":\"Blanc! Festival de Dise\u00f1o, Creatividad e Innovaci\u00f3n\",\"url\":\"https:\/\/blancfestival.com\/\",\"logo\":{\"@type\":\"ImageObject\",\"inLanguage\":\"en-US\",\"@id\":\"https:\/\/blancfestival.com\/#\/schema\/logo\/image\/\",\"url\":\"https:\/\/blancfestival.com\/wp-content\/uploads\/2025\/01\/logo_icono_blanc.jpg\",\"contentUrl\":\"https:\/\/blancfestival.com\/wp-content\/uploads\/2025\/01\/logo_icono_blanc.jpg\",\"width\":2000,\"height\":2000,\"caption\":\"Blanc! Festival de Dise\u00f1o, Creatividad e Innovaci\u00f3n\"},\"image\":{\"@id\":\"https:\/\/blancfestival.com\/#\/schema\/logo\/image\/\"},\"sameAs\":[\"https:\/\/www.facebook.com\/blanc.festivaldissenygrafic\/\",\"https:\/\/x.com\/blancfest\",\"https:\/\/www.instagram.com\/blancfest\/\",\"https:\/\/www.linkedin.com\/company\/blanc-festival\",\"https:\/\/www.pinterest.com\/blancfest\/\",\"https:\/\/www.youtube.com\/channel\/UCM-IjxOFb5gQg4yPgmze3Gg\"]},{\"@type\":\"Person\",\"@id\":\"https:\/\/blancfestival.com\/#\/schema\/person\/1c1365d1e51e5730cf3f5fadb8670c06\",\"name\":\"Redacci\u00f3n Blanc!\",\"image\":{\"@type\":\"ImageObject\",\"inLanguage\":\"en-US\",\"@id\":\"https:\/\/blancfestival.com\/#\/schema\/person\/image\/\",\"url\":\"https:\/\/blancfestival.com\/wp-content\/uploads\/2020\/02\/ico-120x120.png\",\"contentUrl\":\"https:\/\/blancfestival.com\/wp-content\/uploads\/2020\/02\/ico-120x120.png\",\"caption\":\"Redacci\u00f3n Blanc!\"},\"description\":\"\u201cNo trates de doblar la cuchara. Es imposible. En lugar de hacerlo, solo intenta darte cuenta de la verdad\u2026 No hay cuchara. Entonces, ver\u00e1s que no es la cuchara lo que se dobla, te doblas t\u00fa\u201d\"}]}<\/script>\n<!-- \/ Yoast SEO plugin. -->","yoast_head_json":{"title":"Ram\u00f3n Lechado - Proyecto Fade - Proyecto final carrera de dise\u00f1o gr\u00e1fico","description":"El proyecto final de carrera de dise\u00f1o gr\u00e1fico FADE propone herramientas que facilitan la accesibilidad para el colectivo sordo a festivales.","robots":{"index":"index","follow":"follow","max-snippet":"max-snippet:-1","max-image-preview":"max-image-preview:large","max-video-preview":"max-video-preview:-1"},"canonical":"https:\/\/blancfestival.com\/ramon-lechado-proyecto-fade\/","og_locale":"en_US","og_type":"article","og_title":"Ram\u00f3n Lechado - Proyecto Fade - Proyecto final carrera de dise\u00f1o gr\u00e1fico","og_description":"El proyecto final de carrera de dise\u00f1o gr\u00e1fico FADE propone herramientas que facilitan la accesibilidad para el colectivo sordo a festivales.","og_url":"https:\/\/blancfestival.com\/ramon-lechado-proyecto-fade\/","og_site_name":"Blanc!","article_publisher":"https:\/\/www.facebook.com\/blanc.festivaldissenygrafic\/","article_published_time":"2020-03-05T15:17:47+00:00","article_modified_time":"2020-04-06T16:14:04+00:00","og_image":[{"width":1920,"height":771,"url":"https:\/\/blancfestival.com\/wp-content\/uploads\/2020\/02\/destacado-proyecto-fade-ramon-lechado.jpg","type":"image\/jpeg"}],"author":"Redacci\u00f3n Blanc!","twitter_card":"summary_large_image","twitter_creator":"@blancfest","twitter_site":"@blancfest","twitter_misc":{"Written by":"Redacci\u00f3n Blanc!","Est. reading time":"3 minutes"},"schema":{"@context":"https:\/\/schema.org","@graph":[{"@type":"Article","@id":"https:\/\/blancfestival.com\/ramon-lechado-proyecto-fade\/#article","isPartOf":{"@id":"https:\/\/blancfestival.com\/ramon-lechado-proyecto-fade\/"},"author":{"name":"Redacci\u00f3n Blanc!","@id":"https:\/\/blancfestival.com\/#\/schema\/person\/1c1365d1e51e5730cf3f5fadb8670c06"},"headline":"Ram\u00f3n Lechado &#8211; Proyecto Fade","datePublished":"2020-03-05T15:17:47+00:00","dateModified":"2020-04-06T16:14:04+00:00","mainEntityOfPage":{"@id":"https:\/\/blancfestival.com\/ramon-lechado-proyecto-fade\/"},"wordCount":639,"commentCount":0,"publisher":{"@id":"https:\/\/blancfestival.com\/#organization"},"image":{"@id":"https:\/\/blancfestival.com\/ramon-lechado-proyecto-fade\/#primaryimage"},"thumbnailUrl":"https:\/\/blancfestival.com\/wp-content\/uploads\/2020\/02\/destacado-proyecto-fade-ramon-lechado.jpg","articleSection":["J\u00f3venes dise\u00f1adores"],"inLanguage":"en-US","potentialAction":[{"@type":"CommentAction","name":"Comment","target":["https:\/\/blancfestival.com\/ramon-lechado-proyecto-fade\/#respond"]}]},{"@type":"WebPage","@id":"https:\/\/blancfestival.com\/ramon-lechado-proyecto-fade\/","url":"https:\/\/blancfestival.com\/ramon-lechado-proyecto-fade\/","name":"Ram\u00f3n Lechado - Proyecto Fade - Proyecto final carrera de dise\u00f1o gr\u00e1fico","isPartOf":{"@id":"https:\/\/blancfestival.com\/#website"},"primaryImageOfPage":{"@id":"https:\/\/blancfestival.com\/ramon-lechado-proyecto-fade\/#primaryimage"},"image":{"@id":"https:\/\/blancfestival.com\/ramon-lechado-proyecto-fade\/#primaryimage"},"thumbnailUrl":"https:\/\/blancfestival.com\/wp-content\/uploads\/2020\/02\/destacado-proyecto-fade-ramon-lechado.jpg","datePublished":"2020-03-05T15:17:47+00:00","dateModified":"2020-04-06T16:14:04+00:00","description":"El proyecto final de carrera de dise\u00f1o gr\u00e1fico FADE propone herramientas que facilitan la accesibilidad para el colectivo sordo a festivales.","breadcrumb":{"@id":"https:\/\/blancfestival.com\/ramon-lechado-proyecto-fade\/#breadcrumb"},"inLanguage":"en-US","potentialAction":[{"@type":"ReadAction","target":["https:\/\/blancfestival.com\/ramon-lechado-proyecto-fade\/"]}]},{"@type":"ImageObject","inLanguage":"en-US","@id":"https:\/\/blancfestival.com\/ramon-lechado-proyecto-fade\/#primaryimage","url":"https:\/\/blancfestival.com\/wp-content\/uploads\/2020\/02\/destacado-proyecto-fade-ramon-lechado.jpg","contentUrl":"https:\/\/blancfestival.com\/wp-content\/uploads\/2020\/02\/destacado-proyecto-fade-ramon-lechado.jpg","width":1920,"height":771,"caption":"Ram\u00f3n Lechado - Proyecto Fade - Pau Gargallo - Blanc! 2019"},{"@type":"BreadcrumbList","@id":"https:\/\/blancfestival.com\/ramon-lechado-proyecto-fade\/#breadcrumb","itemListElement":[{"@type":"ListItem","position":1,"name":"Portada","item":"https:\/\/blancfestival.com\/en\/"},{"@type":"ListItem","position":2,"name":"Ram\u00f3n Lechado &#8211; Proyecto Fade"}]},{"@type":"WebSite","@id":"https:\/\/blancfestival.com\/#website","url":"https:\/\/blancfestival.com\/","name":"Blanc! Festival","description":"Dise\u00f1o, Creatividad e Innovaci\u00f3n","publisher":{"@id":"https:\/\/blancfestival.com\/#organization"},"potentialAction":[{"@type":"SearchAction","target":{"@type":"EntryPoint","urlTemplate":"https:\/\/blancfestival.com\/?s={search_term_string}"},"query-input":{"@type":"PropertyValueSpecification","valueRequired":true,"valueName":"search_term_string"}}],"inLanguage":"en-US"},{"@type":"Organization","@id":"https:\/\/blancfestival.com\/#organization","name":"Blanc! Festival de Dise\u00f1o, Creatividad e Innovaci\u00f3n","url":"https:\/\/blancfestival.com\/","logo":{"@type":"ImageObject","inLanguage":"en-US","@id":"https:\/\/blancfestival.com\/#\/schema\/logo\/image\/","url":"https:\/\/blancfestival.com\/wp-content\/uploads\/2025\/01\/logo_icono_blanc.jpg","contentUrl":"https:\/\/blancfestival.com\/wp-content\/uploads\/2025\/01\/logo_icono_blanc.jpg","width":2000,"height":2000,"caption":"Blanc! Festival de Dise\u00f1o, Creatividad e Innovaci\u00f3n"},"image":{"@id":"https:\/\/blancfestival.com\/#\/schema\/logo\/image\/"},"sameAs":["https:\/\/www.facebook.com\/blanc.festivaldissenygrafic\/","https:\/\/x.com\/blancfest","https:\/\/www.instagram.com\/blancfest\/","https:\/\/www.linkedin.com\/company\/blanc-festival","https:\/\/www.pinterest.com\/blancfest\/","https:\/\/www.youtube.com\/channel\/UCM-IjxOFb5gQg4yPgmze3Gg"]},{"@type":"Person","@id":"https:\/\/blancfestival.com\/#\/schema\/person\/1c1365d1e51e5730cf3f5fadb8670c06","name":"Redacci\u00f3n Blanc!","image":{"@type":"ImageObject","inLanguage":"en-US","@id":"https:\/\/blancfestival.com\/#\/schema\/person\/image\/","url":"https:\/\/blancfestival.com\/wp-content\/uploads\/2020\/02\/ico-120x120.png","contentUrl":"https:\/\/blancfestival.com\/wp-content\/uploads\/2020\/02\/ico-120x120.png","caption":"Redacci\u00f3n Blanc!"},"description":"\u201cNo trates de doblar la cuchara. Es imposible. En lugar de hacerlo, solo intenta darte cuenta de la verdad\u2026 No hay cuchara. Entonces, ver\u00e1s que no es la cuchara lo que se dobla, te doblas t\u00fa\u201d"}]}},"_links":{"self":[{"href":"https:\/\/blancfestival.com\/en\/wp-json\/wp\/v2\/posts\/928","targetHints":{"allow":["GET"]}}],"collection":[{"href":"https:\/\/blancfestival.com\/en\/wp-json\/wp\/v2\/posts"}],"about":[{"href":"https:\/\/blancfestival.com\/en\/wp-json\/wp\/v2\/types\/post"}],"author":[{"embeddable":true,"href":"https:\/\/blancfestival.com\/en\/wp-json\/wp\/v2\/users\/3"}],"replies":[{"embeddable":true,"href":"https:\/\/blancfestival.com\/en\/wp-json\/wp\/v2\/comments?post=928"}],"version-history":[{"count":8,"href":"https:\/\/blancfestival.com\/en\/wp-json\/wp\/v2\/posts\/928\/revisions"}],"predecessor-version":[{"id":1226,"href":"https:\/\/blancfestival.com\/en\/wp-json\/wp\/v2\/posts\/928\/revisions\/1226"}],"wp:featuredmedia":[{"embeddable":true,"href":"https:\/\/blancfestival.com\/en\/wp-json\/wp\/v2\/media\/929"}],"wp:attachment":[{"href":"https:\/\/blancfestival.com\/en\/wp-json\/wp\/v2\/media?parent=928"}],"wp:term":[{"taxonomy":"category","embeddable":true,"href":"https:\/\/blancfestival.com\/en\/wp-json\/wp\/v2\/categories?post=928"},{"taxonomy":"post_tag","embeddable":true,"href":"https:\/\/blancfestival.com\/en\/wp-json\/wp\/v2\/tags?post=928"},{"taxonomy":"evento","embeddable":true,"href":"https:\/\/blancfestival.com\/en\/wp-json\/wp\/v2\/evento?post=928"}],"curies":[{"name":"wp","href":"https:\/\/api.w.org\/{rel}","templated":true}]}}